{"id":75030,"date":"2025-10-29T01:17:12","date_gmt":"2025-10-29T01:17:12","guid":{"rendered":"https:\/\/www.europesays.com\/fi\/75030\/"},"modified":"2025-10-29T01:17:12","modified_gmt":"2025-10-29T01:17:12","slug":"keski-suomessa-kadonneet-nuoret-loytyivat","status":"publish","type":"post","link":"https:\/\/www.europesays.com\/fi\/75030\/","title":{"rendered":"Keski-Suomessa kadonneet nuoret l\u00f6ytyiv\u00e4t"},"content":{"rendered":"<p>Nuoret on l\u00f6ydetty hyv\u00e4ss\u00e4 kunnossa. <\/p>\n<p><img decoding=\"async\" class=\"image image-show image-preview\" src=\"https:\/\/www.europesays.com\/fi\/wp-content\/uploads\/2025\/08\/1756674484_439_681e234bff6a528a69e9a4d58ab244c71878e7d41f7271601e7d82edfff66857.jpg\" alt=\"\"\/><img decoding=\"async\" class=\"image image-show\" src=\"https:\/\/www.europesays.com\/fi\/wp-content\/uploads\/2025\/08\/1756182968_574_681e234bff6a528a69e9a4d58ab244c71878e7d41f7271601e7d82edfff66857.jpg\" alt=\"\"\/><\/p>\n<p>Poliisi kiitt\u00e4\u00e4 runsaista havainnoista. Jenni G\u00e4stgivar<\/p>\n<p class=\"paragraph\">Keski-Suomesta viikonloppuna kadonneet nuoret on l\u00f6ydetty, tiedottaa Sis\u00e4-Suomen poliisi.<\/p>\n<p class=\"paragraph\">Poliisin aiemmin kadonneeksi ilmoittamat 14- ja 15-vuotiaat nuoret ovat l\u00f6ytyneet hyv\u00e4ss\u00e4 kunnossa. Poliisi sai yhden havaintotiedon nuorista, jolla oli eritt\u00e4in t\u00e4rke\u00e4 merkitys nuorten l\u00f6ytymisess\u00e4.<\/p>\n<p class=\"paragraph\">Poliisi kiitt\u00e4\u00e4 kaikista asiaan liittyneist\u00e4 runsaista havainnoista.<\/p>\n","protected":false},"excerpt":{"rendered":"Nuoret on l\u00f6ydetty hyv\u00e4ss\u00e4 kunnossa. Poliisi kiitt\u00e4\u00e4 runsaista havainnoista. Jenni G\u00e4stgivar Keski-Suomesta viikonloppuna kadonneet nuoret on l\u00f6ydetty, tiedottaa&hellip;\n","protected":false},"author":2,"featured_media":21896,"comment_status":"","ping_status":"","sticky":false,"template":"","format":"standard","meta":{"footnotes":""},"categories":[12],"tags":[35,22,23,26,27,33,31,30,17,55,24,25,28,29,15,18,21,122,54,103,32,19,20,16,796],"class_list":{"0":"post-75030","1":"post","2":"type-post","3":"status-publish","4":"format-standard","5":"has-post-thumbnail","7":"category-suomi","8":"tag-24h","9":"tag-breaking-news","10":"tag-breakingnews","11":"tag-featured-news","12":"tag-featurednews","13":"tag-fi","14":"tag-finland","15":"tag-finnish","16":"tag-headlines","17":"tag-lainvalvonta","18":"tag-latest-news","19":"tag-latestnews","20":"tag-main-news","21":"tag-mainnews","22":"tag-news","23":"tag-otsikot","24":"tag-paauutiset","25":"tag-pelastaminen","26":"tag-pelastuspalvelut","27":"tag-sosiaalikysymykset","28":"tag-suomi","29":"tag-top-stories","30":"tag-topstories","31":"tag-uutiset","32":"tag-yhteiskunta"},"share_on_mastodon":{"url":"https:\/\/pubeurope.com\/@fi\/115454820192397135","error":""},"_links":{"self":[{"href":"https:\/\/www.europesays.com\/fi\/wp-json\/wp\/v2\/posts\/75030","targetHints":{"allow":["GET"]}}],"collection":[{"href":"https:\/\/www.europesays.com\/fi\/wp-json\/wp\/v2\/posts"}],"about":[{"href":"https:\/\/www.europesays.com\/fi\/wp-json\/wp\/v2\/types\/post"}],"author":[{"embeddable":true,"href":"https:\/\/www.europesays.com\/fi\/wp-json\/wp\/v2\/users\/2"}],"replies":[{"embeddable":true,"href":"https:\/\/www.europesays.com\/fi\/wp-json\/wp\/v2\/comments?post=75030"}],"version-history":[{"count":0,"href":"https:\/\/www.europesays.com\/fi\/wp-json\/wp\/v2\/posts\/75030\/revisions"}],"wp:featuredmedia":[{"embeddable":true,"href":"https:\/\/www.europesays.com\/fi\/wp-json\/wp\/v2\/media\/21896"}],"wp:attachment":[{"href":"https:\/\/www.europesays.com\/fi\/wp-json\/wp\/v2\/media?parent=75030"}],"wp:term":[{"taxonomy":"category","embeddable":true,"href":"https:\/\/www.europesays.com\/fi\/wp-json\/wp\/v2\/categories?post=75030"},{"taxonomy":"post_tag","embeddable":true,"href":"https:\/\/www.europesays.com\/fi\/wp-json\/wp\/v2\/tags?post=75030"}],"curies":[{"name":"wp","href":"https:\/\/api.w.org\/{rel}","templated":true}]}}