{"id":75041,"date":"2025-10-29T01:56:09","date_gmt":"2025-10-29T01:56:09","guid":{"rendered":"https:\/\/www.europesays.com\/fi\/75041\/"},"modified":"2025-10-29T01:56:09","modified_gmt":"2025-10-29T01:56:09","slug":"elina-kanerva-paljastaa-suhdetilanteensa-seiska","status":"publish","type":"post","link":"https:\/\/www.europesays.com\/fi\/75041\/","title":{"rendered":"Elina Kanerva paljastaa suhdetilanteensa | Seiska"},"content":{"rendered":"<p>            Timo Korhonen\n        <\/p>\n<p class=\"subtitle \">Kes\u00e4ll\u00e4 eronnut Elina kertoo j\u00e4nnitt\u00e4v\u00e4st\u00e4 el\u00e4m\u00e4nvaiheestaan.<\/p>\n<p class=\"article-content article-content-width !bg-background\"> el\u00e4\u00e4 j\u00e4nnitt\u00e4vi\u00e4 aikoja, sill\u00e4 h\u00e4n valmistelee parhaillaan lopputy\u00f6t\u00e4\u00e4n.<\/p>\n<p class=\"font-weight-bold m-font-weight-bold article-content article-content-width !bg-background\">Video: Helena Ahti-Hallberg kertoo plantaarifaskiitistaan.<\/p>\n<p class=\"article-content article-content-width !bg-background\">Elinasta tulee pian kognitiivis-ratkaisukeskeinen lyhytterapeutti.<\/p>\n<p class=\"article-content article-content-width !bg-background\">\u2013 Jouduin joskus itsekin k\u00e4ym\u00e4\u00e4n terapiassa. Opiskeltuani alaa huomaan, ett\u00e4 samaistun niihin menetelmiin ja olen saanut varmuutta asiakkaiden ongelmien ty\u00f6st\u00e4miseen ja heid\u00e4n auttamiseensa.<\/p>\n<p>Terveys on kallisarvoista<\/p>\n<p class=\"article-content article-content-width !bg-background\">Elinan mies  kuoli kev\u00e4\u00e4ll\u00e4 2022 sy\u00f6p\u00e4\u00e4n ja Elina itsekin on sairastanut sy\u00f6v\u00e4n kahdesti. Roosa nauha Tanssii t\u00e4htien kanssa -l\u00e4hetykseen saapuneella Elinalla ilta nostattaa tunteita pintaan joka vuosi.\u00a0<\/p>\n<p class=\"article-content article-content-width !bg-background\">\u2013 T\u00e4m\u00e4 on koskettava ja tunteellinen ilta. Terveys on tosi kallisarvoinen asia. Mit\u00e4 tahansa voi tapahtua milloin tahansa.<\/p>\n<p class=\"article-content article-content-width !bg-background\">\u2013 En ole en\u00e4\u00e4 nuori, joten haluan pit\u00e4\u00e4 itsest\u00e4ni huolta niin hyvin kuin voin. Liikun paljon ja sy\u00f6n terveellisesti. Aina se ei toki riit\u00e4, mutta ainakin olen tehnyt parhaani.<\/p>\n<p class=\"article-content article-content-width !bg-background\"> IT-asiantuntijana ty\u00f6skentelev\u00e4 Elina <a href=\"https:\/\/www.seiska.fi\/kotimaa\/elina-kanervan-vauvakuume-vaunut-on-jo-katsottu\/1934262\" target=\"_blank\" rel=\"nofollow noopener\">palasi jokin aika sitten takaisin ty\u00f6el\u00e4m\u00e4\u00e4n toivuttuaan kivuliaasta v\u00e4lilevynpullistumasta.<\/a> <\/p>\n<p>        <a itemprop=\"url\" href=\"https:\/\/www.seiska.fi\/kotimaa\/podcast-elina-kanerva-kertoo-miksi-ilkka-kanervan-sairastuminen-salattiin-tasta-syovasta-oli-kyse\/1882980\" rel=\"nofollow noopener\" target=\"_blank\"><\/p>\n<p>\nT\u00e4t\u00e4 sy\u00f6p\u00e4\u00e4 Ilkka Kanerva sairasti\n<\/p>\n<p class=\"section-date\">\n        <strong class=\"article-section\" data-section=\"kotimaa\"><br \/>\n            kotimaa<br \/>\n        <\/strong><br \/>\n        29.7. 13:04\n    <\/p>\n<p>Podcast: Elina Kanerva kertoo, miksi Ilkka Kanervan sairastuminen salattiin \u2013 t\u00e4st\u00e4 sy\u00f6v\u00e4st\u00e4 oli kyse\n    <\/p>\n<p itemprop=\"description\" class=\"subtitle \">\n    Itsekin sy\u00f6v\u00e4n sel\u00e4tt\u00e4nyt Elina piti tiedon Ilkan sairaudesta itsell\u00e4\u00e4n vuosien ajan.\n<\/p>\n<p>        <\/a><\/p>\n<p>Uutta draivia<\/p>\n<p class=\"article-content article-content-width !bg-background\">Viime vuonna <a href=\"https:\/\/www.seiska.fi\/terveys\/nain-elina-kanerva-onnistui-elamanmuutoksessaan-tuskailin-pitkaan-painoni-kanssa\/1501363\" target=\"_blank\" rel=\"nofollow noopener\">Elina kertoi Seiskalle l\u00f6yt\u00e4neensa viimein vuosien j\u00e4lkeen oikean treeniohjelman ja ruokavalion. <\/a>T\u00e4n\u00e4 vuonna iskenyt \u00e4lilevynpullistuma haittasi tietysti urheilemista, mutta toivuttuaan Elina on jatkanut treenien parissa.<\/p>\n<p class=\"article-content article-content-width !bg-background\">\u2013 Minulla on uutta intoa ja draivia, ja olen taas arjessa kiinni vahvasti, Elina sanoo iloisena.<\/p>\n<p>                <img decoding=\"async\" src=\"https:\/\/www.europesays.com\/fi\/wp-content\/uploads\/2025\/10\/1974220.webp\" width=\"576\" height=\"720\" alt=\"Sporttikummitoimintaan l\u00e4htenyt Elina odottaa, ett\u00e4 l\u00f6yt\u00e4\u00e4 lapsen jonka kanssa voi liikkua ja harrastaa.\" loading=\"lazy\" \/>            <\/p>\n<p>\n            Sporttikummitoimintaan l\u00e4htenyt Elina odottaa, ett\u00e4 l\u00f6yt\u00e4\u00e4 lapsen jonka kanssa voi liikkua ja harrastaa.<br \/>\n            Timo Korhonen\n        <\/p>\n<p>&#8221;T\u00e4rke\u00e4 ihminen&#8221;<\/p>\n<p class=\"article-content article-content-width !bg-background\">Kes\u00e4ll\u00e4 Elina kertoi <a href=\"https:\/\/www.is.fi\/menaiset\/ihmiset-ja-suhteet\/art-2000011229917.html\" target=\"_blank\" rel=\"nofollow noopener\">Me Naisille eronneensa<\/a>. Nyt h\u00e4n paljastaa Seiskalle nykyisen suhdetilanteensa.<\/p>\n<p class=\"article-content article-content-width !bg-background\">\u2013 Minulla on el\u00e4m\u00e4ss\u00e4ni t\u00e4rke\u00e4 ihminen. Olemme yst\u00e4vi\u00e4. Olemme tosi paljon tekemisiss\u00e4. Se on t\u00e4ss\u00e4 tilanteessa minulle tosi hyv\u00e4.<\/p>\n<p class=\"article-content article-content-width !bg-background\">Elina sanoo omassa el\u00e4m\u00e4ss\u00e4\u00e4n olevan nyt niin paljon tekeill\u00e4, ett\u00e4 h\u00e4nen aikansa on rajallista.<\/p>\n<p class=\"article-content article-content-width !bg-background\">\u2013 T\u00e4llainen tilanne k\u00e4y minulle eritt\u00e4in hyvin.<\/p>\n<p>        <a itemprop=\"url\" href=\"https:\/\/www.seiska.fi\/kotimaa\/elina-kanervan-vauvakuume-vaunut-on-jo-katsottu\/1934262\" rel=\"nofollow noopener\" target=\"_blank\"><\/p>\n<p>\n&#8221;Vaunut on jo katsottu&#8221;\n<\/p>\n<p class=\"section-date\">\n        <strong class=\"article-section\" data-section=\"kotimaa\"><br \/>\n            kotimaa<br \/>\n        <\/strong><br \/>\n        17.9. 18:00\n    <\/p>\n<p>Elina Kanervan vauvakuume: &#8221;Vaunut on jo katsottu&#8221;\n    <\/p>\n<p itemprop=\"description\" class=\"subtitle \">\n    Kiireinen nainen k\u00e4y j\u00e4lleen my\u00f6s treffeill\u00e4. Uusi intohimo l\u00f6ytyy kuitenkin muualta.\n<\/p>\n<p>        <\/a><\/p>\n","protected":false},"excerpt":{"rendered":"Timo Korhonen Kes\u00e4ll\u00e4 eronnut Elina kertoo j\u00e4nnitt\u00e4v\u00e4st\u00e4 el\u00e4m\u00e4nvaiheestaan. el\u00e4\u00e4 j\u00e4nnitt\u00e4vi\u00e4 aikoja, sill\u00e4 h\u00e4n valmistelee parhaillaan lopputy\u00f6t\u00e4\u00e4n. Video: Helena&hellip;\n","protected":false},"author":2,"featured_media":75042,"comment_status":"","ping_status":"","sticky":false,"template":"","format":"standard","meta":{"footnotes":""},"categories":[136],"tags":[407,10466,137,33,31,30,2233,14465,408,16147,11333,651,32,167,939,109],"class_list":{"0":"post-75041","1":"post","2":"type-post","3":"status-publish","4":"format-standard","5":"has-post-thumbnail","7":"category-julkkikset","8":"tag-celebrities","9":"tag-elina-kanerva","10":"tag-entertainment","11":"tag-fi","12":"tag-finland","13":"tag-finnish","14":"tag-hyvinvointi","15":"tag-ilkka-kanerva","16":"tag-julkkikset","17":"tag-kognitiivis-ratkaisukeskeinen-lyhytterapeutti","18":"tag-suhdetilanne","19":"tag-suhteet","20":"tag-suomi","21":"tag-terveys","22":"tag-tyo","23":"tag-viihde"},"share_on_mastodon":{"url":"https:\/\/pubeurope.com\/@fi\/115454973362899070","error":""},"_links":{"self":[{"href":"https:\/\/www.europesays.com\/fi\/wp-json\/wp\/v2\/posts\/75041","targetHints":{"allow":["GET"]}}],"collection":[{"href":"https:\/\/www.europesays.com\/fi\/wp-json\/wp\/v2\/posts"}],"about":[{"href":"https:\/\/www.europesays.com\/fi\/wp-json\/wp\/v2\/types\/post"}],"author":[{"embeddable":true,"href":"https:\/\/www.europesays.com\/fi\/wp-json\/wp\/v2\/users\/2"}],"replies":[{"embeddable":true,"href":"https:\/\/www.europesays.com\/fi\/wp-json\/wp\/v2\/comments?post=75041"}],"version-history":[{"count":0,"href":"https:\/\/www.europesays.com\/fi\/wp-json\/wp\/v2\/posts\/75041\/revisions"}],"wp:featuredmedia":[{"embeddable":true,"href":"https:\/\/www.europesays.com\/fi\/wp-json\/wp\/v2\/media\/75042"}],"wp:attachment":[{"href":"https:\/\/www.europesays.com\/fi\/wp-json\/wp\/v2\/media?parent=75041"}],"wp:term":[{"taxonomy":"category","embeddable":true,"href":"https:\/\/www.europesays.com\/fi\/wp-json\/wp\/v2\/categories?post=75041"},{"taxonomy":"post_tag","embeddable":true,"href":"https:\/\/www.europesays.com\/fi\/wp-json\/wp\/v2\/tags?post=75041"}],"curies":[{"name":"wp","href":"https:\/\/api.w.org\/{rel}","templated":true}]}}