{"id":75054,"date":"2025-10-29T02:33:07","date_gmt":"2025-10-29T02:33:07","guid":{"rendered":"https:\/\/www.europesays.com\/fi\/75054\/"},"modified":"2025-10-29T02:33:07","modified_gmt":"2025-10-29T02:33:07","slug":"elon-musk-haluaa-1-000-000-000-000-dollarin-optiot-teslalta-ja-uhkaa-lahtea-jos-niita-ei-hyvaksyta","status":"publish","type":"post","link":"https:\/\/www.europesays.com\/fi\/75054\/","title":{"rendered":"Elon Musk haluaa 1\u202f000\u202f000\u202f000\u202f000 dollarin optiot Teslalta ja uhkaa l\u00e4hte\u00e4, jos niit\u00e4 ei hyv\u00e4ksyt\u00e4"},"content":{"rendered":"<p>Tulospalkkiot|Yhti\u00f6n hallitus patistelee osakkeenomistajia hyv\u00e4ksym\u00e4\u00e4n optio-ohjelman ensi viikon kokouksessa.<\/p>\n<p class=\"article-body mb-nof-24 px-nof-16\">Autonvalmistaja Teslan hallituksen puheenjohtaja <a class=\"article-personlink\" href=\"https:\/\/www.hs.fi\/haku\/?query=Robyn%20Denholm\" rel=\"nofollow noopener\" target=\"_blank\">Robyn Denholm<\/a> hehkuttaa yhti\u00f6n toimitusjohtajan <a class=\"article-personlink\" href=\"https:\/\/www.hs.fi\/haku\/?query=Elon%20Muskin\" rel=\"nofollow noopener\" target=\"_blank\">Elon Muskin<\/a> korvaamattomuutta, kun ensi viikon yhti\u00f6kokous l\u00e4henee. Musk on uhannut j\u00e4tt\u00e4\u00e4 toimitusjohtajuuden, jos h\u00e4nelle ei my\u00f6nnet\u00e4 eritt\u00e4in suurta optio-ohjelmaa.<\/p>\n<p class=\"article-body mb-nof-24 px-nof-16\">Denholm patistelee yhti\u00f6n suuria osakkeenomistajia hyv\u00e4ksym\u00e4\u00e4n Muskin haluaman optio-ohjelman, jonka arvo saattaa noin kymmenen vuoden kuluessa nousta jopa biljoonaan dollariin eli noin 858 miljardiin euroon, kertoo sanomalehti <a class=\"article-genericlink\" href=\"https:\/\/www.ft.com\/content\/81fece48-0d1f-4164-b9aa-3a82ed9199fe\" rel=\"nofollow noopener\" target=\"_blank\">Financial Times<\/a>.<\/p>\n<p class=\"article-body mb-nof-24 px-nof-16\">Maanantaina Denholm l\u00e4hetti osakkeenomistajille kirjeen, jossa h\u00e4n muistutti, ett\u00e4 Musk saattaa l\u00e4hte\u00e4 toimitusjohtajan paikalta, jos optio-ohjelmaa ei hyv\u00e4ksyt\u00e4, kertoi uutistoimisto <a class=\"article-genericlink\" href=\"https:\/\/www.reuters.com\/legal\/transactional\/musk-could-leave-tesla-if-1-trillion-pay-plan-is-rejected-chair-warns-2025-10-27\/\" rel=\"nofollow noopener\" target=\"_blank\">Reuters<\/a>. Asiasta on m\u00e4\u00e4r\u00e4\u00e4 p\u00e4\u00e4tt\u00e4\u00e4 osakkaiden kokouksessa 6.\u202fmarraskuuta.<\/p>\n<p class=\"article-body mb-nof-24 px-nof-16\">Optio-ohjelman kokoa voi luonnehtia t\u00e4htitieteelliseksi. Biljoona on tuhat miljardia eli miljoona miljoonaa. Luvussa on ykk\u00f6nen ja 12 nollaa. Englanniksi se on trillion.<\/p>\n<p class=\"article-body mb-nof-24 px-nof-16\">Lukua voi verrata esimerkiksi siihen, ett\u00e4 Suomen bruttokansantuote on runsaat 270 miljardia euroa.<\/p>\n<p class=\"article-body mb-nof-24 px-nof-16\">Tesla julkisti yhti\u00f6n hallituksen esitt\u00e4m\u00e4n optio-ohjelman syyskuussa.<\/p>\n<p class=\"article-body mb-nof-24 px-nof-16\">Se antaisi Muskille 12 er\u00e4\u00e4 optioita eri vaiheissa. Ne olisi sidottu m\u00e4\u00e4riteltyihin tavoitteisiin, kuten Teslan markkina-arvon moninkertaistumiseen vaiheittain kymmeness\u00e4 vuodessa, tiettyihin k\u00e4ytt\u00f6kate\u00adtavoitteisiin sek\u00e4 tiettyjen tuotteiden tuotantom\u00e4\u00e4riin, kertoo talousuutiskanava <a class=\"article-genericlink\" href=\"https:\/\/www.cnbc.com\/2025\/10\/27\/tesla-musk-pay-shareholder-vote.html\" rel=\"nofollow noopener\" target=\"_blank\">CNBC<\/a>.<\/p>\n<p class=\"article-body mb-nof-24 px-nof-16\">Tavoitteet ovat eritt\u00e4in kunnianhimoisia eik\u00e4 ole lainkaan varmaa, ett\u00e4 niihin koskaan p\u00e4\u00e4st\u00e4\u00e4n. Musk voisi silti saada miljardeja vaikka yhti\u00f6 ei p\u00e4\u00e4sisi suureen osaan tavoitteista, kertoi <a class=\"article-genericlink\" href=\"https:\/\/www.reuters.com\/legal\/transactional\/musks-record-tesla-package-will-pay-him-tens-billions-even-if-he-misses-most-2025-10-09\/\" rel=\"nofollow noopener\" target=\"_blank\">Reuters <\/a>lokakuussa.<\/p>\n<p class=\"article-body mb-nof-24 px-nof-16\">Yhti\u00f6n hallituksen mielest\u00e4 on joka tapauksessa hyvin t\u00e4rke\u00e4\u00e4, ett\u00e4 juuri Musk johtaa Teslaa.<\/p>\n<p class=\"article-body mb-nof-24 px-nof-16\">\u201dEi yksinkertaisesti ole ket\u00e4\u00e4n [muuta], organisaation sis\u00e4- tai ulkopuolella, joka olisi Elon t\u00e4ll\u00e4 hetkell\u00e4\u201d, puheenjohtaja Denholm sanoi Financial Timesille.<\/p>\n<p class=\"article-body mb-nof-24 px-nof-16\">\u201dT\u00e4m\u00e4 on \u00e4\u00e4nestys osakkaille Teslan tulevaisuudesta\u201d, h\u00e4n kuvaili ensi viikon yhti\u00f6kokousta.<\/p>\n<p class=\"article-body mb-nof-24 px-nof-16\">Yhti\u00f6n hallitus haluaa, ett\u00e4 Musk panostaa kunnolla Teslan johtamiseen, kertoo <a class=\"article-genericlink\" href=\"https:\/\/edition.cnn.com\/2025\/09\/07\/business\/elon-musk-tesla-trillion\" rel=\"nofollow noopener\" target=\"_blank\">CNN<\/a>. Musk on viime aikoina k\u00e4ytt\u00e4nyt aikaansa moneen muuhunkin asiaan, kuten xAI-, SpaceX- ja Starlink-yhti\u00f6iden johtamiseen sek\u00e4 alkuvuodesta Yhdysvaltojen hallinnon tehokuudesta vastaavan viraston johtamiseen.<\/p>\n","protected":false},"excerpt":{"rendered":"Tulospalkkiot|Yhti\u00f6n hallitus patistelee osakkeenomistajia hyv\u00e4ksym\u00e4\u00e4n optio-ohjelman ensi viikon kokouksessa. Autonvalmistaja Teslan hallituksen puheenjohtaja Robyn Denholm hehkuttaa yhti\u00f6n toimitusjohtajan&hellip;\n","protected":false},"author":2,"featured_media":75055,"comment_status":"","ping_status":"","sticky":false,"template":"","format":"standard","meta":{"footnotes":""},"categories":[76],"tags":[79,77,33,31,30,46,32,78],"class_list":{"0":"post-75054","1":"post","2":"type-post","3":"status-publish","4":"format-standard","5":"has-post-thumbnail","7":"category-talous","8":"tag-business","9":"tag-economy","10":"tag-fi","11":"tag-finland","12":"tag-finnish","13":"tag-helsingin-sanomat","14":"tag-suomi","15":"tag-talous"},"share_on_mastodon":{"url":"https:\/\/pubeurope.com\/@fi\/115455118718050668","error":""},"_links":{"self":[{"href":"https:\/\/www.europesays.com\/fi\/wp-json\/wp\/v2\/posts\/75054","targetHints":{"allow":["GET"]}}],"collection":[{"href":"https:\/\/www.europesays.com\/fi\/wp-json\/wp\/v2\/posts"}],"about":[{"href":"https:\/\/www.europesays.com\/fi\/wp-json\/wp\/v2\/types\/post"}],"author":[{"embeddable":true,"href":"https:\/\/www.europesays.com\/fi\/wp-json\/wp\/v2\/users\/2"}],"replies":[{"embeddable":true,"href":"https:\/\/www.europesays.com\/fi\/wp-json\/wp\/v2\/comments?post=75054"}],"version-history":[{"count":0,"href":"https:\/\/www.europesays.com\/fi\/wp-json\/wp\/v2\/posts\/75054\/revisions"}],"wp:featuredmedia":[{"embeddable":true,"href":"https:\/\/www.europesays.com\/fi\/wp-json\/wp\/v2\/media\/75055"}],"wp:attachment":[{"href":"https:\/\/www.europesays.com\/fi\/wp-json\/wp\/v2\/media?parent=75054"}],"wp:term":[{"taxonomy":"category","embeddable":true,"href":"https:\/\/www.europesays.com\/fi\/wp-json\/wp\/v2\/categories?post=75054"},{"taxonomy":"post_tag","embeddable":true,"href":"https:\/\/www.europesays.com\/fi\/wp-json\/wp\/v2\/tags?post=75054"}],"curies":[{"name":"wp","href":"https:\/\/api.w.org\/{rel}","templated":true}]}}