{"id":75058,"date":"2025-10-29T02:48:14","date_gmt":"2025-10-29T02:48:14","guid":{"rendered":"https:\/\/www.europesays.com\/fi\/75058\/"},"modified":"2025-10-29T02:48:14","modified_gmt":"2025-10-29T02:48:14","slug":"laulaja-anna-puu-viettaa-nahkahaapaivaa-tata-se-tarkoittaa","status":"publish","type":"post","link":"https:\/\/www.europesays.com\/fi\/75058\/","title":{"rendered":"Laulaja Anna Puu viett\u00e4\u00e4 nahkah\u00e4\u00e4p\u00e4iv\u00e4\u00e4 \u2013 t\u00e4t\u00e4 se tarkoittaa"},"content":{"rendered":"<p class=\"ingress\">Laulaja Anna Puu ja tuottaja Jukka Immonen viett\u00e4v\u00e4t nahkah\u00e4\u00e4p\u00e4iv\u00e4\u00e4. Tied\u00e4tk\u00f6, mit\u00e4 h\u00e4\u00e4p\u00e4iv\u00e4n nimitys tarkoittaa?<\/p>\n<p>Laulaja <strong>Anna Puu<\/strong> ja tuottaja <strong>Jukka Immonen<\/strong> viett\u00e4v\u00e4t nahkah\u00e4\u00e4p\u00e4iv\u00e4\u00e4. Anna Puu julkaisi merkkip\u00e4iv\u00e4n kunniaksi kuvapalvelu <a href=\"https:\/\/www.instagram.com\/reel\/DQWZBUKDDpo\/?igsh=MTM2ZHh0MTJ4dnN5eA==\" rel=\"nofollow noopener\" target=\"_blank\">Instagramissa<\/a> videon pariskunnan yhteiselt\u00e4 veneajelulta.<\/p>\n<p>\u201dSmooth sailing! Hyv\u00e4\u00e4 nahkah\u00e4\u00e4p\u00e4iv\u00e4\u00e4 meille\u201d, Anna Puu kirjoittaa p\u00e4ivityksess\u00e4\u00e4n.<\/p>\n<p>P\u00e4ivitykseen satelee onnitteluita tunnetuilta julkisuuden henkil\u00f6ilt\u00e4.<\/p>\n<p>\u201dIhana nahkiaiset!\u201d kommentoi toimittaja <strong>Maria Veitola<\/strong>.<\/p>\n<p>\u201dOnnea\u201d, toivottaa kokki <strong>Pipsa Hurmerinta<\/strong>.<\/p>\n<p>\u201dOnnea kyyhkyl\u00e4isille\u201d, kirjoittaa Hidasta el\u00e4m\u00e4\u00e4 -verkkomedian perustaja <strong>Pequ Nieminen<\/strong>.<\/p>\n<p>Anna ja Jukka <a href=\"https:\/\/anna.fi\/ihmiset\/anna-puu-oli-varannut-haitaan-varten-viinitilan-italiasta-mutta-paikka-vaihtui-omaan-olohuoneeseen-oli-pakko-paastaa-irti-siita-unelmasta\" rel=\"nofollow noopener\" target=\"_blank\">avioituivat<\/a> syksyll\u00e4 2022 kotonaan flyygelin \u00e4\u00e4ress\u00e4 l\u00e4himpien ihmisten ymp\u00e4r\u00f6im\u00e4n\u00e4. Nahkah\u00e4\u00e4p\u00e4iv\u00e4ll\u00e4 tarkoitetaan siis kolmatta h\u00e4\u00e4p\u00e4iv\u00e4\u00e4. Tied\u00e4tk\u00f6 sin\u00e4, mist\u00e4 naimisiinmenon vuosip\u00e4iv\u00e4n nimi tulee?<\/p>\n<p><strong>Lue my\u00f6s: <\/strong><a href=\"https:\/\/anna.fi\/ihmiset\/anna-puu-oli-varannut-haitaan-varten-viinitilan-italiasta-mutta-paikka-vaihtui-omaan-olohuoneeseen-oli-pakko-paastaa-irti-siita-unelmasta\" rel=\"nofollow noopener\" target=\"_blank\">Anna Puu oli varannut h\u00e4it\u00e4\u00e4n varten viinitilan Italiasta, mutta paikka vaihtui omaan olohuoneeseen: \u201dOli pakko p\u00e4\u00e4st\u00e4\u00e4 irti siit\u00e4 unelmasta\u201d<\/a><\/p>\n<p>Nahkah\u00e4\u00e4p\u00e4iv\u00e4n\u00e4 lahjaksi jotakin nahkaista<\/p>\n<p>H\u00e4\u00e4p\u00e4ivien nimitykset symboloivat liiton kestoa ja parin siteen vahvuutta, kertoo <a href=\"https:\/\/anna.fi\/ihmiset\/suhteet\/haapaivien-nimet-pumpulihaat-nahkahaat-tinahaat-ota-selvaa-mita-haapaivaa-te-vietatte-seuraavaksi\" rel=\"nofollow noopener\" target=\"_blank\">Annan<\/a> juttu vuodelta 2019. Perinteen mukaan puolisot antavat toisilleen h\u00e4\u00e4p\u00e4iv\u00e4n\u00e4\u00e4n teemanimen mukaisia lahjoja. Nahkah\u00e4\u00e4p\u00e4iv\u00e4n\u00e4 omaa siippaa voisi siis muistaa esimerkiksi nahkahansikkailla, -k\u00e4silaukulla tai -lompakolla.<\/p>\n<p>Materiaalit kovenevat sit\u00e4 mukaan mit\u00e4 enemm\u00e4n aviovuosia h\u00e4\u00e4parilla on takanaan. Esimerkiksi ensimm\u00e4isen\u00e4 vuosip\u00e4iv\u00e4n\u00e4 aviopari juhlii pumpulih\u00e4it\u00e4, 10-vuotish\u00e4\u00e4p\u00e4iv\u00e4n\u00e4 tinah\u00e4it\u00e4, 50-vuotish\u00e4\u00e4p\u00e4iv\u00e4n\u00e4 kultah\u00e4it\u00e4 ja 60-vuotish\u00e4\u00e4p\u00e4iv\u00e4n\u00e4 timanttih\u00e4it\u00e4.<\/p>\n<p>Katso listasta Suomessa k\u00e4yt\u00f6ss\u00e4 olevat h\u00e4\u00e4p\u00e4ivien nimitykset:<\/p>\n<ul class=\"wp-block-list\">\n<li>1. vuosi: pumpulih\u00e4\u00e4t (tai paperih\u00e4\u00e4t)<\/li>\n<li>2. vuosi: paperih\u00e4\u00e4t (tai pumpulih\u00e4\u00e4t)<\/li>\n<li>3. vuosi: nahkah\u00e4\u00e4t<\/li>\n<li>4. vuosi: keramiikkah\u00e4\u00e4t (tai\u00a0kukka-\/hedelm\u00e4h\u00e4\u00e4t)<\/li>\n<li>5. vuosi: puuh\u00e4\u00e4t<\/li>\n<li>6. vuosi: sokerih\u00e4\u00e4t (tai rautah\u00e4\u00e4t)<\/li>\n<li>7. vuosi: villah\u00e4\u00e4t<\/li>\n<li>8. vuosi: pronssih\u00e4\u00e4t (tai kumih\u00e4\u00e4t)<\/li>\n<li>9. vuosi: kromih\u00e4\u00e4t (pellavah\u00e4\u00e4t)<\/li>\n<li>10. vuosi: tinah\u00e4\u00e4t (tai posliinih\u00e4\u00e4t)<\/li>\n<li>11. vuosi: ter\u00e4sh\u00e4\u00e4t<\/li>\n<li>12. vuosi: silkkih\u00e4\u00e4t<\/li>\n<li>12,5. vuotta: kuparih\u00e4\u00e4t<\/li>\n<li>13. vuosi: pitsih\u00e4\u00e4t<\/li>\n<li>14. vuosi: norsunluuh\u00e4\u00e4t<\/li>\n<li>15. vuosi: kristallih\u00e4\u00e4t<\/li>\n<li>20. vuosi: posliinih\u00e4\u00e4t (tai pronssih\u00e4\u00e4t)<\/li>\n<li>25. vuosi: hopeah\u00e4\u00e4t<\/li>\n<li>30. vuosi: helmih\u00e4\u00e4t<\/li>\n<li>35. vuosi: korallih\u00e4\u00e4t<\/li>\n<li>40. vuosi: rubiinih\u00e4\u00e4t<\/li>\n<li>45. vuosi: safiirih\u00e4\u00e4t<\/li>\n<li>50. vuosi: kultah\u00e4\u00e4t<\/li>\n<li>55. vuosi: smaragdih\u00e4\u00e4t<\/li>\n<li>60. vuosi: timanttih\u00e4\u00e4t<\/li>\n<li>65. vuosi: kruununtimanttih\u00e4\u00e4t<\/li>\n<li>70. vuosi: rautah\u00e4\u00e4t<\/li>\n<li>80. vuosi: platinah\u00e4\u00e4t<\/li>\n<li>85.vuosi: kuukivih\u00e4\u00e4t<\/li>\n<\/ul>\n<p>L\u00e4hde: <a href=\"https:\/\/anna.fi\/ihmiset\/suhteet\/haapaivien-nimet-pumpulihaat-nahkahaat-tinahaat-ota-selvaa-mita-haapaivaa-te-vietatte-seuraavaksi\" rel=\"nofollow noopener\" target=\"_blank\">Anna<\/a><\/p>\n<p><strong>Lue my\u00f6s: <\/strong><a href=\"https:\/\/anna.fi\/ihmiset\/suhteet\/haapaivien-nimet-pumpulihaat-nahkahaat-tinahaat-ota-selvaa-mita-haapaivaa-te-vietatte-seuraavaksi\" rel=\"nofollow noopener\" target=\"_blank\">H\u00e4\u00e4p\u00e4ivien nimet: pumpulih\u00e4\u00e4t, nahkah\u00e4\u00e4t, tinah\u00e4\u00e4t\u2026 Ota selv\u00e4\u00e4, mit\u00e4 h\u00e4\u00e4p\u00e4iv\u00e4\u00e4 te viet\u00e4tte seuraavaksi!<\/a><\/p>\n<p>    Sinua voi kiinnostaa my\u00f6s:<\/p>\n<ol class=\"read-also__list\">\n<li>\n<p>            <img loading=\"lazy\" decoding=\"async\" class=\"card__image awpo-lqip awpo-lazy\" width=\"2560\" height=\"1707\" src=\"https:\/\/www.europesays.com\/fi\/wp-content\/uploads\/2025\/10\/anna-puu-second-scaled.jpg\"\/>                <a href=\"https:\/\/anna.fi\/kategoria\/lifestyle\/muoti\" class=\"card__vignette\" rel=\"nofollow noopener\" target=\"_blank\"><br \/>\n            Muoti          <\/a><\/p>\n<p>      <a href=\"https:\/\/anna.fi\/lifestyle\/muoti\/anna-puun-kierratys\" class=\"card__link-overlay\" rel=\"nofollow noopener\" target=\"_blank\">Anna Puu ostaa suuren osan vaatteistaan k\u00e4ytettyn\u00e4, mutta yhteen asiaan h\u00e4n ei en\u00e4\u00e4 aio sortua<\/a><\/p>\n<\/li>\n<li>\n<p>            <img loading=\"lazy\" decoding=\"async\" class=\"card__image awpo-lqip awpo-lazy\" width=\"1495\" height=\"934\" src=\"https:\/\/www.europesays.com\/fi\/wp-content\/uploads\/2025\/10\/annapuu.jpg\"\/>                <a href=\"https:\/\/anna.fi\/kategoria\/ihmiset\" class=\"card__vignette\" rel=\"nofollow noopener\" target=\"_blank\"><br \/>\n            Ihmiset          <\/a><\/p>\n<p>      <a href=\"https:\/\/anna.fi\/ihmiset\/anna-puu-jakoi-hellyttavan-kuvan\" class=\"card__link-overlay\" rel=\"nofollow noopener\" target=\"_blank\">Anna Puu julkaisi h\u00e4\u00e4p\u00e4iv\u00e4n\u00e4\u00e4n hellytt\u00e4v\u00e4n kuvan: \u201dJoka p\u00e4iv\u00e4 valitsen sut!\u201d<\/a><\/p>\n<\/li>\n<li>\n<p>            <img loading=\"lazy\" decoding=\"async\" class=\"card__image awpo-lqip awpo-lazy\" width=\"2560\" height=\"1625\" src=\"https:\/\/www.europesays.com\/fi\/wp-content\/uploads\/2025\/10\/5443188-scaled.jpeg\"\/>                <a href=\"https:\/\/anna.fi\/kategoria\/ihmiset\" class=\"card__vignette\" rel=\"nofollow noopener\" target=\"_blank\"><br \/>\n            Ihmiset          <\/a><\/p>\n<p>      <a href=\"https:\/\/anna.fi\/ihmiset\/anna-puu-oli-varannut-haitaan-varten-viinitilan-italiasta-mutta-paikka-vaihtui-omaan-olohuoneeseen-oli-pakko-paastaa-irti-siita-unelmasta\" class=\"card__link-overlay\" rel=\"nofollow noopener\" target=\"_blank\">Anna Puu oli varannut h\u00e4it\u00e4\u00e4n varten viinitilan Italiasta, mutta paikka vaihtui omaan olohuoneeseen: \u201dOli pakko p\u00e4\u00e4st\u00e4\u00e4 irti siit\u00e4 unelmasta\u201d<\/a><\/p>\n<\/li>\n<\/ol>\n<p>      <script async src=\"\/\/www.instagram.com\/embed.js\"><\/script><\/p>\n","protected":false},"excerpt":{"rendered":"Laulaja Anna Puu ja tuottaja Jukka Immonen viett\u00e4v\u00e4t nahkah\u00e4\u00e4p\u00e4iv\u00e4\u00e4. Tied\u00e4tk\u00f6, mit\u00e4 h\u00e4\u00e4p\u00e4iv\u00e4n nimitys tarkoittaa? Laulaja Anna Puu ja&hellip;\n","protected":false},"author":2,"featured_media":75059,"comment_status":"","ping_status":"","sticky":false,"template":"","format":"standard","meta":{"footnotes":""},"categories":[136],"tags":[6664,407,137,33,31,30,16148,1208,9321,408,32,109],"class_list":{"0":"post-75058","1":"post","2":"type-post","3":"status-publish","4":"format-standard","5":"has-post-thumbnail","7":"category-julkkikset","8":"tag-anna-puu","9":"tag-celebrities","10":"tag-entertainment","11":"tag-fi","12":"tag-finland","13":"tag-finnish","14":"tag-haapaivat","15":"tag-haat","16":"tag-jukka-immonen","17":"tag-julkkikset","18":"tag-suomi","19":"tag-viihde"},"share_on_mastodon":{"url":"https:\/\/pubeurope.com\/@fi\/115455177837498434","error":""},"_links":{"self":[{"href":"https:\/\/www.europesays.com\/fi\/wp-json\/wp\/v2\/posts\/75058","targetHints":{"allow":["GET"]}}],"collection":[{"href":"https:\/\/www.europesays.com\/fi\/wp-json\/wp\/v2\/posts"}],"about":[{"href":"https:\/\/www.europesays.com\/fi\/wp-json\/wp\/v2\/types\/post"}],"author":[{"embeddable":true,"href":"https:\/\/www.europesays.com\/fi\/wp-json\/wp\/v2\/users\/2"}],"replies":[{"embeddable":true,"href":"https:\/\/www.europesays.com\/fi\/wp-json\/wp\/v2\/comments?post=75058"}],"version-history":[{"count":0,"href":"https:\/\/www.europesays.com\/fi\/wp-json\/wp\/v2\/posts\/75058\/revisions"}],"wp:featuredmedia":[{"embeddable":true,"href":"https:\/\/www.europesays.com\/fi\/wp-json\/wp\/v2\/media\/75059"}],"wp:attachment":[{"href":"https:\/\/www.europesays.com\/fi\/wp-json\/wp\/v2\/media?parent=75058"}],"wp:term":[{"taxonomy":"category","embeddable":true,"href":"https:\/\/www.europesays.com\/fi\/wp-json\/wp\/v2\/categories?post=75058"},{"taxonomy":"post_tag","embeddable":true,"href":"https:\/\/www.europesays.com\/fi\/wp-json\/wp\/v2\/tags?post=75058"}],"curies":[{"name":"wp","href":"https:\/\/api.w.org\/{rel}","templated":true}]}}