{"id":75086,"date":"2025-10-29T03:44:09","date_gmt":"2025-10-29T03:44:09","guid":{"rendered":"https:\/\/www.europesays.com\/fi\/75086\/"},"modified":"2025-10-29T03:44:09","modified_gmt":"2025-10-29T03:44:09","slug":"mita-tapahtui-kulisseissa-kun-iron-maiden-solisti-ilmestyi-laulamaan-yhdysvaltain-kansallislaulua-jaakiekkopeliin-katsotaanpa-tasta","status":"publish","type":"post","link":"https:\/\/www.europesays.com\/fi\/75086\/","title":{"rendered":"Mit\u00e4 tapahtui kulisseissa, kun Iron Maiden -solisti ilmestyi laulamaan Yhdysvaltain kansallislaulua j\u00e4\u00e4kiekkopeliin? Katsotaanpa t\u00e4st\u00e4"},"content":{"rendered":"<p>Iron Maiden -laulaja Bruce Dickinson lauloi Yhdysvaltain kansallislaulun Los Angeles Kingsin ja Colorado Avalanchen v\u00e4lisess\u00e4 NHL-ottelussa 7. lokakuuta.<\/p>\n<p>Nyt Los Angeles Kingsin Youtube-kanavalla on julkaistu 8-minuuttinen kooste Dickinsonin vierailusta pelipaikkana toimineen Crypto.com Arenan uumenista. Voit katsoa sen tuosta alta.<\/p>\n<p>Dickinson ei suinkaan ollut ensimm\u00e4ist\u00e4 kertaa pappia kyydiss\u00e4 T\u00e4htiviirin julkisen luikauttamisen tiimoilta, sill\u00e4 mies lauloi saman kappaleen syyskuussa Pittsburgh Steelersin ja Seattle Seahawksin v\u00e4lisess\u00e4 NFL-ottelussa.<\/p>\n<p><img loading=\"lazy\" decoding=\"async\" alt=\"YouTube video\" width=\"480\" height=\"360\" data-pin-nopin=\"true\" nopin=\"nopin\" class=\"perfmatters-lazy\" src=\"https:\/\/www.europesays.com\/fi\/wp-content\/uploads\/2025\/10\/1761709449_755_hqdefault.jpg\"\/><\/p>\n<p>Lue my\u00f6s: <a href=\"https:\/\/www.soundi.fi\/uutiset\/iron-maidenin-bruce-dickinson-avasi-nhl-pelin-kajauttamalla-kansallislaulun-talta-se-kuulosti\/\" title=\"Iron Maidenin Bruce Dickinson avasi NHL-pelin kajauttamalla kansallislaulun \u2013 T\u00e4lt\u00e4 se kuulosti\" class=\"underline-custom !font-montserrat !font-bold !underline-offset-4 !decoration-4 !decoration-tilt-light\" rel=\"nofollow noopener\" target=\"_blank\">Iron Maidenin Bruce Dickinson avasi NHL-pelin kajauttamalla kansallislaulun \u2013 T\u00e4lt\u00e4 se kuulosti<\/a><\/p>\n<p>Lue my\u00f6s: <a href=\"https:\/\/www.soundi.fi\/uutiset\/kuinka-taittuu-bruce-dickinsonilta-yhdysvaltain-kansallislaulu-tastahan-se-selviaa\/\" title=\"Kuinka taittuu Bruce Dickinsonilta Yhdysvaltain kansallislaulu? T\u00e4st\u00e4h\u00e4n se selvi\u00e4\u00e4\" class=\"underline-custom !font-montserrat !font-bold !underline-offset-4 !decoration-4 !decoration-tilt-light\" rel=\"nofollow noopener\" target=\"_blank\">Kuinka taittuu Bruce Dickinsonilta Yhdysvaltain kansallislaulu? T\u00e4st\u00e4h\u00e4n se selvi\u00e4\u00e4<\/a><\/p>\n","protected":false},"excerpt":{"rendered":"Iron Maiden -laulaja Bruce Dickinson lauloi Yhdysvaltain kansallislaulun Los Angeles Kingsin ja Colorado Avalanchen v\u00e4lisess\u00e4 NHL-ottelussa 7. lokakuuta.&hellip;\n","protected":false},"author":2,"featured_media":75087,"comment_status":"","ping_status":"","sticky":false,"template":"","format":"standard","meta":{"footnotes":""},"categories":[132],"tags":[137,33,31,30,195,47,32,109],"class_list":{"0":"post-75086","1":"post","2":"type-post","3":"status-publish","4":"format-standard","5":"has-post-thumbnail","7":"category-musiikki","8":"tag-entertainment","9":"tag-fi","10":"tag-finland","11":"tag-finnish","12":"tag-music","13":"tag-musiikki","14":"tag-suomi","15":"tag-viihde"},"share_on_mastodon":{"url":"https:\/\/pubeurope.com\/@fi\/115455397991926781","error":""},"_links":{"self":[{"href":"https:\/\/www.europesays.com\/fi\/wp-json\/wp\/v2\/posts\/75086","targetHints":{"allow":["GET"]}}],"collection":[{"href":"https:\/\/www.europesays.com\/fi\/wp-json\/wp\/v2\/posts"}],"about":[{"href":"https:\/\/www.europesays.com\/fi\/wp-json\/wp\/v2\/types\/post"}],"author":[{"embeddable":true,"href":"https:\/\/www.europesays.com\/fi\/wp-json\/wp\/v2\/users\/2"}],"replies":[{"embeddable":true,"href":"https:\/\/www.europesays.com\/fi\/wp-json\/wp\/v2\/comments?post=75086"}],"version-history":[{"count":0,"href":"https:\/\/www.europesays.com\/fi\/wp-json\/wp\/v2\/posts\/75086\/revisions"}],"wp:featuredmedia":[{"embeddable":true,"href":"https:\/\/www.europesays.com\/fi\/wp-json\/wp\/v2\/media\/75087"}],"wp:attachment":[{"href":"https:\/\/www.europesays.com\/fi\/wp-json\/wp\/v2\/media?parent=75086"}],"wp:term":[{"taxonomy":"category","embeddable":true,"href":"https:\/\/www.europesays.com\/fi\/wp-json\/wp\/v2\/categories?post=75086"},{"taxonomy":"post_tag","embeddable":true,"href":"https:\/\/www.europesays.com\/fi\/wp-json\/wp\/v2\/tags?post=75086"}],"curies":[{"name":"wp","href":"https:\/\/api.w.org\/{rel}","templated":true}]}}