{"id":75090,"date":"2025-10-29T03:52:07","date_gmt":"2025-10-29T03:52:07","guid":{"rendered":"https:\/\/www.europesays.com\/fi\/75090\/"},"modified":"2025-10-29T03:52:07","modified_gmt":"2025-10-29T03:52:07","slug":"trump-yhdysvaltain-laki-ei-ikava-kylla-salli-kolmatta-presidenttikautta","status":"publish","type":"post","link":"https:\/\/www.europesays.com\/fi\/75090\/","title":{"rendered":"Trump: Yhdysvaltain laki ei \u201dik\u00e4v\u00e4 kyll\u00e4\u201d salli kolmatta presidenttikautta"},"content":{"rendered":"<p>Yhdysvallat|Trumpilta kysyttiin kolmannesta presidenttikaudesta jo toisen kerran t\u00e4ll\u00e4 viikolla.<\/p>\n<p class=\"article-body mb-nof-24 px-nof-16\">Yhdysvaltain presidentti <a class=\"article-personlink\" href=\"https:\/\/www.hs.fi\/haku\/?query=Donald%20Trump\" rel=\"nofollow noopener\" target=\"_blank\">Donald Trump<\/a> sanoi toimittajille Air Force One -lentokoneessa, ett\u00e4 Yhdysvaltain laki kielt\u00e4\u00e4 h\u00e4nt\u00e4 asettumasta ehdolle kolmannelle presidenttikaudelle.<\/p>\n<p class=\"article-body mb-nof-24 px-nof-16\">\u201dJos luette sit\u00e4 [Yhdysvaltain lakia], se on aika selv\u00e4\u00e4. En voi asettua ehdolle, ik\u00e4v\u00e4 kyll\u00e4\u201d, Trump kommentoi Reutersin mukaan matkalla Etel\u00e4-Koreaan.<\/p>\n<p class=\"article-body mb-nof-24 px-nof-16\">Kysymys kolmannesta kaudesta on ollut esill\u00e4 pitk\u00e4\u00e4n, vaikka Yhdysvaltain perustuslaki sallii presidentin istuvan vain kaksi kautta. Esimerkiksi Trumpin virallinen <a class=\"article-genericlink\" href=\"https:\/\/www.trumpstore.com\/product\/trump-2028-hat\/\" rel=\"nofollow noopener\" target=\"_blank\">verkkokauppa<\/a> myy Trump 2028 -lippalakkia.<\/p>\n<p class=\"article-body mb-nof-24 px-nof-16\">Trumpin entinen neuvonantaja <a class=\"article-personlink\" href=\"https:\/\/www.hs.fi\/haku\/?query=Steve%20Bannon\" rel=\"nofollow noopener\" target=\"_blank\">Steve Bannon<\/a> taas kommentoi hiljattain <a class=\"article-genericlink\" href=\"https:\/\/www.youtube.com\/watch?v=ijf7K_08YWk\" rel=\"nofollow noopener\" target=\"_blank\">The Economistin<\/a> haastattelussa, ett\u00e4 kolmannesta kaudesta on jo olemassa suunnitelma, joka aiotaan toteuttaa.<\/p>\n<p class=\"article-body mb-nof-24 px-nof-16\">Trump itse on puhunut asiasta poukkoilevasti. Esimerkiksi maaliskuussa Trump <a class=\"article-genericlink\" href=\"https:\/\/www.nbcnews.com\/politics\/donald-trump\/trump-third-term-white-house-methods-rcna198752\" rel=\"nofollow noopener\" target=\"_blank\">sanoi<\/a>, ettei h\u00e4n \u201dvitsaile\u201d kolmannelle kaudelle asettumisesta, ja ett\u00e4 asiaa varten on olemassa \u201dmetodeja\u201d.<\/p>\n<p class=\"article-body mb-nof-24 px-nof-16\">\u201dOn liian aikaista pohtia sit\u00e4\u201d, Trump sanoi.<\/p>\n<p class=\"article-body mb-nof-24 px-nof-16\">Trumpilta kysyttiin asiasta edellisen kerran pari p\u00e4iv\u00e4\u00e4 sitten.<\/p>\n<p class=\"article-body mb-nof-24 px-nof-16\">\u201dTekisin sen mielell\u00e4ni. Minulla on parhaat [kannatus]luvut ikin\u00e4\u201d, Trump <a class=\"article-genericlink\" href=\"https:\/\/www.theguardian.com\/us-news\/2025\/oct\/27\/donald-trump-third-term-vice-president\" rel=\"nofollow noopener\" target=\"_blank\">vastasi<\/a> tuolloin.<\/p>\n<p class=\"article-body mb-nof-24 px-nof-16\">Seuraavaksi Trumpilta kysyttiin, eik\u00f6 h\u00e4n sulje pois kolmatta kautta.<\/p>\n<p class=\"article-body mb-nof-24 px-nof-16\">\u201dEnk\u00f6 sulje sit\u00e4 pois? Teid\u00e4n on kerrottava minulle.\u201d<\/p>\n<p class=\"article-body mb-nof-24 px-nof-16\">\u201dVoin vain kertoa teille, ett\u00e4 meill\u00e4 on loistava ryhm\u00e4 ihmisi\u00e4, jollaista heill\u00e4 [demokraateilla] ei ole\u201d, Trump sanoi viitaten varapresidentti <a class=\"article-personlink\" href=\"https:\/\/www.hs.fi\/haku\/?query=J.D.%20Vanceen\" rel=\"nofollow noopener\" target=\"_blank\">J.D. Vanceen<\/a> ja ulkoministeri <a class=\"article-personlink\" href=\"https:\/\/www.hs.fi\/haku\/?query=Marco%20Rubioon\" rel=\"nofollow noopener\" target=\"_blank\">Marco Rubioon<\/a>.<\/p>\n<p class=\"article-body mb-nof-24 px-nof-16\">Trump kielsi my\u00f6s asettuvansa ehdolle varapresidentiksi vuoden 2028 presidentinvaaleihin.<\/p>\n<p class=\"article-body mb-nof-24 px-nof-16\">\u201dMinulla olisi oikeus tehd\u00e4 niin\u201d, Trump sanoi.<\/p>\n<p class=\"article-body mb-nof-24 px-nof-16\">\u201dMutta en tekisi sit\u00e4. Vaikka olisihan se s\u00f6p\u00f6\u00e4. Mutta liiankin s\u00f6p\u00f6\u00e4, joten suljen sen vaihtoehdon pois. Ihmiset eiv\u00e4t pit\u00e4isi siit\u00e4. Eik\u00e4 se olisi oikein.\u201d<\/p>\n","protected":false},"excerpt":{"rendered":"Yhdysvallat|Trumpilta kysyttiin kolmannesta presidenttikaudesta jo toisen kerran t\u00e4ll\u00e4 viikolla. Yhdysvaltain presidentti Donald Trump sanoi toimittajille Air Force One&hellip;\n","protected":false},"author":2,"featured_media":75091,"comment_status":"","ping_status":"","sticky":false,"template":"","format":"standard","meta":{"footnotes":""},"categories":[14],"tags":[22,23,26,27,33,31,30,17,46,24,25,28,29,15,18,21,32,19,20,56,16,59,60,61],"class_list":{"0":"post-75090","1":"post","2":"type-post","3":"status-publish","4":"format-standard","5":"has-post-thumbnail","7":"category-ulkomaat","8":"tag-breaking-news","9":"tag-breakingnews","10":"tag-featured-news","11":"tag-featurednews","12":"tag-fi","13":"tag-finland","14":"tag-finnish","15":"tag-headlines","16":"tag-helsingin-sanomat","17":"tag-latest-news","18":"tag-latestnews","19":"tag-main-news","20":"tag-mainnews","21":"tag-news","22":"tag-otsikot","23":"tag-paauutiset","24":"tag-suomi","25":"tag-top-stories","26":"tag-topstories","27":"tag-ulkomaat","28":"tag-uutiset","29":"tag-world","30":"tag-world-news","31":"tag-worldnews"},"share_on_mastodon":{"url":"https:\/\/pubeurope.com\/@fi\/115455429404933190","error":""},"_links":{"self":[{"href":"https:\/\/www.europesays.com\/fi\/wp-json\/wp\/v2\/posts\/75090","targetHints":{"allow":["GET"]}}],"collection":[{"href":"https:\/\/www.europesays.com\/fi\/wp-json\/wp\/v2\/posts"}],"about":[{"href":"https:\/\/www.europesays.com\/fi\/wp-json\/wp\/v2\/types\/post"}],"author":[{"embeddable":true,"href":"https:\/\/www.europesays.com\/fi\/wp-json\/wp\/v2\/users\/2"}],"replies":[{"embeddable":true,"href":"https:\/\/www.europesays.com\/fi\/wp-json\/wp\/v2\/comments?post=75090"}],"version-history":[{"count":0,"href":"https:\/\/www.europesays.com\/fi\/wp-json\/wp\/v2\/posts\/75090\/revisions"}],"wp:featuredmedia":[{"embeddable":true,"href":"https:\/\/www.europesays.com\/fi\/wp-json\/wp\/v2\/media\/75091"}],"wp:attachment":[{"href":"https:\/\/www.europesays.com\/fi\/wp-json\/wp\/v2\/media?parent=75090"}],"wp:term":[{"taxonomy":"category","embeddable":true,"href":"https:\/\/www.europesays.com\/fi\/wp-json\/wp\/v2\/categories?post=75090"},{"taxonomy":"post_tag","embeddable":true,"href":"https:\/\/www.europesays.com\/fi\/wp-json\/wp\/v2\/tags?post=75090"}],"curies":[{"name":"wp","href":"https:\/\/api.w.org\/{rel}","templated":true}]}}