{"id":75094,"date":"2025-10-29T03:54:07","date_gmt":"2025-10-29T03:54:07","guid":{"rendered":"https:\/\/www.europesays.com\/fi\/75094\/"},"modified":"2025-10-29T03:54:07","modified_gmt":"2025-10-29T03:54:07","slug":"valtavassa-poliisioperaatiossa-kuoli-ainakin-64-ihmista-rio-de-janeirossa","status":"publish","type":"post","link":"https:\/\/www.europesays.com\/fi\/75094\/","title":{"rendered":"Valtavassa poliisioperaatiossa kuoli ainakin 64 ihmist\u00e4 Rio de Janeirossa"},"content":{"rendered":"<p>Brasilia|Kaupungissa j\u00e4rjestet\u00e4\u00e4n piakkoin kansainv\u00e4liseen ilmastokokoukseen liittyvi\u00e4 tapahtumia.<\/p>\n<p class=\"article-body mb-nof-24 px-nof-16\">Brasilian Rio de Janeirossa ainakin 64 ihmist\u00e4 on kuollut huumejengin vastaisessa poliisioperaatiossa tiistaina, kertovat uutistoimistot.<\/p>\n<p class=\"article-body mb-nof-24 px-nof-16\">Kuolleista ainakin nelj\u00e4 oli poliiseja, kertoi YK:n ihmisoikeusvaltuutetun toimisto viestipalvelu <a class=\"article-genericlink\" href=\"https:\/\/x.com\/UNHumanRights\/status\/1983282550538682565\" rel=\"nofollow\">X:ss\u00e4<\/a>. Toimisto ilmoitti olevansa kauhistunut poliisioperaatiosta.<\/p>\n<p class=\"article-body mb-nof-24 px-nof-16\">\u201dT\u00e4m\u00e4 tappava operaatio edist\u00e4\u00e4 trendi\u00e4, ett\u00e4 poliisioperaatioilla on \u00e4\u00e4rimm\u00e4isi\u00e4 tappavia seurauksia Brasilian marginalisoiduille yhteis\u00f6ille\u201d, ihmisoikeusvaltuutetun toimisto kirjoitti.<\/p>\n<p class=\"article-body mb-nof-24 px-nof-16\">Poliisin mukaan operaatiossa pid\u00e4tettiin ainakin 81 ihmist\u00e4, kertoi uutiskanava <a class=\"article-genericlink\" href=\"https:\/\/edition.cnn.com\/2025\/10\/28\/americas\/brazil-police-raid-rio-de-janeiro-latam-intl\" rel=\"nofollow noopener\" target=\"_blank\">CNN<\/a>.<\/p>\n<p class=\"article-body mb-nof-24 px-nof-16\">Ainakin 2\u202f500 raskaasti aseistautunutta poliisia osallistui operaatioon kahdessa favelassa, kertoo uutistoimisto AFP. Favelat ovat k\u00f6yhi\u00e4, laittomasti rakennettuja asuinalueita.<\/p>\n<p class=\"article-body mb-nof-24 px-nof-16\">Poliiseilla oli AFP:n mukaan tukenaan panssaroituja ajoneuvoja, helikoptereita ja drooneja. Kohteena oli Brasilian suurin huumeiden salakuljetusjengi Comando Vermelho, kertovat eri uutisl\u00e4hteet.<\/p>\n<p class=\"article-body mb-nof-24 px-nof-16\">Ammuskelua kuului my\u00f6s Rion kansainv\u00e4lisen lentokent\u00e4n l\u00e4heisyydest\u00e4, AFP kertoi. Uutistoimisto <a class=\"article-genericlink\" href=\"https:\/\/apnews.com\/photo-gallery\/brazil-police-operation-favelas-10cd006fd1b5d581c7cc46208d133e44\" rel=\"nofollow noopener\" target=\"_blank\">AP:n<\/a> ja CNN:n julkaisemissa valokuvissa n\u00e4kyi poltettuja autoja, joita oli mahdollisesti k\u00e4ytetty barrikadeina.<\/p>\n<p class=\"article-body mb-nof-24 px-nof-16\">Riossa on m\u00e4\u00e4r\u00e4 pit\u00e4\u00e4 l\u00e4hip\u00e4ivin\u00e4 tapahtumia, jotka liittyv\u00e4t tulevaan, Brasilian Belemiss\u00e4 pidett\u00e4v\u00e4\u00e4n YK:n kansainv\u00e4liseen COP30-ilmastokokoukseen.<\/p>\n<p class=\"article-body mb-nof-24 px-nof-16\">Kaupungissa poliisilla on usein tapana tehd\u00e4 mittavia operaatioita ennen suuria kansainv\u00e4lisi\u00e4 tapahtumia.<\/p>\n","protected":false},"excerpt":{"rendered":"Brasilia|Kaupungissa j\u00e4rjestet\u00e4\u00e4n piakkoin kansainv\u00e4liseen ilmastokokoukseen liittyvi\u00e4 tapahtumia. Brasilian Rio de Janeirossa ainakin 64 ihmist\u00e4 on kuollut huumejengin vastaisessa&hellip;\n","protected":false},"author":2,"featured_media":75095,"comment_status":"","ping_status":"","sticky":false,"template":"","format":"standard","meta":{"footnotes":""},"categories":[5],"tags":[22,23,26,27,33,31,30,17,46,24,25,28,29,15,18,21,32,19,20,16],"class_list":{"0":"post-75094","1":"post","2":"type-post","3":"status-publish","4":"format-standard","5":"has-post-thumbnail","7":"category-otsikot","8":"tag-breaking-news","9":"tag-breakingnews","10":"tag-featured-news","11":"tag-featurednews","12":"tag-fi","13":"tag-finland","14":"tag-finnish","15":"tag-headlines","16":"tag-helsingin-sanomat","17":"tag-latest-news","18":"tag-latestnews","19":"tag-main-news","20":"tag-mainnews","21":"tag-news","22":"tag-otsikot","23":"tag-paauutiset","24":"tag-suomi","25":"tag-top-stories","26":"tag-topstories","27":"tag-uutiset"},"share_on_mastodon":{"url":"https:\/\/pubeurope.com\/@fi\/115455437216808973","error":""},"_links":{"self":[{"href":"https:\/\/www.europesays.com\/fi\/wp-json\/wp\/v2\/posts\/75094","targetHints":{"allow":["GET"]}}],"collection":[{"href":"https:\/\/www.europesays.com\/fi\/wp-json\/wp\/v2\/posts"}],"about":[{"href":"https:\/\/www.europesays.com\/fi\/wp-json\/wp\/v2\/types\/post"}],"author":[{"embeddable":true,"href":"https:\/\/www.europesays.com\/fi\/wp-json\/wp\/v2\/users\/2"}],"replies":[{"embeddable":true,"href":"https:\/\/www.europesays.com\/fi\/wp-json\/wp\/v2\/comments?post=75094"}],"version-history":[{"count":0,"href":"https:\/\/www.europesays.com\/fi\/wp-json\/wp\/v2\/posts\/75094\/revisions"}],"wp:featuredmedia":[{"embeddable":true,"href":"https:\/\/www.europesays.com\/fi\/wp-json\/wp\/v2\/media\/75095"}],"wp:attachment":[{"href":"https:\/\/www.europesays.com\/fi\/wp-json\/wp\/v2\/media?parent=75094"}],"wp:term":[{"taxonomy":"category","embeddable":true,"href":"https:\/\/www.europesays.com\/fi\/wp-json\/wp\/v2\/categories?post=75094"},{"taxonomy":"post_tag","embeddable":true,"href":"https:\/\/www.europesays.com\/fi\/wp-json\/wp\/v2\/tags?post=75094"}],"curies":[{"name":"wp","href":"https:\/\/api.w.org\/{rel}","templated":true}]}}