{"id":75097,"date":"2025-10-29T04:09:07","date_gmt":"2025-10-29T04:09:07","guid":{"rendered":"https:\/\/www.europesays.com\/fi\/75097\/"},"modified":"2025-10-29T04:09:07","modified_gmt":"2025-10-29T04:09:07","slug":"janus-hanski-liittyy-salatut-elamat-sarjaan-esittaa-juristia","status":"publish","type":"post","link":"https:\/\/www.europesays.com\/fi\/75097\/","title":{"rendered":"Janus Hanski liittyy Salatut el\u00e4m\u00e4t -sarjaan &#8211; esitt\u00e4\u00e4 juristia"},"content":{"rendered":"<p>            Pasi Murto\n        <\/p>\n<p class=\"subtitle \">N\u00e4yttelij\u00e4konkari Janus Hanski n\u00e4hd\u00e4\u00e4n Salkkareissa ensi viikolla.<\/p>\n<p class=\"article-content article-content-width !bg-background\">Salatut el\u00e4m\u00e4t -sarjassa n\u00e4hd\u00e4\u00e4n ensi viikolla juonikuvio, jossa Aaro saa tiet\u00e4\u00e4, ettei Noel edustakaan h\u00e4nt\u00e4 Nadjan huoltajuuskiistassa oikeudessa, sill\u00e4 t\u00e4m\u00e4 on nyt Evan juristi.<\/p>\n<p class=\"font-weight-bold m-font-weight-bold article-content article-content-width !bg-background\">Videohaastattelussa Salkkareiden Eva eli Tiia Elg:<\/p>\n<p class=\"article-content article-content-width !bg-background\">Aaro raivostuu, mutta Marianna saa h\u00e4net rauhoiteltua luvaten auttaa h\u00e4nt\u00e4 hankkimaan uuden, hyv\u00e4n asianajajan. Aaro ryhdist\u00e4ytyy ja saa v\u00e4rv\u00e4tty\u00e4 juristikseen Ketolan, jota n\u00e4yttelee .<\/p>\n<p class=\"article-content article-content-width !bg-background\">Sill\u00e4 aikaa Noel ohjeistaa Evaa ja Kristiania valmistautumaan oikeudenk\u00e4ynti\u00e4 varten. Eva huojentuu, kun Kristian lupaa esitt\u00e4\u00e4 h\u00e4nen puolisoaan.\u00a0<\/p>\n<p class=\"article-content article-content-width !bg-background\">Eva ja Kristian j\u00e4nnittyv\u00e4t, kun Noel ilmoittaa, ett\u00e4 Nadjaa tullaan haastattelemaan huoltajuusasiassa sosiaaliviranomaisten toimesta. Eva ja Kristian luottavat, ett\u00e4 Nadja puhuu hyv\u00e4\u00e4 kotioloistaan.<\/p>\n<p>        <a itemprop=\"url\" href=\"https:\/\/www.seiska.fi\/katso\/salatut-elamat-katsojat-raivostuivat-nain-vastaa-mtv\/1972771\" rel=\"nofollow noopener\" target=\"_blank\"><\/p>\n<p>\nSalatut el\u00e4m\u00e4t\n<\/p>\n<p class=\"section-date\">\n        <strong class=\"article-section\" data-section=\"katso\"><br \/>\n            katso<br \/>\n        <\/strong><br \/>\n        24.10. 14:15\n    <\/p>\n<p>Salatut el\u00e4m\u00e4t -katsojat raivostuivat \u2013 n\u00e4in vastaa MTV\n    <\/p>\n<p itemprop=\"description\" class=\"subtitle \">\n    Salatut el\u00e4m\u00e4t -ohjelman fanien kuppi meni nurin.\n<\/p>\n<p>        <\/a><\/p>\n<p>                <img decoding=\"async\" src=\"https:\/\/www.europesays.com\/fi\/wp-content\/uploads\/2025\/10\/1976126.webp\" width=\"576\" height=\"274\" title=\"Janus esitt\u00e4\u00e4 tiukkaa lakimiest\u00e4.\" alt=\"Salatut el\u00e4m\u00e4t Janus Hanski\" loading=\"lazy\" \/>            <\/p>\n<p>\n            Janus esitt\u00e4\u00e4 tiukkaa lakimiest\u00e4.<br \/>\n            MTV\n        <\/p>\n<p>Typerrytt\u00e4v\u00e4 oikeudenk\u00e4ynti<\/p>\n<p class=\"article-content article-content-width !bg-background\">Eva ja tukijoukot uskovat voittoonsa. Oikeudenk\u00e4ynti alkaa, ja Sieviset ovat hyvill\u00e4\u00e4n, kun Noel painostaa Aaroa t\u00e4m\u00e4n pahoista teoista. Eva ja Kristian kuitenkin joutuvat yll\u00e4ttym\u00e4\u00e4n.<\/p>\n<p class=\"article-content article-content-width !bg-background\">Sek\u00e4 n\u00e4yttelij\u00e4n\u00e4 ett\u00e4 muusikkona tunnettu Janus Hanski muistetaan erityisesti 1990-luvun sketsisarjasta Vinti\u00f6t. Lis\u00e4ksi h\u00e4n n\u00e4ytteli useissa  elokuvissa, kuten H\u00e4jyt ja Romanovin kivet sek\u00e4 Vares-elokuvassa J\u00e4\u00e4tynyt enkeli.<\/p>\n<p class=\"article-content article-content-width !bg-background\">Viimeksi h\u00e4n on vieraillut Roba-sarjassa.<\/p>\n<p class=\"italic m-italic article-content article-content-width !bg-background\">Salatut el\u00e4m\u00e4t MTV3:lla MA\u2013TO. Seuraavan viikon jaksot katsottavissa perjantaisin MTV Katsomossa.<\/p>\n<p>        <a itemprop=\"url\" href=\"https:\/\/www.seiska.fi\/katso\/salatut-elamat-juonipaljastukset-joanna-panee-kovat-piippuun\/1962856\" rel=\"nofollow noopener\" target=\"_blank\"><\/p>\n<p>\nSalatut el\u00e4m\u00e4t -juonipaljastukset\n<\/p>\n<p class=\"section-date\">\n        <strong class=\"article-section\" data-section=\"katso\"><br \/>\n            katso<br \/>\n        <\/strong><br \/>\n        23.10. 08:15\n    <\/p>\n<p>Salatut el\u00e4m\u00e4t -juonipaljastukset: Joanna panee kovat piippuun\n    <\/p>\n<p itemprop=\"description\" class=\"subtitle \">\n    Salatut el\u00e4m\u00e4t -sarjassa ensi viikolla Joanna punoo juonen vankilassa ja Kalle l\u00e4htee salatreffeille.\n<\/p>\n<p>        <\/a><\/p>\n<p>        <a itemprop=\"url\" href=\"https:\/\/www.seiska.fi\/katso\/podcast-jasper-paakkonen-salatuista-elamista-nyt-riittaa\/1485702\" rel=\"nofollow noopener\" target=\"_blank\"><\/p>\n<p>\nSuorat sanat:\n<\/p>\n<p class=\"section-date\">\n        <strong class=\"article-section\" data-section=\"katso\"><br \/>\n            katso<br \/>\n        <\/strong><br \/>\n        7.10. 17:45\n    <\/p>\n<p>Podcast: Jasper P\u00e4\u00e4kk\u00f6nen Salatuista el\u00e4mist\u00e4: &#8221;Nyt riitt\u00e4\u00e4&#8221;\n    <\/p>\n<p itemprop=\"description\" class=\"subtitle \">\n    N\u00e4yttelij\u00e4 kertoo, miksi j\u00e4tti suositun saippuasarjan.\n<\/p>\n<p>        <\/a><\/p>\n","protected":false},"excerpt":{"rendered":"Pasi Murto N\u00e4yttelij\u00e4konkari Janus Hanski n\u00e4hd\u00e4\u00e4n Salkkareissa ensi viikolla. Salatut el\u00e4m\u00e4t -sarjassa n\u00e4hd\u00e4\u00e4n ensi viikolla juonikuvio, jossa Aaro&hellip;\n","protected":false},"author":2,"featured_media":75098,"comment_status":"","ping_status":"","sticky":false,"template":"","format":"standard","meta":{"footnotes":""},"categories":[133],"tags":[137,33,31,30,9021,10558,2376,209,7145,7144,32,206,156,109],"class_list":{"0":"post-75097","1":"post","2":"type-post","3":"status-publish","4":"format-standard","5":"has-post-thumbnail","7":"category-televisiot","8":"tag-entertainment","9":"tag-fi","10":"tag-finland","11":"tag-finnish","12":"tag-janus-hanski","13":"tag-juonipaljastukset","14":"tag-mtv","15":"tag-salatut-elamat","16":"tag-salatut-elamat-juonipaljastukset","17":"tag-salkkarit-juonipaljastukset","18":"tag-suomi","19":"tag-televisiot","20":"tag-tv","21":"tag-viihde"},"share_on_mastodon":{"url":"https:\/\/pubeurope.com\/@fi\/115455496346803615","error":""},"_links":{"self":[{"href":"https:\/\/www.europesays.com\/fi\/wp-json\/wp\/v2\/posts\/75097","targetHints":{"allow":["GET"]}}],"collection":[{"href":"https:\/\/www.europesays.com\/fi\/wp-json\/wp\/v2\/posts"}],"about":[{"href":"https:\/\/www.europesays.com\/fi\/wp-json\/wp\/v2\/types\/post"}],"author":[{"embeddable":true,"href":"https:\/\/www.europesays.com\/fi\/wp-json\/wp\/v2\/users\/2"}],"replies":[{"embeddable":true,"href":"https:\/\/www.europesays.com\/fi\/wp-json\/wp\/v2\/comments?post=75097"}],"version-history":[{"count":0,"href":"https:\/\/www.europesays.com\/fi\/wp-json\/wp\/v2\/posts\/75097\/revisions"}],"wp:featuredmedia":[{"embeddable":true,"href":"https:\/\/www.europesays.com\/fi\/wp-json\/wp\/v2\/media\/75098"}],"wp:attachment":[{"href":"https:\/\/www.europesays.com\/fi\/wp-json\/wp\/v2\/media?parent=75097"}],"wp:term":[{"taxonomy":"category","embeddable":true,"href":"https:\/\/www.europesays.com\/fi\/wp-json\/wp\/v2\/categories?post=75097"},{"taxonomy":"post_tag","embeddable":true,"href":"https:\/\/www.europesays.com\/fi\/wp-json\/wp\/v2\/tags?post=75097"}],"curies":[{"name":"wp","href":"https:\/\/api.w.org\/{rel}","templated":true}]}}