{"id":75115,"date":"2025-10-29T04:35:08","date_gmt":"2025-10-29T04:35:08","guid":{"rendered":"https:\/\/www.europesays.com\/fi\/75115\/"},"modified":"2025-10-29T04:35:08","modified_gmt":"2025-10-29T04:35:08","slug":"kiivas-kolmiodraama-kaynnissa-temptation-islandilla-petin-ihmista-kenen-kanssa-petan-toista-ihmista","status":"publish","type":"post","link":"https:\/\/www.europesays.com\/fi\/75115\/","title":{"rendered":"Kiivas kolmiodraama k\u00e4ynniss\u00e4 Temptation Islandilla \u2013 \u201dPetin ihmist\u00e4, kenen kanssa pet\u00e4n toista ihmist\u00e4\u201d"},"content":{"rendered":"<p>Semin, 28, hauskanpito sinkkunaisten kanssa saa uusia ulottuvuuksia. Varo juonipaljastuksia!<\/p>\n<p><img decoding=\"async\" class=\"image image-show image-preview\" src=\"https:\/\/www.europesays.com\/fi\/wp-content\/uploads\/2025\/10\/2f0ecd5fa8b95b78d5119bc849a370085e3321f0daaf6f97cf5f9bd01e4c0b52.jpg\" alt=\"\"\/><img decoding=\"async\" class=\"image image-show\" src=\"https:\/\/www.europesays.com\/fi\/wp-content\/uploads\/2025\/10\/1761712508_379_2f0ecd5fa8b95b78d5119bc849a370085e3321f0daaf6f97cf5f9bd01e4c0b52.jpg\" alt=\"\"\/><\/p>\n<p>Semin ei ole varma viettelysten saarella her\u00e4nneist\u00e4 tunteista.  Inka Soveri<\/p>\n<p class=\"paragraph\">Temptation Islandilla parisuhteet rakoilevat. Etenkin toistamiseen ohjelmaan osallistuneet Julia ja Semi ovat ajautuneet toistensa pett\u00e4misess\u00e4 er\u00e4\u00e4nlaiseen kostonkierteeseen.<\/p>\n<p class=\"paragraph\">Ensin Semi n\u00e4ki videolta Julian viett\u00e4v\u00e4n intiimej\u00e4 hetki\u00e4 sinkku-<strong>Timin<\/strong> kanssa peiton alla. Timi kertoi my\u00f6hemmin kameroille, ett\u00e4 peiton alla tuli \u201dpelattua pient\u00e4 taskubiljardia\u201d.<\/p>\n<p class=\"paragraph\">Pian my\u00f6s Semi vietti yhteisen y\u00f6n sinkku-<strong>Lauran<\/strong> kanssa. H\u00e4n kommentoi laittaneensa t\u00e4yslaidallista takaisin, ilmeisesti viitaten kumppaninsa edelt\u00e4viin puuhiin. Seuraavan illan bileiss\u00e4 Semi vannoi jo rakastuneensa viettelysten saarella.<\/p>\n<p class=\"paragraph\">\u2013 Olisiko kaikki viel\u00e4 puhuttavissa, jos ei oltaisi Lauran kanssa menty tietyn rajan yli, Semi pohtii nyt.<\/p>\n<p class=\"paragraph\">H\u00e4n my\u00f6nt\u00e4\u00e4, ett\u00e4 kyse oli kostosta ja harmittelee, ett\u00e4 vei tilanteen niin pitk\u00e4lle.<\/p>\n<p class=\"paragraph\">Julia kommentoi kameroille helpottuneena, ett\u00e4 on vihdoin vapaa ja eik\u00e4 h\u00e4n ole kiinni suhteessa, jossa ei ole onnellinen.<\/p>\n<p class=\"paragraph\">Er\u00e4\u00e4nlaista helpotusta Julia vaikuttaa saavan my\u00f6s v\u00e4llyjen v\u00e4liss\u00e4.<\/p>\n<p class=\"paragraph\">\u2013 Aloin itse kelailemaan, ett\u00e4 teink\u00f6 liian nopeita p\u00e4\u00e4t\u00f6ksi\u00e4. Olisiko pit\u00e4ny pit\u00e4\u00e4 p\u00e4\u00e4 kylm\u00e4n\u00e4 ja jatkaa sit\u00e4 omaa ajatusty\u00f6t\u00e4, mutta eip\u00e4 sille en\u00e4\u00e4 mahda mit\u00e4\u00e4n, Semi pohtii.<\/p>\n<p>Semi ja Julia osallistuivat jo aiemmin Temppareiden 11. tuotantokaudelle. He ovat olleet yhdess\u00e4 seitsem\u00e4n vuotta.  Inka Soveri<\/p>\n<p class=\"paragraph\">\u2013 Ei oikein pysty sanomaan Laurasta, onko h\u00e4n houkutus, onko se rakkautta vai onko se ihastusta. En tied\u00e4, mutta h\u00e4nen kanssaan on hyv\u00e4 olla, h\u00e4n jatkaa ja jakaa j\u00e4lleen s\u00e4ngyn Lauran kanssa.<\/p>\n<p class=\"paragraph\">J\u00e4lleen peittojen alla tapahtuu jotain muutakin kuin nukkumista. My\u00f6hemmin Semi kertoo, ett\u00e4 s\u00e4ngyss\u00e4 on menty \u201dp\u00e4\u00e4tyyn asti\u201d.<\/p>\n<p>\u201dPetin ihmist\u00e4\u201d<\/p>\n<p class=\"paragraph\">Seuraavissa bileiss\u00e4 Semin suhdesoppa sakenee. H\u00e4n jatkaa l\u00e4heisiss\u00e4 tunnelmissa Lauran kanssa, mutta pian my\u00f6s Semi ja <strong>Eva<\/strong> ajautuvat juhlissa l\u00e4psim\u00e4\u00e4n toisiaan takamuksille.<\/p>\n<p class=\"paragraph\">Kaksikko siirtyy makuuhuoneeseen, sill\u00e4 Semi saa luvan l\u00e4im\u00e4ytt\u00e4\u00e4 Evan takapuolta vy\u00f6ll\u00e4\u00e4n.<\/p>\n<p class=\"paragraph\">\u2013 Tykk\u00e4\u00e4t kumminkin, Semi l\u00e4hestyy Evaa ja antaa t\u00e4lle suudelman.<\/p>\n<p>Eva, 26, ajautui osaksi jo ennalta sakeaa suhdesoppaa.  Inka Soveri<\/p>\n<p class=\"paragraph\">He jatkavat suutelua ja pian Semi makaa Evan p\u00e4\u00e4ll\u00e4 s\u00e4ngyll\u00e4. Kun Eva tiedustelee, ett\u00e4 eik\u00f6 heill\u00e4 ole syv\u00e4 yhteys Lauran kanssa. Semi kuittaa kysymyksen pikaisesti ja keskitt\u00e4\u00e4 huomionsa Evaan.<\/p>\n<p class=\"paragraph\">\u2013 Jossain m\u00e4\u00e4rin joo, mutta jos sin\u00e4 k\u00e4velet t\u00e4nne, niin fuck that bullshit, Semi tokaisee.<\/p>\n<p class=\"paragraph\">Pusuttelujen j\u00e4lkeen kaksikko p\u00e4\u00e4tt\u00e4\u00e4, ett\u00e4 Lauralle ei kerrota tapahtuneesta ja he palaavat juhliin kuin mit\u00e4\u00e4n ei olisi tapahtunut. Semi ei kuitenkaan pitk\u00e4\u00e4n pysy yhteisess\u00e4 p\u00e4\u00e4t\u00f6ksess\u00e4.<\/p>\n<p class=\"paragraph\">\u2013 Haittaako t\u00e4m\u00e4 tilanne sinua? Ett\u00e4 h\u00e4n ehk\u00e4 ohimennen yritti minua. L\u00f6in h\u00e4nt\u00e4 ja h\u00e4n oli, ett\u00e4 uh ah. Siin\u00e4 se, Semi kyseli Lauralta.<\/p>\n<p>Semi ja Laura ovat pit\u00e4neet tiiviisti yht\u00e4 Temptation Islandilla.  Teemu Laitinen<\/p>\n<p class=\"paragraph\">Lauraa ei kaksikon puuhailut niink\u00e4\u00e4n haitannut, mutta h\u00e4n pahastui hieman siit\u00e4, ett\u00e4 Eva olisi halunnut pit \u00e4\u00e4 tilanteen salassa.<\/p>\n<p class=\"paragraph\">\u2013 Jos en olisi n\u00e4hnyt vihre\u00e4\u00e4 valoa, niin en olisi l\u00e4htenyt siihen, Eva perustelee.<\/p>\n<p class=\"paragraph\">\u2013 Jos sin\u00e4 [Semi] olet l\u00e4htenyt pussaamaan minua. Niin mit\u00e4 min\u00e4 siin\u00e4 teen. En ole ollut ainoa, joka siin\u00e4 tilanteessa oli mukana, Eva jatkaa.<\/p>\n<p class=\"paragraph\">Evaa harmittaa, ett\u00e4 Semi on antanut ymm\u00e4rt\u00e4\u00e4 h\u00e4nen olleen aloitteellinen osapuoli tilanteessa sek\u00e4 se, ett\u00e4 Laura uskoo Semin tarinaa.<\/p>\n<p>Laura on toiminut Temptation Islandilla Semin tukipilarina.  Inka Soveri<\/p>\n<p class=\"paragraph\">Eva hiillostaa Semi\u00e4, ett\u00e4 mit\u00e4 h\u00e4n on kertonut Lauralle tapahtuneesta.<\/p>\n<p class=\"paragraph\">\u2013 En muista. Olen ihan vitun sekaisin. Kyll\u00e4 sin\u00e4 tied\u00e4t. Toivon, ett\u00e4 sin\u00e4 oikeasti ymm\u00e4rr\u00e4t, mutta en tied\u00e4 ymm\u00e4rr\u00e4tk\u00f6, Semi avautuu humaltuneena.<\/p>\n<p class=\"paragraph\">\u2013 En pysty ajattelemaan suoraan ja Laura on ollut mulle tukipilari t\u00e4\u00e4ll\u00e4 ja sitten kun toinen tukipilari nousee yl\u00f6s, niin&#8230;<\/p>\n<p class=\"paragraph\">Laura tenttaa j\u00e4lleen kumpi heist\u00e4 teki aloitteen, mutta Semi ei saa vastausta annettua.<\/p>\n<p class=\"paragraph\">\u2013 Petin ihmist\u00e4, kenen kanssa pet\u00e4n toista ihmist\u00e4, Semi summaa itse my\u00f6hemmin kameralle tilannetta.<\/p>\n<p class=\"paragraph\">Temptation Island Suomi -ohjelma Ruudussa keskiviikkoisin ja torstaisin.<\/p>\n","protected":false},"excerpt":{"rendered":"Semin, 28, hauskanpito sinkkunaisten kanssa saa uusia ulottuvuuksia. Varo juonipaljastuksia! Semin ei ole varma viettelysten saarella her\u00e4nneist\u00e4 tunteista.&hellip;\n","protected":false},"author":2,"featured_media":75116,"comment_status":"","ping_status":"","sticky":false,"template":"","format":"standard","meta":{"footnotes":""},"categories":[133],"tags":[35,137,33,31,30,2718,6787,979,4243,32,206,140,156,109],"class_list":{"0":"post-75115","1":"post","2":"type-post","3":"status-publish","4":"format-standard","5":"has-post-thumbnail","7":"category-televisiot","8":"tag-24h","9":"tag-entertainment","10":"tag-fi","11":"tag-finland","12":"tag-finnish","13":"tag-romantiikka","14":"tag-romanttinen-suhde","15":"tag-sahkoinen-media","16":"tag-seurustelu-deittailu-treffit","17":"tag-suomi","18":"tag-televisiot","19":"tag-tv-ja-elokuvat","20":"tag-tv","21":"tag-viihde"},"share_on_mastodon":{"url":"https:\/\/pubeurope.com\/@fi\/115455598737669337","error":""},"_links":{"self":[{"href":"https:\/\/www.europesays.com\/fi\/wp-json\/wp\/v2\/posts\/75115","targetHints":{"allow":["GET"]}}],"collection":[{"href":"https:\/\/www.europesays.com\/fi\/wp-json\/wp\/v2\/posts"}],"about":[{"href":"https:\/\/www.europesays.com\/fi\/wp-json\/wp\/v2\/types\/post"}],"author":[{"embeddable":true,"href":"https:\/\/www.europesays.com\/fi\/wp-json\/wp\/v2\/users\/2"}],"replies":[{"embeddable":true,"href":"https:\/\/www.europesays.com\/fi\/wp-json\/wp\/v2\/comments?post=75115"}],"version-history":[{"count":0,"href":"https:\/\/www.europesays.com\/fi\/wp-json\/wp\/v2\/posts\/75115\/revisions"}],"wp:featuredmedia":[{"embeddable":true,"href":"https:\/\/www.europesays.com\/fi\/wp-json\/wp\/v2\/media\/75116"}],"wp:attachment":[{"href":"https:\/\/www.europesays.com\/fi\/wp-json\/wp\/v2\/media?parent=75115"}],"wp:term":[{"taxonomy":"category","embeddable":true,"href":"https:\/\/www.europesays.com\/fi\/wp-json\/wp\/v2\/categories?post=75115"},{"taxonomy":"post_tag","embeddable":true,"href":"https:\/\/www.europesays.com\/fi\/wp-json\/wp\/v2\/tags?post=75115"}],"curies":[{"name":"wp","href":"https:\/\/api.w.org\/{rel}","templated":true}]}}