{"id":75143,"date":"2025-10-29T05:11:14","date_gmt":"2025-10-29T05:11:14","guid":{"rendered":"https:\/\/www.europesays.com\/fi\/75143\/"},"modified":"2025-10-29T05:11:14","modified_gmt":"2025-10-29T05:11:14","slug":"isat-saavat-presidentilta-mitalin-ensimmaista-kertaa-aiteja-on-palkittu-jo-vuodesta-1946","status":"publish","type":"post","link":"https:\/\/www.europesays.com\/fi\/75143\/","title":{"rendered":"Is\u00e4t saavat presidentilt\u00e4 mitalin ensimm\u00e4ist\u00e4 kertaa: \u00c4itej\u00e4 on palkittu jo vuodesta 1946"},"content":{"rendered":"<p>Is\u00e4np\u00e4iv\u00e4|Aiemmin merkitt\u00e4v\u00e4st\u00e4 kasvatusty\u00f6st\u00e4 jaettava kunniamerkki on my\u00f6nnetty vain \u00e4ideille. Nyt vuoronsa saavat ensi kertaa my\u00f6s is\u00e4t.<\/p>\n<p>28.10. 8:00<\/p>\n<p>Lue tiivistelm\u00e4<\/p>\n<p>Tiivistelm\u00e4 on teko\u00e4lyn tekem\u00e4 ja ihmisen tarkistama.<\/p>\n<p class=\"article-body mb-nof-24 px-nof-16 sndp-summary-bullet-point-font\">Tasavallan presidentti Alexander Stubb my\u00f6nt\u00e4\u00e4 ensimm\u00e4ist\u00e4 kertaa kunniamerkkej\u00e4 isille merkitt\u00e4v\u00e4st\u00e4 kasvatusty\u00f6st\u00e4.<\/p>\n<p class=\"article-body mb-nof-24 px-nof-16 sndp-summary-bullet-point-font\">Juha Saurama, 60, on yksi palkituista ja saa Suomen Valkoisen Ruusun Ritarikunnan I luokan mitalin kultaristein.<\/p>\n<p class=\"article-body mb-nof-24 px-nof-16 sndp-summary-bullet-point-font\">Mitalit jaetaan Presidentinlinnassa 9. marraskuuta valtakunnallisessa is\u00e4np\u00e4iv\u00e4juhlassa.<\/p>\n<p class=\"article-body mb-nof-24 px-nof-16 sndp-summary-bullet-point-font\">Sauramalla on pitk\u00e4 kokemus nuorten kanssa ty\u00f6skentelyst\u00e4 lastensuojelulaitoksessa ja urheiluseurassa.<\/p>\n<p class=\"article-body mb-nof-24 px-nof-16\">Suomen ansioituneet is\u00e4t palkitaan ensimm\u00e4ist\u00e4 kertaa kasvatusty\u00f6st\u00e4 t\u00e4n\u00e4 vuonna, kun tasavallan presidentti <a class=\"article-personlink\" href=\"https:\/\/www.hs.fi\/haku\/?query=Alexander%20Stubb\" rel=\"nofollow noopener\" target=\"_blank\">Alexander Stubb <\/a>my\u00f6nt\u00e4\u00e4 kunniamerkit 9. marraskuuta Presidentinlinnassa valtakunnallisessa is\u00e4np\u00e4iv\u00e4juhlassa.<\/p>\n<p class=\"article-body mb-nof-24 px-nof-16\"><a class=\"article-personlink\" href=\"https:\/\/www.hs.fi\/haku\/?query=Juha%20Saurama\" rel=\"nofollow noopener\" target=\"_blank\">Juha Saurama<\/a>, 60, on yksi palkituista. Avatessaan postiaan lokakuun alussa h\u00e4n ei ollut uskoa silmi\u00e4\u00e4n.<\/p>\n<p class=\"article-body mb-nof-24 px-nof-16\">\u201dTied\u00e4n, ett\u00e4 moni is\u00e4 Suomessa tekee valtavan hyv\u00e4\u00e4 ty\u00f6t\u00e4 nuorten kanssa. Onhan t\u00e4m\u00e4 aikamoista, ett\u00e4 min\u00e4 olen l\u00e4p\u00e4issyt seulan ja saan t\u00e4llaisen prenikan\u201d, Saurama sanoo.<\/p>\n<p class=\"article-body mb-nof-24 px-nof-16\">Juhlatilaisuudessa Sauramalle ja muille palkituille my\u00f6nnet\u00e4\u00e4n Suomen Valkoisen Ruusun Ritarikunnan I luokan mitali kultaristein. Tilaisuus j\u00e4rjestet\u00e4\u00e4n yhteisty\u00f6ss\u00e4 V\u00e4est\u00f6liiton kanssa, ja sit\u00e4 em\u00e4nn\u00f6i sosiaaliturvaministeri <a class=\"article-personlink\" href=\"https:\/\/www.hs.fi\/haku\/?query=Sanni%20Grahn-Laasonen\" rel=\"nofollow noopener\" target=\"_blank\">Sanni Grahn-Laasonen<\/a> (kok).<\/p>\n<p class=\"article-body mb-nof-24 px-nof-16\">\u201dT\u00e4m\u00e4 on tasavallan presidentin aloite. H\u00e4n ilmoitti viime vuonna loppuvuodesta, ett\u00e4 alkaa palkita merkitt\u00e4v\u00e4st\u00e4 kasvatusty\u00f6st\u00e4 ansioituneita isi\u00e4\u201d, kertoo Grahn-Laasosen erityisavustaja <a class=\"article-personlink\" href=\"https:\/\/www.hs.fi\/haku\/?query=Annu%20Jaakkola\" rel=\"nofollow noopener\" target=\"_blank\">Annu Jaakkola<\/a>.<\/p>\n<p><img decoding=\"async\" src=\"https:\/\/www.europesays.com\/fi\/wp-content\/uploads\/2025\/10\/1761714673_31_320.jpg\" alt=\"Suomen Valkoisen Ruusun I luokan mitali kultaristein \u00c4itienp\u00e4iv\u00e4n\u00e4 ansioituneille jaettava mitali.\" class=\"_Img_1rerz_1\" style=\"aspect-ratio:0.646875\" loading=\"eager\"\/><\/p>\n<p class=\"article-picture-caption\">Suomen Valkoisen Ruusun I luokan mitali kultaristein \u00c4itienp\u00e4iv\u00e4n\u00e4 ansioituneille jaettava mitali.<\/p>\n<p class=\"article-body mb-nof-24 px-nof-16\">Isille jaettavan kunniamerkin saajaa sai ehdottaa valtakunnallisessa haussa vuoden alusta l\u00e4htien. Jaakkolan mukaan ehdotuksia tuli vajaat sata.<\/p>\n<p class=\"article-body mb-nof-24 px-nof-16\">\u00c4itej\u00e4 on palkittu merkitt\u00e4v\u00e4st\u00e4 kasvatusty\u00f6st\u00e4 vastaavanlaisella kunniamerkill\u00e4 vuodesta 1946 alkaen. Viime toukokuussa \u00e4itienp\u00e4iv\u00e4n\u00e4 kyseisen Suomen Valkoisen Ruusun Ritarikunnan I luokan mitalin kultaristein sai 36 \u00e4iti\u00e4. \u00c4itienp\u00e4iv\u00e4n mitali on kahdesti my\u00f6nnetty my\u00f6s miehelle: 1981 <a class=\"article-personlink\" href=\"https:\/\/www.hs.fi\/haku\/?query=Johannes%20Tiaiselle\" rel=\"nofollow noopener\" target=\"_blank\">Johannes Tiaiselle<\/a> ja 1993 <a class=\"article-personlink\" href=\"https:\/\/www.hs.fi\/haku\/?query=Armas%20Leskiselle.\" rel=\"nofollow noopener\" target=\"_blank\">Armas Leskiselle.<\/a><\/p>\n<p class=\"article-body mb-nof-24 px-nof-16\">Historiallisessa is\u00e4np\u00e4iv\u00e4juhlassa on luvassa presidentin vastaanotto ja tervetulosanat, ministerin ja V\u00e4est\u00f6liiton juhlapuheet ja kunniamerkkien jako. Lopuksi otetaan virallinen ryhm\u00e4kuva palkituista ja kahvitellaan.<\/p>\n<p class=\"article-body mb-nof-24 px-nof-16\">Ennen t\u00e4t\u00e4 vuotta Saurama on viett\u00e4nyt perinteisempi\u00e4 is\u00e4np\u00e4ivi\u00e4. Erityisesti ovat j\u00e4\u00e4neet mieleen is\u00e4np\u00e4iv\u00e4t ajalta, jolloin omat nyt jo aikuiset pojat olivat pieni\u00e4.<\/p>\n<p class=\"article-body mb-nof-24 px-nof-16\">\u201dParasta oli, kun he tulivat aamulla her\u00e4tt\u00e4m\u00e4\u00e4n, sain suukon poskelle ja itse tehdyn is\u00e4np\u00e4iv\u00e4lahjan\u201d, Saurama muistelee.<\/p>\n<p class=\"article-body mb-nof-24 px-nof-16\">Perusteita kunniamerkkien my\u00f6nt\u00e4miselle ovat ansiot lasten ja nuorten esimerkillisen\u00e4 kasvattajana ja vastuullisena ja v\u00e4litt\u00e4v\u00e4n\u00e4 vanhempana.<\/p>\n<p class=\"article-body mb-nof-24 px-nof-16\">Sauramalla on pitk\u00e4 kokemus nuorten kanssa ty\u00f6skentelyst\u00e4. H\u00e4n on toimitusjohtajana Tunkki Nuorisokodeissa, joka on erityistason tukea nuorille tarjoava lastensuojelulaitos.<\/p>\n<p class=\"article-body mb-nof-24 px-nof-16\">Aiemmassa ty\u00f6ss\u00e4\u00e4n J\u00e4rvenp\u00e4\u00e4n kaupungin nuorisokeskuksen p\u00e4\u00e4llikk\u00f6n\u00e4 Saurama koki syd\u00e4men asiakseen nuorten syrj\u00e4ytymisen ehk\u00e4isemisen. Lis\u00e4ksi h\u00e4n valmentaa nuoria kamppailulajiseura J\u00e4rvenp\u00e4\u00e4n Keh\u00e4karhuissa. Seura on pyrkinyt integroimaan alaik\u00e4isi\u00e4, turvapaikkaa hakeneita nuoria suomalaiseen yhteiskuntaan tarjoamalla heille mahdollisuuden harjoitella seurassa maksutta.<\/p>\n<p class=\"article-body mb-nof-24 px-nof-16\">HS kirjoitti Sauramasta viime <a class=\"article-genericlink\" href=\"https:\/\/www.hs.fi\/urheilu\/art-2000010985205.html\" rel=\"nofollow noopener\" target=\"_blank\">helmikuussa<\/a>.<\/p>\n<p class=\"article-body mb-nof-24 px-nof-16\">\u201dUpeaa olla ensimm\u00e4isten joukossa palkittavana, voin olla vain hirvitt\u00e4v\u00e4n ylpe\u00e4. J\u00e4\u00e4d\u00e4\u00e4nh\u00e4n me valtakunnan historiaan\u201d, Saurama sanoo.<\/p>\n<p><img decoding=\"async\" src=\"https:\/\/www.europesays.com\/fi\/wp-content\/uploads\/2025\/10\/1761714674_511_468.jpg\" alt=\"\u201dSosiaaliturvaministeri Sanni Grahn-Laasosella on kunnia kutsua Teid\u00e4t valtakunnalliseen is\u00e4np\u00e4iv\u00e4juhlaan Presidentinlinnaan \u2013 \u2013 sunnuntaina 9. p\u00e4iv\u00e4n\u00e4 marraskuuta 2025 klo 12\u201d, lukee Juha Sauraman saamassa kutsussa.\" class=\"_Img_1rerz_1\" style=\"aspect-ratio:1\" loading=\"eager\"\/><\/p>\n<p class=\"article-picture-caption\">\u201dSosiaaliturvaministeri Sanni Grahn-Laasosella on kunnia kutsua Teid\u00e4t valtakunnalliseen is\u00e4np\u00e4iv\u00e4juhlaan Presidentinlinnaan \u2013 \u2013 sunnuntaina 9. p\u00e4iv\u00e4n\u00e4 marraskuuta 2025 klo 12\u201d, lukee Juha Sauraman saamassa kutsussa. Kuva:\u00a0Juha Sauraman kuvakokoelma<\/p>\n","protected":false},"excerpt":{"rendered":"Is\u00e4np\u00e4iv\u00e4|Aiemmin merkitt\u00e4v\u00e4st\u00e4 kasvatusty\u00f6st\u00e4 jaettava kunniamerkki on my\u00f6nnetty vain \u00e4ideille. Nyt vuoronsa saavat ensi kertaa my\u00f6s is\u00e4t. 28.10. 8:00&hellip;\n","protected":false},"author":2,"featured_media":75144,"comment_status":"","ping_status":"","sticky":false,"template":"","format":"standard","meta":{"footnotes":""},"categories":[12],"tags":[22,23,26,27,33,31,30,17,46,24,25,28,29,15,18,21,32,19,20,16],"class_list":{"0":"post-75143","1":"post","2":"type-post","3":"status-publish","4":"format-standard","5":"has-post-thumbnail","7":"category-suomi","8":"tag-breaking-news","9":"tag-breakingnews","10":"tag-featured-news","11":"tag-featurednews","12":"tag-fi","13":"tag-finland","14":"tag-finnish","15":"tag-headlines","16":"tag-helsingin-sanomat","17":"tag-latest-news","18":"tag-latestnews","19":"tag-main-news","20":"tag-mainnews","21":"tag-news","22":"tag-otsikot","23":"tag-paauutiset","24":"tag-suomi","25":"tag-top-stories","26":"tag-topstories","27":"tag-uutiset"},"share_on_mastodon":{"url":"https:\/\/pubeurope.com\/@fi\/115455740166352518","error":""},"_links":{"self":[{"href":"https:\/\/www.europesays.com\/fi\/wp-json\/wp\/v2\/posts\/75143","targetHints":{"allow":["GET"]}}],"collection":[{"href":"https:\/\/www.europesays.com\/fi\/wp-json\/wp\/v2\/posts"}],"about":[{"href":"https:\/\/www.europesays.com\/fi\/wp-json\/wp\/v2\/types\/post"}],"author":[{"embeddable":true,"href":"https:\/\/www.europesays.com\/fi\/wp-json\/wp\/v2\/users\/2"}],"replies":[{"embeddable":true,"href":"https:\/\/www.europesays.com\/fi\/wp-json\/wp\/v2\/comments?post=75143"}],"version-history":[{"count":0,"href":"https:\/\/www.europesays.com\/fi\/wp-json\/wp\/v2\/posts\/75143\/revisions"}],"wp:featuredmedia":[{"embeddable":true,"href":"https:\/\/www.europesays.com\/fi\/wp-json\/wp\/v2\/media\/75144"}],"wp:attachment":[{"href":"https:\/\/www.europesays.com\/fi\/wp-json\/wp\/v2\/media?parent=75143"}],"wp:term":[{"taxonomy":"category","embeddable":true,"href":"https:\/\/www.europesays.com\/fi\/wp-json\/wp\/v2\/categories?post=75143"},{"taxonomy":"post_tag","embeddable":true,"href":"https:\/\/www.europesays.com\/fi\/wp-json\/wp\/v2\/tags?post=75143"}],"curies":[{"name":"wp","href":"https:\/\/api.w.org\/{rel}","templated":true}]}}