{"id":75311,"date":"2025-10-29T09:22:08","date_gmt":"2025-10-29T09:22:08","guid":{"rendered":"https:\/\/www.europesays.com\/fi\/75311\/"},"modified":"2025-10-29T09:22:08","modified_gmt":"2025-10-29T09:22:08","slug":"ylen-radioiden-uudistukset-kuohuttavat-suomalaisia","status":"publish","type":"post","link":"https:\/\/www.europesays.com\/fi\/75311\/","title":{"rendered":"Ylen radioiden uudistukset kuohuttavat suomalaisia"},"content":{"rendered":"<p>Ylen radiokanavien aamuohjelmien uudistukset eiv\u00e4t ole uponneet suomalaisiin.<\/p>\n<p class=\"article-body mb-nof-24 px-nof-16\">Suomalaiset ovat totutelleet Ylen radioiden uudistuneisiin aamul\u00e4hetyksiin nyt vajaan kuukauden ajan, eik\u00e4 ohjelmien myll\u00e4ys ole somekommenttien perusteella uponnut kuuntelijoihin.<\/p>\n<p class=\"article-body mb-nof-24 px-nof-16\">Etenkin viihdemusiikin soittaminen ja \u201dk\u00e4l\u00e4tys\u201d Ylen Radio 1:n ja Radio Suomen aamul\u00e4hetyksiss\u00e4 jakaa mielipiteit\u00e4. My\u00f6s puhekieli l\u00e4hetyksiss\u00e4 \u00e4rsytt\u00e4\u00e4.<\/p>\n<p class=\"article-body mb-nof-24 px-nof-16\">\u2013 Uusi ohjelma ykk\u00f6saamun tilalla on turhaa k\u00e4l\u00e4tyst\u00e4, Facebookissa kritisoidaan.<\/p>\n<p class=\"article-body mb-nof-24 px-nof-16\">\u2013 Yle Radio 1 on luopunut podcasteissaan kauniista suomen kielest\u00e4 ja uusi aamuohjelma on tyhj\u00e4\u00e4 h\u00f6rin\u00e4\u00e4, er\u00e4s kuuntelija harmittelee.<\/p>\n<p class=\"article-body mb-nof-24 px-nof-16\">Yle Radio 1:n aamul\u00e4hetys uudistui lokakuun alussa ja monet suomalaiset \u00e4imistyiv\u00e4t, kun l\u00e4hetyksess\u00e4 ilmoille kajahti musiikkia. Ennen kanavalla kuultiin aamuisin Ykk\u00f6saamu-puheohjelma.<\/p>\n<p class=\"article-body mb-nof-24 px-nof-16\">\u2013 Yle Radio 1 on pilattu, er\u00e4s pettynyt kuuntelija kirjoittaa Facebookissa.<\/p>\n<p class=\"article-body mb-nof-24 px-nof-16\">Rytmikk\u00e4\u00e4n musiikin lis\u00e4ksi lis\u00e4h\u00e4mmennyst\u00e4 kuuntelijoille aiheutti se, ett\u00e4 tuttu Ykk\u00f6saamu-ohjelma siirtyikin Radio Suomen taajuuksille.<\/p>\n<p class=\"article-body mb-nof-24 px-nof-16\">Monet kirjoittavatkin nyt somessa, etteiv\u00e4t en\u00e4\u00e4 tied\u00e4, mit\u00e4 kanavaa pit\u00e4isi kuunnella ja monelta.<\/p>\n<p class=\"article-body mb-nof-24 px-nof-16\">\u2013 Kuin yst\u00e4v\u00e4 olisi pett\u00e4nyt. Olen yksin turvatta, Ykk\u00f6saamua vuosikausia kuunnellut kirjoittaa Facebookissa.<\/p>\n<p><img decoding=\"async\" src=\"https:\/\/www.europesays.com\/fi\/wp-content\/uploads\/2025\/10\/1761729728_958_468.jpg\" alt=\"Ykk\u00f6saamu-puheohjelma siirtyi Radio Suomeen ja puheohjelman tilalle Yle Radio 1 -kanavalle tuli uusi aamuohjelma.\" class=\"_Img_1rerz_1\" style=\"aspect-ratio:0.6666666666666666\" loading=\"eager\"\/><\/p>\n<p class=\"article-picture-caption\">Ykk\u00f6saamu-puheohjelma siirtyi Radio Suomeen ja puheohjelman tilalle Yle Radio 1 -kanavalle tuli uusi aamuohjelma. Kuva:\u00a0Petteri Tuohinen \/ HS<\/p>\n<p class=\"article-body mb-nof-24 px-nof-16\">Lue lis\u00e4\u00e4: <a class=\"article-genericlink\" href=\"https:\/\/www.is.fi\/tv-ja-elokuvat\/art-2000011543444.html\" rel=\"nofollow noopener\" target=\"_blank\">Ylen aamuohjelma myll\u00e4ttiin t\u00e4ysin ja kuuntelijat raivostuivat \u2013 radiop\u00e4\u00e4llikk\u00f6 vastaa kritiikkiin<\/a><\/p>\n<p class=\"article-body mb-nof-24 px-nof-16\">Jos Yle Radio 1:n muutoksista on tullut kuuntelijoilta kipakkaa palautetta, niin my\u00f6s Radio Suomi on saanut risuja.<\/p>\n<p class=\"article-body mb-nof-24 px-nof-16\">Er\u00e4s kuuntelija kirjoittaa LinkedIn-palvelussa yll\u00e4ttyneens\u00e4, kun kello 9 j\u00e4lkeen Radio Suomella alkavassa Koko Suomen Radio -l\u00e4hetyksess\u00e4 soi Popedan Matkalla Alabamaan. Seurauksena oli korvamato.<\/p>\n<p class=\"article-body mb-nof-24 px-nof-16\">\u2013 Ei kenenk\u00e4\u00e4n pit\u00e4isi joutua kest\u00e4m\u00e4\u00e4n sellaista, mutta Ylen lokakuun radiouudistuksen takia t\u00e4st\u00e4 on tullut arkip\u00e4iv\u00e4\u00e4. Vain koska haluan kuunnella uutiset ja Ykk\u00f6saamun. Yle, miksi teit t\u00e4m\u00e4n! kuuntelija kirjoittaa.<\/p>\n<p class=\"article-body mb-nof-24 px-nof-16\">Yle on vastannut palautteeseen LinkedIniss\u00e4 vahvistetun tilins\u00e4 kautta.<\/p>\n<p class=\"article-body mb-nof-24 px-nof-16\">\u2013 Muutos on hyvin kokonaisvaltainen, joten ymm\u00e4rr\u00e4mme hyvin, ett\u00e4 uudistukset kanavilla aiheuttavat kuulijoissamme monenlaisia tunteita. T\u00e4m\u00e4 kokoluokan uudistukselle on kuitenkin hyv\u00e4 antaa my\u00f6s aikaa, Ylelt\u00e4 vastataan.<\/p>\n<p class=\"article-body mb-nof-24 px-nof-16\">\u2013 Seuraamme asiakaspalautetta tarkasti ja kuuntelemme sit\u00e4 herk\u00e4ll\u00e4 korvalla, joten kiitos huomioistasi.<\/p>\n<p class=\"article-body mb-nof-24 px-nof-16\">Ylen radiop\u00e4\u00e4llikk\u00f6 <a class=\"article-personlink\" href=\"https:\/\/www.is.fi\/haku\/?query=Jonna%20Ferm\" rel=\"nofollow noopener\" target=\"_blank\">Jonna Ferm<\/a> kertoi lokakuun alussa Ilta-Sanomille radiomuutosten perustuvan Ylen yhteiseen strategiaan, mutta taustalla ovat my\u00f6s Ylen leikkaukset.<\/p>\n<p class=\"article-body mb-nof-24 px-nof-16\">\u2013 Radio on monelle t\u00e4rke\u00e4 osa p\u00e4iv\u00e4\u00e4 ja sen rytmi\u00e4, siksi ymm\u00e4rr\u00e4n hyvin, ett\u00e4 muutokset vaikuttavat suoraan arkeen ja voivat tuntua ik\u00e4vilt\u00e4. Radio 1:n aamun on kuitenkin tarkoituskin kuulostaa erilaiselta kuin Ykk\u00f6saamun, sill\u00e4 pyrimme tarjoamaan kuuntelijoillemme kesken\u00e4\u00e4n erilaisia vaihtoehtoja Ylen radiokanavilla, Fern sanoi Ilta-Sanomille.<\/p>\n<p class=\"article-body mb-nof-24 px-nof-16\">Kuuntelijoita harmittava Ykk\u00f6saamun siirtyminen Radio Suomen taajuuksille liittyy Fernin mukaan kanavien profilointiin.<\/p>\n<p class=\"article-body mb-nof-24 px-nof-16\">\u2013 Yle Radio Suomi on ajan tasalla pysymisen kanava niin valtakunnallisissa kuin alueellisissa asioissa, ja Yle Radio 1 tarjoilee laajasti kulttuuria ja kiinnostavia puheohjelmia..<\/p>\n","protected":false},"excerpt":{"rendered":"Ylen radiokanavien aamuohjelmien uudistukset eiv\u00e4t ole uponneet suomalaisiin. Suomalaiset ovat totutelleet Ylen radioiden uudistuneisiin aamul\u00e4hetyksiin nyt vajaan kuukauden&hellip;\n","protected":false},"author":2,"featured_media":75312,"comment_status":"","ping_status":"","sticky":false,"template":"","format":"standard","meta":{"footnotes":""},"categories":[132],"tags":[137,33,31,30,34,195,47,32,109],"class_list":{"0":"post-75311","1":"post","2":"type-post","3":"status-publish","4":"format-standard","5":"has-post-thumbnail","7":"category-musiikki","8":"tag-entertainment","9":"tag-fi","10":"tag-finland","11":"tag-finnish","12":"tag-ilta-sanomat","13":"tag-music","14":"tag-musiikki","15":"tag-suomi","16":"tag-viihde"},"share_on_mastodon":{"url":"https:\/\/pubeurope.com\/@fi\/115456727084878316","error":""},"_links":{"self":[{"href":"https:\/\/www.europesays.com\/fi\/wp-json\/wp\/v2\/posts\/75311","targetHints":{"allow":["GET"]}}],"collection":[{"href":"https:\/\/www.europesays.com\/fi\/wp-json\/wp\/v2\/posts"}],"about":[{"href":"https:\/\/www.europesays.com\/fi\/wp-json\/wp\/v2\/types\/post"}],"author":[{"embeddable":true,"href":"https:\/\/www.europesays.com\/fi\/wp-json\/wp\/v2\/users\/2"}],"replies":[{"embeddable":true,"href":"https:\/\/www.europesays.com\/fi\/wp-json\/wp\/v2\/comments?post=75311"}],"version-history":[{"count":0,"href":"https:\/\/www.europesays.com\/fi\/wp-json\/wp\/v2\/posts\/75311\/revisions"}],"wp:featuredmedia":[{"embeddable":true,"href":"https:\/\/www.europesays.com\/fi\/wp-json\/wp\/v2\/media\/75312"}],"wp:attachment":[{"href":"https:\/\/www.europesays.com\/fi\/wp-json\/wp\/v2\/media?parent=75311"}],"wp:term":[{"taxonomy":"category","embeddable":true,"href":"https:\/\/www.europesays.com\/fi\/wp-json\/wp\/v2\/categories?post=75311"},{"taxonomy":"post_tag","embeddable":true,"href":"https:\/\/www.europesays.com\/fi\/wp-json\/wp\/v2\/tags?post=75311"}],"curies":[{"name":"wp","href":"https:\/\/api.w.org\/{rel}","templated":true}]}}