{"id":75383,"date":"2025-10-29T10:50:10","date_gmt":"2025-10-29T10:50:10","guid":{"rendered":"https:\/\/www.europesays.com\/fi\/75383\/"},"modified":"2025-10-29T10:50:10","modified_gmt":"2025-10-29T10:50:10","slug":"mtv-demareiden-valtuutettu-liioitteli-koulutustaan-paikalliset","status":"publish","type":"post","link":"https:\/\/www.europesays.com\/fi\/75383\/","title":{"rendered":"MTV: Demareiden valtuutettu liioitteli koulutustaan | Paikalliset"},"content":{"rendered":"<p>Helsinkil\u00e4inen kaupunginvaltuutettu <strong>Mahad Ahmed<\/strong> (sd.) on kertonut vaalimainonnassaan olevansa diplomatian ja poliittisen konsultoinnin maisteri, vaikka h\u00e4nen tutkintonsa on ep\u00e4virallinen 60 opintopisteen koulutus, joka ei vastaa suomalaista maisterintutkintoa, <a href=\"https:\/\/www.mtvuutiset.fi\/artikkeli\/sdp-n-helsinkilaisvaltuutettu-on-liioitellut-koulutustaan-en-sano-etta-minulla-on-joku-roskistutkinto\/9247072\" rel=\"nofollow noopener\" target=\"_blank\">uutisoi MTV Uutiset<\/a>.<\/p>\n<p>MTV kertoo, ett\u00e4 Ahmed k\u00e4ytti maisterin titteli\u00e4 viime kev\u00e4\u00e4n kuntavaaleissa muun muassa sosiaalisessa mediassa ja useiden medioiden vaalikoneissa.<\/p>\n<p><strong class=\"diks-storyline__impact\">Ahmed on<\/strong> MTV:n mukaan suorittanut kahden ulkomaisen koulutuslaitoksen yhteisen ja diplomatiaan keskittyv\u00e4n koulutusohjelman.<\/p>\n<p>MTV on n\u00e4hnyt Ahmedin tutkintotodistuksen, jossa Ahmedille on my\u00f6nnetty maisterin arvonimi: Master of Arts In Protocol &amp; Soft Diplomacy Skills.<\/p>\n<p>Kyseess\u00e4 on 60 opintopisteen tutkinto, eik\u00e4 se siis ole suomalaiseen tai eurooppalaiseenkaan maisterintutkintoon verrattava tutkinto, sill\u00e4 eurooppalaisten standardien mukaan maisterintutkinnot ovat yleens\u00e4 90\u2013120 opintopisteen laajuisia. Suomessa yliopistojen maisteritutkinnot ovat aina 120 laajuisia.<\/p>\n<p><strong class=\"diks-storyline__impact\">MTV Uutiset<\/strong> kertoo my\u00f6s Ahmedin tutkintotodistuksessa olevasta merkinn\u00e4st\u00e4, jonka mukaan kyse on Espanjan virallisen korkeakouluj\u00e4rjestelm\u00e4n ulkopuolisesta tutkinnosta.<\/p>\n<p><strong class=\"diks-storyline__impact\">MTV:n tavoittama <\/strong>Ahmed ei itse pid\u00e4 maisterin tittelin k\u00e4ytt\u00f6\u00e4 vaalimainonnassaan virheellisen\u00e4, mutta ymm\u00e4rt\u00e4\u00e4, ett\u00e4 se on voinut tuntua harhaanjohtavalta. H\u00e4n kuitenkin sanoo ymm\u00e4rt\u00e4v\u00e4ns\u00e4, ettei ole suomalaisen j\u00e4rjestelm\u00e4n mukaisesti virallisesti maisteri.<\/p>\n","protected":false},"excerpt":{"rendered":"Helsinkil\u00e4inen kaupunginvaltuutettu Mahad Ahmed (sd.) on kertonut vaalimainonnassaan olevansa diplomatian ja poliittisen konsultoinnin maisteri, vaikka h\u00e4nen tutkintonsa on&hellip;\n","protected":false},"author":2,"featured_media":75384,"comment_status":"","ping_status":"","sticky":false,"template":"","format":"standard","meta":{"footnotes":""},"categories":[5],"tags":[22,23,26,27,33,31,30,17,96,2451,24,25,28,29,15,18,21,637,886,885,887,32,19,20,16,2196],"class_list":{"0":"post-75383","1":"post","2":"type-post","3":"status-publish","4":"format-standard","5":"has-post-thumbnail","7":"category-otsikot","8":"tag-breaking-news","9":"tag-breakingnews","10":"tag-featured-news","11":"tag-featurednews","12":"tag-fi","13":"tag-finland","14":"tag-finnish","15":"tag-headlines","16":"tag-koulutus","17":"tag-kuntavaalit","18":"tag-latest-news","19":"tag-latestnews","20":"tag-main-news","21":"tag-mainnews","22":"tag-news","23":"tag-otsikot","24":"tag-paauutiset","25":"tag-politiikka","26":"tag-puolueet","27":"tag-suomen-poliittiset-puolueet","28":"tag-suomen-politiikka","29":"tag-suomi","30":"tag-top-stories","31":"tag-topstories","32":"tag-uutiset","33":"tag-vaalit"},"share_on_mastodon":{"url":"https:\/\/pubeurope.com\/@fi\/115457072991927189","error":""},"_links":{"self":[{"href":"https:\/\/www.europesays.com\/fi\/wp-json\/wp\/v2\/posts\/75383","targetHints":{"allow":["GET"]}}],"collection":[{"href":"https:\/\/www.europesays.com\/fi\/wp-json\/wp\/v2\/posts"}],"about":[{"href":"https:\/\/www.europesays.com\/fi\/wp-json\/wp\/v2\/types\/post"}],"author":[{"embeddable":true,"href":"https:\/\/www.europesays.com\/fi\/wp-json\/wp\/v2\/users\/2"}],"replies":[{"embeddable":true,"href":"https:\/\/www.europesays.com\/fi\/wp-json\/wp\/v2\/comments?post=75383"}],"version-history":[{"count":0,"href":"https:\/\/www.europesays.com\/fi\/wp-json\/wp\/v2\/posts\/75383\/revisions"}],"wp:featuredmedia":[{"embeddable":true,"href":"https:\/\/www.europesays.com\/fi\/wp-json\/wp\/v2\/media\/75384"}],"wp:attachment":[{"href":"https:\/\/www.europesays.com\/fi\/wp-json\/wp\/v2\/media?parent=75383"}],"wp:term":[{"taxonomy":"category","embeddable":true,"href":"https:\/\/www.europesays.com\/fi\/wp-json\/wp\/v2\/categories?post=75383"},{"taxonomy":"post_tag","embeddable":true,"href":"https:\/\/www.europesays.com\/fi\/wp-json\/wp\/v2\/tags?post=75383"}],"curies":[{"name":"wp","href":"https:\/\/api.w.org\/{rel}","templated":true}]}}