{"id":75471,"date":"2025-10-29T13:01:14","date_gmt":"2025-10-29T13:01:14","guid":{"rendered":"https:\/\/www.europesays.com\/fi\/75471\/"},"modified":"2025-10-29T13:01:14","modified_gmt":"2025-10-29T13:01:14","slug":"varhan-laskutussotku-on-paljon-luultua-laajempi-talla-viikolla-lahetetaan-tuhansia-uusia-karhukirjeita-varsinais-suomi","status":"publish","type":"post","link":"https:\/\/www.europesays.com\/fi\/75471\/","title":{"rendered":"Varhan laskutussotku on paljon luultua laajempi \u2013 t\u00e4ll\u00e4 viikolla l\u00e4hetet\u00e4\u00e4n tuhansia uusia karhukirjeit\u00e4 | Varsinais-Suomi"},"content":{"rendered":"<p class=\"aw-1gybjub aw-5vja16 ghpEtB kjanFo yle__article__paragraph\">Laskujen m\u00e4\u00e4r\u00e4 nousee 40 000:een. Talousjohtaja Ville Rajahalmeen mukaan peritt\u00e4vien saatavien yhteissumma on 14 miljoonaa euroa.<\/p>\n<p><img decoding=\"async\" alt=\"Varhan, eli Varsinais-Suomen hyvinvointialueen kyltti Uudenkaupungin terveyskeskuksen ja sairaalan sein\u00e4ss\u00e4 p\u00e4\u00e4oven p\u00e4\u00e4ll\u00e4.\" src=\"https:\/\/www.europesays.com\/fi\/wp-content\/uploads\/2025\/10\/39-13619816708cfb97468b.jpeg\" class=\"aw-1l9m598 hKVVvP\"\/><\/p>\n<p>Avaa kuvien katselu<\/p>\n<p>Varha on ulkoistanut laskujen perinn\u00e4n perint\u00e4toimisto Ropo Capitalille. Perint\u00e4kirjeen tulee t\u00e4m\u00e4n hetkisen tiedon mukaan saamaan yhteens\u00e4 noin 40 000 ihmist\u00e4. Kuvituskuva. Kuva: Kimmo Gustafsson \/ Yle<\/p>\n<p class=\"aw-1gybjub aw-1p7kakr ghpEtB jtovHP yle__article__paragraph\">Varsinais-Suomen hyvinvointialue (Varha) on l\u00e4hett\u00e4m\u00e4ss\u00e4 t\u00e4ll\u00e4 viikolla lis\u00e4\u00e4 karhukirjeit\u00e4.<\/p>\n<p class=\"aw-1gybjub aw-1p7kakr ghpEtB jtovHP yle__article__paragraph\">Talousjohtaja <strong class=\"aw-ak79eh KyCXm yle__article__strong\">Ville Rajahalme<\/strong> kertoo, ett\u00e4 perint\u00e4 koskee nyt kaikkiaan noin 40 000 asiakasta. Aiemman tiedon mukaan perint\u00e4kirjeit\u00e4 oli l\u00e4hetetty 26 000 ihmisille.<\/p>\n<p class=\"aw-1gybjub aw-1p7kakr ghpEtB jtovHP yle__article__paragraph\">Peritt\u00e4vien saatavien yhteissumma on Rajahalmeen mukaan noin 14 miljoonaa euroa.<\/p>\n<p class=\"aw-1gybjub aw-1p7kakr ghpEtB jtovHP yle__article__paragraph\">Hyvinvointialuejohtaja <strong class=\"aw-ak79eh KyCXm yle__article__strong\">Tarmo Martikainen<\/strong> ei halunnut kommentoida Varhan laskutussotkua Ylelle. H\u00e4n vetoaa siihen, ett\u00e4 Rajahalme tuntee asian taustat parhaiten.<\/p>\n<p class=\"aw-1gybjub aw-1p7kakr ghpEtB jtovHP yle__article__paragraph\">Varha perii asiakkailta maksamattomia laskuja <a class=\"aw-iao6s4 iHOxEa yle__article__link\" href=\"https:\/\/yle.fi\/a\/74-20189963\" role=\"link\" rel=\"nofollow noopener\" target=\"_blank\">kolmen viime vuoden ajalta<\/a>. Karhukirjeit\u00e4 on l\u00e4hetetty <a class=\"aw-iao6s4 iHOxEa yle__article__link\" href=\"https:\/\/yle.fi\/a\/74-20190787\" role=\"link\" rel=\"nofollow noopener\" target=\"_blank\">my\u00f6s kuolleille<\/a>. Perinn\u00e4n hoitaa Varhan puolesta perint\u00e4toimisto Ropo Capital.<\/p>\n<p class=\"aw-1gybjub aw-1p7kakr ghpEtB jtovHP yle__article__paragraph\">Useat ihmiset ovat olleet yhteydess\u00e4 Yleen saamiensa maksukehotusten takia. Kummastusta her\u00e4tt\u00e4\u00e4, ettei kaikki asiakkaat ole saaneet alkuper\u00e4ist\u00e4 laskua.<\/p>\n<p class=\"aw-1gybjub aw-1p7kakr ghpEtB jtovHP yle__article__paragraph\">Eduskunnan oikeusasiamiehelle on tehty asiasta <a class=\"aw-iao6s4 iHOxEa yle__article__link\" href=\"https:\/\/yle.fi\/a\/74-20191071\" role=\"link\" rel=\"nofollow noopener\" target=\"_blank\">kaksi kantelua<\/a> ja Kilpailu- ja kuluttajavirastolle <a class=\"aw-iao6s4 iHOxEa yle__article__link\" href=\"https:\/\/yle.fi\/a\/74-20191071\" role=\"link\" rel=\"nofollow noopener\" target=\"_blank\">nelj\u00e4 ilmoitusta<\/a>.<\/p>\n","protected":false},"excerpt":{"rendered":"Laskujen m\u00e4\u00e4r\u00e4 nousee 40 000:een. Talousjohtaja Ville Rajahalmeen mukaan peritt\u00e4vien saatavien yhteissumma on 14 miljoonaa euroa. Avaa kuvien&hellip;\n","protected":false},"author":2,"featured_media":68268,"comment_status":"","ping_status":"","sticky":false,"template":"","format":"standard","meta":{"footnotes":""},"categories":[5],"tags":[22,23,16201,26,27,33,31,30,17,2218,71,11477,24,25,16203,28,29,16202,15,18,21,32,19,20,662,16,4406,663],"class_list":{"0":"post-75471","1":"post","2":"type-post","3":"status-publish","4":"format-standard","5":"has-post-thumbnail","7":"category-otsikot","8":"tag-breaking-news","9":"tag-breakingnews","10":"tag-eraantynyt-lasku","11":"tag-featured-news","12":"tag-featurednews","13":"tag-fi","14":"tag-finland","15":"tag-finnish","16":"tag-headlines","17":"tag-hyvinvointialueet","18":"tag-kotimaa","19":"tag-laskutus","20":"tag-latest-news","21":"tag-latestnews","22":"tag-luottotiedot","23":"tag-main-news","24":"tag-mainnews","25":"tag-maksumuistutus","26":"tag-news","27":"tag-otsikot","28":"tag-paauutiset","29":"tag-suomi","30":"tag-top-stories","31":"tag-topstories","32":"tag-turku","33":"tag-uutiset","34":"tag-varsinais-suomen-hyvinvointialue","35":"tag-varsinais-suomi"},"share_on_mastodon":{"url":"https:\/\/pubeurope.com\/@fi\/115457588407935059","error":""},"_links":{"self":[{"href":"https:\/\/www.europesays.com\/fi\/wp-json\/wp\/v2\/posts\/75471","targetHints":{"allow":["GET"]}}],"collection":[{"href":"https:\/\/www.europesays.com\/fi\/wp-json\/wp\/v2\/posts"}],"about":[{"href":"https:\/\/www.europesays.com\/fi\/wp-json\/wp\/v2\/types\/post"}],"author":[{"embeddable":true,"href":"https:\/\/www.europesays.com\/fi\/wp-json\/wp\/v2\/users\/2"}],"replies":[{"embeddable":true,"href":"https:\/\/www.europesays.com\/fi\/wp-json\/wp\/v2\/comments?post=75471"}],"version-history":[{"count":0,"href":"https:\/\/www.europesays.com\/fi\/wp-json\/wp\/v2\/posts\/75471\/revisions"}],"wp:featuredmedia":[{"embeddable":true,"href":"https:\/\/www.europesays.com\/fi\/wp-json\/wp\/v2\/media\/68268"}],"wp:attachment":[{"href":"https:\/\/www.europesays.com\/fi\/wp-json\/wp\/v2\/media?parent=75471"}],"wp:term":[{"taxonomy":"category","embeddable":true,"href":"https:\/\/www.europesays.com\/fi\/wp-json\/wp\/v2\/categories?post=75471"},{"taxonomy":"post_tag","embeddable":true,"href":"https:\/\/www.europesays.com\/fi\/wp-json\/wp\/v2\/tags?post=75471"}],"curies":[{"name":"wp","href":"https:\/\/api.w.org\/{rel}","templated":true}]}}