{"id":75506,"date":"2025-10-29T14:12:07","date_gmt":"2025-10-29T14:12:07","guid":{"rendered":"https:\/\/www.europesays.com\/fi\/75506\/"},"modified":"2025-10-29T14:12:07","modified_gmt":"2025-10-29T14:12:07","slug":"wicked-2-on-nahty-aarimmaisen-tunteellinen-jon-m-chu-on-nero-murskaa-sydamet-laajentaa-alkuperaismateriaalia","status":"publish","type":"post","link":"https:\/\/www.europesays.com\/fi\/75506\/","title":{"rendered":"Wicked 2 on n\u00e4hty: &#8221;\u00c4\u00e4rimm\u00e4isen tunteellinen\u201d, \u201dJon M. Chu on nero\u201d, \u201dMurskaa syd\u00e4met\u201d, \u201dLaajentaa alkuper\u00e4ismateriaalia\u201d"},"content":{"rendered":"<p><strong>Jon M. Chu\u2019n<\/strong> musikaalielokuva Wicked (2024) oli j\u00e4ttihitti, joten eik\u00f6h\u00e4n my\u00f6s 21. marraskuuta ensi-iltansa saava Wicked: For Good tule olemaan lippukassahitti.<\/p>\n<p>Ensimm\u00e4inen osa tienasi 744,07 miljoonaa dollaria maailman lippukassoilla. Se on todella hyv\u00e4 suoritus, ottaen huomioon, ett\u00e4 blockbusterit eiv\u00e4t tahkoa en\u00e4\u00e4 miljardituloksia.<\/p>\n<p>Lue my\u00f6s: <a href=\"https:\/\/www.episodi.fi\/uutiset\/kova-nimi-mukaan-wicked-for-good-elokuvaan-musikaali-nappasi-mukaan-kaksinkertaisen-oscar-ehdokkaan\/\" title=\"Kova nimi mukaan Wicked: For Good -elokuvaan \u2013\u00a0Musikaali nappasi mukaan kaksinkertaisen Oscar-ehdokkaan\" class=\"underline-custom !font-montserrat !font-bold !underline-offset-4 !decoration-4 !decoration-episodi-blue !text-md\" rel=\"nofollow noopener\" target=\"_blank\">Kova nimi mukaan Wicked: For Good -elokuvaan \u2013\u00a0Musikaali nappasi mukaan kaksinkertaisen Oscar-ehdokkaan<\/a><\/p>\n<p>Lue my\u00f6s: <a href=\"https:\/\/www.episodi.fi\/uutiset\/toinen-kerta-toden-sanoo-stephen-kingin-kirjasta-tehtiin-uskollinen-elokuvaversio\/\" title=\"Toinen kerta toden sanoo \u2013\u00a0Stephen Kingin kirjasta tehtiin uskollinen elokuvaversio\" class=\"underline-custom !font-montserrat !font-bold !underline-offset-4 !decoration-4 !decoration-episodi-blue !text-md\" rel=\"nofollow noopener\" target=\"_blank\">Toinen kerta toden sanoo \u2013\u00a0Stephen Kingin kirjasta tehtiin uskollinen elokuvaversio<\/a><\/p>\n<p><strong>Ariana Granden, Cynthia Erivon<\/strong> ja <strong>Jonathan Baileyn<\/strong> t\u00e4hditt\u00e4m\u00e4\u00e4 elokuvaa on odoteltu jo innolla.<\/p>\n<p>Kakkososa on n\u00e4hty maailmalla, ja ensip\u00f6hin\u00e4 on enimm\u00e4kseen positiivista. Leffan tarinaa hehkutetaan. Jatko-osaa kehutaan my\u00f6s kokonaisuudessaan paremmaksi.<\/p>\n<p>Alla kommentteja.<\/p>\n<blockquote class=\"twitter-tweet\" data-width=\"500\" data-dnt=\"true\">\n<p lang=\"en\" dir=\"ltr\"><a href=\"https:\/\/twitter.com\/hashtag\/WickedForGood?src=hash&amp;ref_src=twsrc%5Etfw\" rel=\"nofollow noopener\" target=\"_blank\">#WickedForGood<\/a><\/p>\n<p>All Good Deeds Go Rewarded in Wicked: For Good. It\u2019s an epic and heartbreakingly tender conclusion to one of the most dynamic friendships in pop culture history. There\u2019s a lot for fans of the Broadway show to love with butterfly kiss sized surprises in store. <a href=\"https:\/\/t.co\/lTVqbZfawH\" rel=\"nofollow\">pic.twitter.com\/lTVqbZfawH<\/a><\/p>\n<p>\u2014 Destiny Jackson (@DestinyDreadful) <a href=\"https:\/\/twitter.com\/DestinyDreadful\/status\/1982991403778281526?ref_src=twsrc%5Etfw\" rel=\"nofollow noopener\" target=\"_blank\">October 28, 2025<\/a><\/p><\/blockquote>\n<blockquote class=\"twitter-tweet\" data-width=\"500\" data-dnt=\"true\">\n<p lang=\"en\" dir=\"ltr\">Get ready because <a href=\"https:\/\/twitter.com\/hashtag\/WickedForGood?src=hash&amp;ref_src=twsrc%5Etfw\" rel=\"nofollow noopener\" target=\"_blank\">#WickedForGood<\/a> exceeds all expectations. Jon M. Chu is a genius in the way he brings this to a close. Elphaba and Glinda\u2019s stories are expanded, and leave you with an emotional gut punch at the end. Cynthia Erivo is magnificent, but get ready for Ariana Grande\u2026 <a href=\"https:\/\/t.co\/rozw66JyEo\" rel=\"nofollow\">pic.twitter.com\/rozw66JyEo<\/a><\/p>\n<p>\u2014 Jazz Tangcay (@jazzt) <a href=\"https:\/\/twitter.com\/jazzt\/status\/1982990705174659275?ref_src=twsrc%5Etfw\" rel=\"nofollow noopener\" target=\"_blank\">October 28, 2025<\/a><\/p><\/blockquote>\n<blockquote class=\"twitter-tweet\" data-width=\"500\" data-dnt=\"true\">\n<p lang=\"en\" dir=\"ltr\">I spoke w\/Jon M. Chu at the SCAD Film Festival just yesterday in front of a very enthusiastic crowd! Now I can finally share that I&#8217;ve seen Wicked: For Good and he&#8217;s done it again! It&#8217;s gorgeous, full of heart, and sticks the landing. A beautiful finale. <a href=\"https:\/\/t.co\/fjn33WML2C\" rel=\"nofollow\">pic.twitter.com\/fjn33WML2C<\/a><\/p>\n<p>\u2014 Rebecca Ford (@Beccamford) <a href=\"https:\/\/twitter.com\/Beccamford\/status\/1983004031074349408?ref_src=twsrc%5Etfw\" rel=\"nofollow noopener\" target=\"_blank\">October 28, 2025<\/a><\/p><\/blockquote>\n<blockquote class=\"twitter-tweet\" data-width=\"500\" data-dnt=\"true\">\n<p lang=\"en\" dir=\"ltr\">If Wicked part one was faithful to the blueprint of the stage, Wicked: For Good builds out the world to create a full and different (but the same) and extremely emotional version of act 2. <\/p>\n<p>It\u2019s a thrill ride and a heartbreaker and it\u2019s sexy and everything you want it to be.<\/p>\n<p>\u2014 David Gordon (@MrDavidGordon) <a href=\"https:\/\/twitter.com\/MrDavidGordon\/status\/1982984062542508538?ref_src=twsrc%5Etfw\" rel=\"nofollow noopener\" target=\"_blank\">October 28, 2025<\/a><\/p><\/blockquote>\n<blockquote class=\"twitter-tweet\" data-width=\"500\" data-dnt=\"true\">\n<p lang=\"en\" dir=\"ltr\">Saw wicked for good last month and believe me when i say that it expands and deepens the original source material in generally exciting and innovative ways. Cynthia and Ari take their performances to the next level with jaw dropping performances. The film fully sticks the landing<\/p>\n<p>\u2014 Chris Murphy (@christress) <a href=\"https:\/\/twitter.com\/christress\/status\/1982994992261124287?ref_src=twsrc%5Etfw\" rel=\"nofollow noopener\" target=\"_blank\">October 28, 2025<\/a><\/p><\/blockquote>\n<blockquote class=\"twitter-tweet\" data-width=\"500\" data-dnt=\"true\">\n<p lang=\"en\" dir=\"ltr\">SUMMARY OF THE FIRST REACTIONS TO WICKED: FOR GOOD: <\/p>\n<p>\u2013 More emotional and more complex than the first movie <br \/>\u2013 Cynthia and Ariana bring their performances to a whole new level<br \/>\u2013 Dr. Dillamond solo sex scene very tasteful despite being 28 minutes long<br \/>\u2013 Costumes on POINT \u2728 <a href=\"https:\/\/t.co\/SyYIQsRR6r\" rel=\"nofollow\">pic.twitter.com\/SyYIQsRR6r<\/a><\/p>\n<p>\u2014 The Broadway Beat (@BwayBeatNews) <a href=\"https:\/\/twitter.com\/BwayBeatNews\/status\/1983202463206519084?ref_src=twsrc%5Etfw\" rel=\"nofollow noopener\" target=\"_blank\">October 28, 2025<\/a><\/p><\/blockquote>\n<p>Lue my\u00f6s: <a href=\"https:\/\/www.episodi.fi\/uutiskirje\/?uutiskirjemainos=tekstilinkkimainos\" title=\"Tilaa Episodin uutiskirje ja voit voittaa leffalippuja! Nappaa tv-vinkit suoraan s\u00e4hk\u00f6postiin t\u00e4st\u00e4.\" class=\"underline-custom !font-montserrat !font-bold !underline-offset-4 !decoration-4 !decoration-episodi-blue !text-md\" rel=\"nofollow noopener\" target=\"_blank\">Tilaa Episodin uutiskirje ja voit voittaa leffalippuja! Nappaa katseluvinkit suoraan s\u00e4hk\u00f6postiin t\u00e4st\u00e4.<\/a><\/p>\n<p>\t\t\t<script async src=\"https:\/\/platform.twitter.com\/widgets.js\" charset=\"utf-8\"><\/script><\/p>\n","protected":false},"excerpt":{"rendered":"Jon M. Chu\u2019n musikaalielokuva Wicked (2024) oli j\u00e4ttihitti, joten eik\u00f6h\u00e4n my\u00f6s 21. marraskuuta ensi-iltansa saava Wicked: For Good&hellip;\n","protected":false},"author":2,"featured_media":75507,"comment_status":"","ping_status":"","sticky":false,"template":"","format":"standard","meta":{"footnotes":""},"categories":[133],"tags":[11681,11682,137,33,31,30,15354,32,206,156,109,11684,11685],"class_list":{"0":"post-75506","1":"post","2":"type-post","3":"status-publish","4":"format-standard","5":"has-post-thumbnail","7":"category-televisiot","8":"tag-ariana-grande","9":"tag-cynthia-erivo","10":"tag-entertainment","11":"tag-fi","12":"tag-finland","13":"tag-finnish","14":"tag-jon-m-chu","15":"tag-suomi","16":"tag-televisiot","17":"tag-tv","18":"tag-viihde","19":"tag-wicked","20":"tag-wicked-for-good"},"share_on_mastodon":{"url":"https:\/\/pubeurope.com\/@fi\/115457867447248769","error":""},"_links":{"self":[{"href":"https:\/\/www.europesays.com\/fi\/wp-json\/wp\/v2\/posts\/75506","targetHints":{"allow":["GET"]}}],"collection":[{"href":"https:\/\/www.europesays.com\/fi\/wp-json\/wp\/v2\/posts"}],"about":[{"href":"https:\/\/www.europesays.com\/fi\/wp-json\/wp\/v2\/types\/post"}],"author":[{"embeddable":true,"href":"https:\/\/www.europesays.com\/fi\/wp-json\/wp\/v2\/users\/2"}],"replies":[{"embeddable":true,"href":"https:\/\/www.europesays.com\/fi\/wp-json\/wp\/v2\/comments?post=75506"}],"version-history":[{"count":0,"href":"https:\/\/www.europesays.com\/fi\/wp-json\/wp\/v2\/posts\/75506\/revisions"}],"wp:featuredmedia":[{"embeddable":true,"href":"https:\/\/www.europesays.com\/fi\/wp-json\/wp\/v2\/media\/75507"}],"wp:attachment":[{"href":"https:\/\/www.europesays.com\/fi\/wp-json\/wp\/v2\/media?parent=75506"}],"wp:term":[{"taxonomy":"category","embeddable":true,"href":"https:\/\/www.europesays.com\/fi\/wp-json\/wp\/v2\/categories?post=75506"},{"taxonomy":"post_tag","embeddable":true,"href":"https:\/\/www.europesays.com\/fi\/wp-json\/wp\/v2\/tags?post=75506"}],"curies":[{"name":"wp","href":"https:\/\/api.w.org\/{rel}","templated":true}]}}