{"id":75513,"date":"2025-10-29T14:17:09","date_gmt":"2025-10-29T14:17:09","guid":{"rendered":"https:\/\/www.europesays.com\/fi\/75513\/"},"modified":"2025-10-29T14:17:09","modified_gmt":"2025-10-29T14:17:09","slug":"shirly-karvinen-paljastaa-podcastissa-kokemuksensa-kontrolloivasta-kumppanista","status":"publish","type":"post","link":"https:\/\/www.europesays.com\/fi\/75513\/","title":{"rendered":"Shirly Karvinen paljastaa podcastissa kokemuksensa kontrolloivasta kumppanista"},"content":{"rendered":"<p>            Timo Korhonen\n        <\/p>\n<p class=\"subtitle \">Shirly joutui pyyt\u00e4m\u00e4\u00e4n kumppaniltaan lupaa arkisiinkin asioihin.<\/p>\n<p class=\"article-content article-content-width !bg-background\">Vuonna 2016 maan kauneimmaksi kruunattu  on kunnostautunut missivuosiensa j\u00e4lkeen juontajana. Nyky\u00e4\u00e4n h\u00e4n luotsaa omaa Dear Shirly -podcastiaan, jonka <a href=\"https:\/\/podme.com\/fi\/podcast\/dear-shirly\/\" target=\"_blank\" rel=\"nofollow noopener\">tuoreessa jaksossa \u00e4\u00e4neen p\u00e4\u00e4see<\/a> my\u00f6s mediapersoona .\u00a0<\/p>\n<p class=\"font-weight-bold m-font-weight-bold article-content article-content-width !bg-background\">Arkistovideo: Shirly ja AHTI viihtyiv\u00e4t yhdess\u00e4:<\/p>\n<p>Ex maksaa laskut<\/p>\n<p class=\"article-content article-content-width !bg-background\">Kaksikko vastailee podcastissa kuulijoiden l\u00e4hett\u00e4miin kysymyksiin. Er\u00e4s kuulija pohtii, t\u00e4ytyyk\u00f6 uudelle kumppanille kertoa, jos el\u00e4\u00e4 yh\u00e4 ex-kumppanin varoilla.<\/p>\n<p>        <a itemprop=\"url\" href=\"https:\/\/www.seiska.fi\/kotimaa\/oho-shirly-karviselta-suorasukainen-seksipaljastus-podcastissa\/1961102\" rel=\"nofollow noopener\" target=\"_blank\"><\/p>\n<p>\nPodcast:\n<\/p>\n<p class=\"section-date\">\n        <strong class=\"article-section\" data-section=\"kotimaa\"><br \/>\n            kotimaa<br \/>\n        <\/strong><br \/>\n        14.10. 09:58\n    <\/p>\n<p>Oho! Shirly Karviselta suorasukainen seksipaljastus podcastissa\n    <\/p>\n<p itemprop=\"description\" class=\"subtitle \">\n    Shirly my\u00f6nt\u00e4\u00e4 podcastissa, ettei seksist\u00e4 puhuminen ole h\u00e4nelle helppoa. Siit\u00e4 huolimatta h\u00e4n rohkaistuu keskustelemaan aiheesta avoimesti.\n<\/p>\n<p>        <\/a><\/p>\n<p class=\"article-content article-content-width !bg-background\">Kysyj\u00e4 kuvailee ex\u00e4ns\u00e4 maksavan h\u00e4nen laskunsa, s\u00e4hk\u00f6ns\u00e4 ja esimerkiksi kuntosalin, vaikka erosta on vier\u00e4ht\u00e4nyt jo pitk\u00e4 aika.\u00a0<\/p>\n<p>                <img decoding=\"async\" src=\"https:\/\/www.europesays.com\/fi\/wp-content\/uploads\/2025\/10\/1977015.webp\" width=\"576\" height=\"720\" alt=\"Shirly seurusteli aiemmin Sannin kanssa. Ex-pari vahvisti eronsa viime kes\u00e4n\u00e4.\" loading=\"lazy\" \/>            <\/p>\n<p>\n            Shirly seurusteli aiemmin Sannin kanssa. Ex-pari vahvisti eronsa viime kes\u00e4n\u00e4.<br \/>\n            TIMO KORHONEN\n        <\/p>\n<p class=\"article-content article-content-width !bg-background\">\u2013 Ei paska tilanne, Jasmiina tokaisee.<\/p>\n<p class=\"article-content article-content-width !bg-background\">Sek\u00e4 Jasmiina ja Shirly kuitenkin kauhistelevat tilanteesta v\u00e4kisinkin seuraavaa valtasuhdetta. He p\u00e4ivittelev\u00e4t j\u00e4rjestelyn antavan maksajalle j\u00e4rkytt\u00e4v\u00e4n yliotteen sek\u00e4 kontrollin toisesta.\u00a0<\/p>\n<p>        <a itemprop=\"url\" href=\"https:\/\/www.seiska.fi\/kotimaa\/shirly-karvinen-ja-sabina-sarkka-lennahtivat-okylomalle-nahkasukat-vievat-huomion\/1952250\" rel=\"nofollow noopener\" target=\"_blank\"><\/p>\n<p>\nVintagea ja nahkasukkia!\n<\/p>\n<p class=\"section-date\">\n        <strong class=\"article-section\" data-section=\"kotimaa\"><br \/>\n            kotimaa<br \/>\n        <\/strong><br \/>\n        6.10. 11:06\n    <\/p>\n<p>Shirly Karvinen ja Sabina S\u00e4rkk\u00e4 lenn\u00e4htiv\u00e4t \u00f6kylomalle \u2013 nahkasukat viev\u00e4t huomion\n    <\/p>\n<p itemprop=\"description\" class=\"subtitle \">\n    Julkkiskaunottaret julkaisivat kuvia \u00f6kyhotellista, jonka hinta huimaa p\u00e4\u00e4t\u00e4.\n<\/p>\n<p>        <\/a><\/p>\n<p>Puoliso p\u00e4\u00e4tti<\/p>\n<p class=\"article-content article-content-width !bg-background\">Shirlyn ja Jasmiinan mukaan heill\u00e4 ei itsell\u00e4\u00e4n ole kokemusta aivan vastaavasta tilanteesta. Kumppanin kontrolloinnin tarpeesta sen sijaan Shirlyll\u00e4 on tarina kerrottavanaan.\u00a0<\/p>\n<p class=\"article-content article-content-width !bg-background\">Shirly paljastaa asuneensa aiemmin miespuolisen henkil\u00f6n kanssa, joka ei antanut h\u00e4nen p\u00e4\u00e4tt\u00e4\u00e4 lainkaan esimerkiksi yhteisen kodin sisustuksesta. T\u00e4m\u00e4 odotti Shirlyn pyyt\u00e4v\u00e4n lupaa hankintoihin.\u00a0<\/p>\n<p class=\"article-content article-content-width !bg-background\">\u2013 En saanut edes pest\u00e4 h\u00e4nen pyykkej\u00e4\u00e4n, koska olisin laittanut ne kuivumaan v\u00e4\u00e4r\u00e4ll\u00e4 tavalla, Shirly muistelee.<\/p>\n<p>        <a itemprop=\"url\" href=\"https:\/\/www.seiska.fi\/katso\/podcast-karu-totuus-miljonaari-jussista-myotahapeaa\/1975966\" rel=\"nofollow noopener\" target=\"_blank\"><\/p>\n<p>\nPodcast\n<\/p>\n<p class=\"section-date\">\n        <strong class=\"article-section\" data-section=\"katso\"><br \/>\n            katso<br \/>\n        <\/strong><br \/>\n        07:15\n    <\/p>\n<p>Podcast: Karu totuus Miljon\u00e4\u00e4ri-Jussista \u2013 &#8221;My\u00f6t\u00e4h\u00e4pe\u00e4\u00e4&#8221;\n    <\/p>\n<p itemprop=\"description\" class=\"subtitle \">\n    Tuottaja Petteri Ahomaa muistelee aikansa suurhuijausta Miljon\u00e4\u00e4ri-Jussia my\u00f6t\u00e4h\u00e4pe\u00e4n tuntein.\n<\/p>\n<p>        <\/a><\/p>\n<p class=\"article-content article-content-width !bg-background\">Mit\u00e4 kuulijan kysymykseen tulee, sek\u00e4 Shirly ett\u00e4 Jasmiina kokevat ex\u00e4n rahoilla el\u00e4misen olevan mahdollinen turn-off. Kaksikon mukaan j\u00e4rjestelyst\u00e4 syntyy helposti ep\u00e4ilys, onko suhde todella t\u00e4ysin ohi.\u00a0<\/p>\n<p>Kuka maksaa?<\/p>\n<p class=\"article-content article-content-width !bg-background\">T\u00e4yden tasajaon kannallakaan parivaljakko ei kuitenkaan ole. Shirly my\u00f6nt\u00e4\u00e4 olleensa tilanteessa, jossa kumppani on maksanut menoista suuremman osan.\u00a0<\/p>\n<p>                <img decoding=\"async\" src=\"https:\/\/www.europesays.com\/fi\/wp-content\/uploads\/2025\/10\/1977032.webp\" width=\"576\" height=\"322\" alt=\"Shirly seukkasi aikoinaan Vertti Harjuniemen kanssa. Arkistokuva vuodelta 2017.\" loading=\"lazy\" \/>            <\/p>\n<p>\n            Shirly seukkasi aikoinaan Vertti Harjuniemen kanssa. Arkistokuva vuodelta 2017.<br \/>\n            ATTE KAJOVA\n        <\/p>\n<p class=\"article-content article-content-width !bg-background\">\u2013 Olen asunut toisen omistamassa asunnossa. Siit\u00e4 tuli olo, ett\u00e4 on toiselle v\u00e4h\u00e4n velkaa. Eron j\u00e4lkeenkin se ep\u00e4balanssi jatkuu pitk\u00e4\u00e4n, h\u00e4n toteaa jaksossa.<\/p>\n<p class=\"article-content article-content-width !bg-background\">Kokemuksistaan huolimatta Shirly ei ymm\u00e4rr\u00e4, miksei varakkaampi osapuoli haluaisi kustantaa rakkaansa menoja. H\u00e4n itse haluaa tarjota kumppanilleen asioita varojen sen mahdollistaessa.<\/p>\n<p>        <a itemprop=\"url\" href=\"https:\/\/www.seiska.fi\/kotimaa\/podcast-martina-aitolehti-tylyttaa-eksaansa-esko-on-maailman-surkein\/1975362\" rel=\"nofollow noopener\" target=\"_blank\"><\/p>\n<p>\nPodcast\n<\/p>\n<p class=\"section-date\">\n        <strong class=\"article-section\" data-section=\"kotimaa\"><br \/>\n            kotimaa<br \/>\n        <\/strong><br \/>\n        06:00\n    <\/p>\n<p>Podcast: Martina Aitolehti tylytt\u00e4\u00e4 eks\u00e4\u00e4ns\u00e4: &#8221;Esko on maailman surkein&#8221;\n    <\/p>\n<p itemprop=\"description\" class=\"subtitle \">\n    Martina kertoo, mit\u00e4 asioita miehen tulisi h\u00e4nen mielest\u00e4\u00e4n osata.\n<\/p>\n<p>        <\/a><\/p>\n","protected":false},"excerpt":{"rendered":"Timo Korhonen Shirly joutui pyyt\u00e4m\u00e4\u00e4n kumppaniltaan lupaa arkisiinkin asioihin. Vuonna 2016 maan kauneimmaksi kruunattu on kunnostautunut missivuosiensa j\u00e4lkeen&hellip;\n","protected":false},"author":2,"featured_media":75514,"comment_status":"","ping_status":"","sticky":false,"template":"","format":"standard","meta":{"footnotes":""},"categories":[130],"tags":[16209,137,1664,16208,33,31,30,16207,1240,1311,5457,1417,651,32,109],"class_list":{"0":"post-75513","1":"post","2":"type-post","3":"status-publish","4":"format-standard","5":"has-post-thumbnail","7":"category-viihde","8":"tag-dear-shirly-podcast","9":"tag-entertainment","10":"tag-ero","11":"tag-ex-kumppani","12":"tag-fi","13":"tag-finland","14":"tag-finnish","15":"tag-jasmiina-yildiz","16":"tag-raha","17":"tag-rakkaus","18":"tag-shirly-karvinen","19":"tag-suhde","20":"tag-suhteet","21":"tag-suomi","22":"tag-viihde"},"share_on_mastodon":{"url":"https:\/\/pubeurope.com\/@fi\/115457886997673291","error":""},"_links":{"self":[{"href":"https:\/\/www.europesays.com\/fi\/wp-json\/wp\/v2\/posts\/75513","targetHints":{"allow":["GET"]}}],"collection":[{"href":"https:\/\/www.europesays.com\/fi\/wp-json\/wp\/v2\/posts"}],"about":[{"href":"https:\/\/www.europesays.com\/fi\/wp-json\/wp\/v2\/types\/post"}],"author":[{"embeddable":true,"href":"https:\/\/www.europesays.com\/fi\/wp-json\/wp\/v2\/users\/2"}],"replies":[{"embeddable":true,"href":"https:\/\/www.europesays.com\/fi\/wp-json\/wp\/v2\/comments?post=75513"}],"version-history":[{"count":0,"href":"https:\/\/www.europesays.com\/fi\/wp-json\/wp\/v2\/posts\/75513\/revisions"}],"wp:featuredmedia":[{"embeddable":true,"href":"https:\/\/www.europesays.com\/fi\/wp-json\/wp\/v2\/media\/75514"}],"wp:attachment":[{"href":"https:\/\/www.europesays.com\/fi\/wp-json\/wp\/v2\/media?parent=75513"}],"wp:term":[{"taxonomy":"category","embeddable":true,"href":"https:\/\/www.europesays.com\/fi\/wp-json\/wp\/v2\/categories?post=75513"},{"taxonomy":"post_tag","embeddable":true,"href":"https:\/\/www.europesays.com\/fi\/wp-json\/wp\/v2\/tags?post=75513"}],"curies":[{"name":"wp","href":"https:\/\/api.w.org\/{rel}","templated":true}]}}