{"id":75521,"date":"2025-10-29T14:23:08","date_gmt":"2025-10-29T14:23:08","guid":{"rendered":"https:\/\/www.europesays.com\/fi\/75521\/"},"modified":"2025-10-29T14:23:08","modified_gmt":"2025-10-29T14:23:08","slug":"tassa-on-vuoden-poliisi-2025","status":"publish","type":"post","link":"https:\/\/www.europesays.com\/fi\/75521\/","title":{"rendered":"T\u00e4ss\u00e4 on vuoden poliisi 2025"},"content":{"rendered":"<p>Vuoden Poliisi valittiin nyt viidett\u00e4kymmenett\u00e4 kertaa.<\/p>\n<p><img decoding=\"async\" class=\"image image-show image-preview\" src=\"https:\/\/www.europesays.com\/fi\/wp-content\/uploads\/2025\/10\/a5d79daa6b8a32cb2a1374cd60c44d78433030257ec952ca8a15c0c17ccff0ad.jpg\" alt=\"\"\/><img decoding=\"async\" class=\"image image-show\" src=\"https:\/\/www.europesays.com\/fi\/wp-content\/uploads\/2025\/10\/1761747788_307_a5d79daa6b8a32cb2a1374cd60c44d78433030257ec952ca8a15c0c17ccff0ad.jpg\" alt=\"\"\/><\/p>\n<p>Ylikomisario Sami H\u00e4t\u00f6nen kukitettiin juhlaseminaarissa Helsingiss\u00e4. Henri K\u00e4rkk\u00e4inen<\/p>\n<p class=\"paragraph\">Vuoden Poliisi 2025 on Poliisiammattikorkeakoulussa ty\u00f6skentelev\u00e4 ylikomisario <strong>Sami H\u00e4t\u00f6nen<\/strong>. Valinta julkistettiin keskiviikkona Helsingiss\u00e4 j\u00e4rjestetyss\u00e4 juhlaseminaarissa.<\/p>\n<p class=\"paragraph\">T\u00e4n\u00e4 vuonna valinnassa korostettiin viranomaisyhteisty\u00f6t\u00e4. H\u00e4t\u00f6sell\u00e4 on l\u00e4hes 28 vuoden pituinen ja eritt\u00e4in monipuolinen kokemus poliisin valvonta- ja h\u00e4lytysteht\u00e4vist\u00e4 ja niiden kehitt\u00e4misest\u00e4 poliisin eri yksik\u00f6iss\u00e4, Poliisihallituksessa ja Poliisiammattikorkeakoulussa, valintaperusteissa kerrotaan.<\/p>\n<p class=\"paragraph\">Erityisesti h\u00e4nen ansiokseen mainittiin miehitt\u00e4m\u00e4tt\u00f6mien ilma-alusten eli droonien hy\u00f6dynt\u00e4mist\u00e4 poliisitoiminnassa.<\/p>\n<p class=\"paragraph\">H\u00e4t\u00f6nen kertoo pit\u00e4neens\u00e4 uransa merkitt\u00e4vimp\u00e4n\u00e4 k\u00e4\u00e4nnekohtana p\u00e4\u00e4sy\u00e4 alip\u00e4\u00e4llyst\u00f6opintoihin. H\u00e4n p\u00e4\u00e4si komisarioksi alle 30-vuotiaana. T\u00e4ll\u00e4 hetkell\u00e4 ylikomisario H\u00e4t\u00f6nen ty\u00f6skentelee Poliisiammattikorkeakoulun valvonta- ja h\u00e4lytystoimintaosaamisen p\u00e4\u00e4llikk\u00f6n\u00e4. K\u00e4yt\u00e4nn\u00f6ss\u00e4 H\u00e4t\u00f6nen vastaa kaikkien valvonta- ja h\u00e4lytysteht\u00e4viss\u00e4 ty\u00f6skentelevien poliisien osaamisesta.<\/p>\n<p class=\"paragraph\">Omassa juhlapuheessaan Vuoden Poliisi korosti yhteisty\u00f6n merkityst\u00e4.<\/p>\n<p class=\"paragraph\">Vuoden Poliisin valitsevat yhteisty\u00f6ss\u00e4 Helsingin Nuorkauppakamari, Suomen Poliisij\u00e4rjest\u00f6jen Liitto SPJL ja Poliisihallitus. Tunnustus jaettiin t\u00e4n\u00e4 vuonna viidett\u00e4kymmenett\u00e4 kertaa.<\/p>\n<p class=\"paragraph\">Tunnustuksen tavoitteena on nostaa esille ansioituneita poliiseja. Poliisiylijohtaja <a href=\"https:\/\/www.iltalehti.fi\/henkilot\/Ilkka Koskim\u00e4ki\" class=\"article-link-person-page\" rel=\"nofollow noopener\" target=\"_blank\">Ilkka Koskim\u00e4en<\/a> mukaan Vuoden Poliisi on vahva instituutio.<\/p>\n<p class=\"paragraph\">\u2013 Alkuvaiheessa palkitsemisperusteena olivat henkil\u00f6kohtaiset rohkeutta vaatineet uroteot ja ennalta est\u00e4v\u00e4 ty\u00f6. Nykyisin palkinto annetaan henkil\u00f6kohtaisten saavutusten ohella tunnustuksena my\u00f6s Vuoden Poliisin edustamalle toimialalle, kertoo Koskim\u00e4ki tiedotteessa.<\/p>\n","protected":false},"excerpt":{"rendered":"Vuoden Poliisi valittiin nyt viidett\u00e4kymmenett\u00e4 kertaa. Ylikomisario Sami H\u00e4t\u00f6nen kukitettiin juhlaseminaarissa Helsingiss\u00e4. Henri K\u00e4rkk\u00e4inen Vuoden Poliisi 2025 on&hellip;\n","protected":false},"author":2,"featured_media":75522,"comment_status":"","ping_status":"","sticky":false,"template":"","format":"standard","meta":{"footnotes":""},"categories":[5],"tags":[35,22,23,26,27,33,31,30,17,55,24,25,28,29,15,18,21,122,54,52,32,19,20,546,16],"class_list":{"0":"post-75521","1":"post","2":"type-post","3":"status-publish","4":"format-standard","5":"has-post-thumbnail","7":"category-otsikot","8":"tag-24h","9":"tag-breaking-news","10":"tag-breakingnews","11":"tag-featured-news","12":"tag-featurednews","13":"tag-fi","14":"tag-finland","15":"tag-finnish","16":"tag-headlines","17":"tag-lainvalvonta","18":"tag-latest-news","19":"tag-latestnews","20":"tag-main-news","21":"tag-mainnews","22":"tag-news","23":"tag-otsikot","24":"tag-paauutiset","25":"tag-pelastaminen","26":"tag-pelastuspalvelut","27":"tag-poliisi","28":"tag-suomi","29":"tag-top-stories","30":"tag-topstories","31":"tag-turvallisuus","32":"tag-uutiset"},"share_on_mastodon":{"url":"https:\/\/pubeurope.com\/@fi\/115457910785793754","error":""},"_links":{"self":[{"href":"https:\/\/www.europesays.com\/fi\/wp-json\/wp\/v2\/posts\/75521","targetHints":{"allow":["GET"]}}],"collection":[{"href":"https:\/\/www.europesays.com\/fi\/wp-json\/wp\/v2\/posts"}],"about":[{"href":"https:\/\/www.europesays.com\/fi\/wp-json\/wp\/v2\/types\/post"}],"author":[{"embeddable":true,"href":"https:\/\/www.europesays.com\/fi\/wp-json\/wp\/v2\/users\/2"}],"replies":[{"embeddable":true,"href":"https:\/\/www.europesays.com\/fi\/wp-json\/wp\/v2\/comments?post=75521"}],"version-history":[{"count":0,"href":"https:\/\/www.europesays.com\/fi\/wp-json\/wp\/v2\/posts\/75521\/revisions"}],"wp:featuredmedia":[{"embeddable":true,"href":"https:\/\/www.europesays.com\/fi\/wp-json\/wp\/v2\/media\/75522"}],"wp:attachment":[{"href":"https:\/\/www.europesays.com\/fi\/wp-json\/wp\/v2\/media?parent=75521"}],"wp:term":[{"taxonomy":"category","embeddable":true,"href":"https:\/\/www.europesays.com\/fi\/wp-json\/wp\/v2\/categories?post=75521"},{"taxonomy":"post_tag","embeddable":true,"href":"https:\/\/www.europesays.com\/fi\/wp-json\/wp\/v2\/tags?post=75521"}],"curies":[{"name":"wp","href":"https:\/\/api.w.org\/{rel}","templated":true}]}}