{"id":75537,"date":"2025-10-29T14:45:19","date_gmt":"2025-10-29T14:45:19","guid":{"rendered":"https:\/\/www.europesays.com\/fi\/75537\/"},"modified":"2025-10-29T14:45:19","modified_gmt":"2025-10-29T14:45:19","slug":"motorolalta-tulossa-uusi-moto-g67-power-alypuhelin-7-000-milliampeeritunnin-akulla-taysi-julkistus-intiassa-5-marraskuuta","status":"publish","type":"post","link":"https:\/\/www.europesays.com\/fi\/75537\/","title":{"rendered":"Motorolalta tulossa uusi Moto G67 Power -\u00e4lypuhelin 7 000 milliampeeritunnin akulla \u2013 t\u00e4ysi julkistus Intiassa 5. marraskuuta"},"content":{"rendered":"<p><a href=\"https:\/\/www.europesays.com\/fi\/wp-content\/uploads\/2025\/10\/moto_g67_power_india_1.jpg\" data-lightbox=\"image\"><img fetchpriority=\"high\" decoding=\"async\" aria-describedby=\"caption-attachment-267883\" class=\"size-full wp-image-267883\" src=\"data:image\/svg+xml,%3Csvg%20xmlns=\" http:=\"\" alt=\"Motorola esittelee Moto G67 Powerin Intiassa 5. marraskuuta.\" width=\"960\" height=\"597\" data-lazy- data-lazy- data-lazy-src=\"https:\/\/www.europesays.com\/fi\/wp-content\/uploads\/2025\/10\/moto_g67_power_india_1.jpg\"\/><\/a><\/p>\n<p id=\"caption-attachment-267883\" class=\"wp-caption-text\">Motorola esittelee Moto G67 Powerin Intiassa 5. marraskuuta.<\/p>\n<p>Motorola on aloittamassa seuraavan 7-p\u00e4\u00e4tteisen sukupolven edullisen ja keskihintaluokan \u00e4lypuhelinten Moto G -sarjassaan.<\/p>\n<p>Motorola on jo vahvistanut tulevansa julkistamaan Moto G67 Powerin Intiassa 5. marraskuuta. Laajemmasta julkaisusta ei ole tietoa.<\/p>\n<p>Moto G67 Power tulee erottumaan joukosta suurella pii-hiiliakullaan, jonka kapasiteetti on 7 000 milliampeerituntia. Motorolan mukaan akku tarjoaa puhelimelle jopa 58 tunnin k\u00e4ytt\u00f6ajan.<\/p>\n<p style=\"width: 98%; text-align: center; font-size:13px; border-bottom: 1px solid #C8C8C8; line-height: 0.1em; margin: 8px 1% 16px 1%;\">MAINOS (ARTIKKELI JATKUU ALLA)<\/p>\n<p>Muita jo vahvistettuja ominaisuuksia Moto G67 Powerissa ovat 6,7 tuuman n\u00e4ytt\u00f6 Full HD+ -tarkkuudella ja 120 hertsin virkistystaajuudella, Corning Gorilla Glass 7i -n\u00e4ytt\u00f6lasi, 50 megapikselin p\u00e4\u00e4kamera Sony LYT-600 -kennolla, 8 megapikselin ultralaajakulmakamera, 32 megapikselin etukamera, Qualcomm Snapdragon 7s Gen 2 -j\u00e4rjestelm\u00e4piiri, 8 gigatavua RAM-k\u00e4ytt\u00f6muistia sek\u00e4 128 gigatavua tallennusmuistia.<\/p>\n<p>Moto G67 Power on tulossa kolmena Pantone-v\u00e4rivaihtoehtona, ja on kest\u00e4vyydelt\u00e4\u00e4n IP64-luokitellun p\u00f6lytiiviyden ja roiskeenkest\u00e4vyyden lis\u00e4ksi testattu my\u00f6s Yhdysvaltain puolustushallinnon MIL-STD-810H-standardin mukaisesti.<\/p>\n<p>Moto G67 Power on saapumassa markkinoille aluksi vanhalla Android 15 -k\u00e4ytt\u00f6j\u00e4rjestelm\u00e4versiolla, mutta tulee saamaan p\u00e4ivityksen Android 16:een.<\/p>\n<p><a href=\"https:\/\/www.europesays.com\/fi\/wp-content\/uploads\/2025\/10\/moto_g67_power_india_2.jpg\" data-lightbox=\"image\"><img loading=\"lazy\" decoding=\"async\" aria-describedby=\"caption-attachment-267885\" class=\"size-full wp-image-267885\" src=\"data:image\/svg+xml,%3Csvg%20xmlns=\" http:=\"\" alt=\"Moto G67 Powerin ominaisuuksia.\" width=\"1024\" height=\"800\" data-lazy- data-lazy- data-lazy-src=\"https:\/\/www.europesays.com\/fi\/wp-content\/uploads\/2025\/10\/moto_g67_power_india_2.jpg\"\/><\/a><\/p>\n<p id=\"caption-attachment-267885\" class=\"wp-caption-text\">Moto G67 Powerin ominaisuuksia.<\/p>\n<p>Mainos: <a href=\"https:\/\/hinta.fi\/?src=gPp6fX03\" target=\"_blank\" rel=\"nofollow noopener\">Noin 1 600 000 tuotteen hintavertailu ja hintaseuranta &#8211; katso Hinta.fist\u00e4 mist\u00e4 saat halvimmalla<\/a><\/p>\n","protected":false},"excerpt":{"rendered":"Motorola esittelee Moto G67 Powerin Intiassa 5. marraskuuta. Motorola on aloittamassa seuraavan 7-p\u00e4\u00e4tteisen sukupolven edullisen ja keskihintaluokan \u00e4lypuhelinten&hellip;\n","protected":false},"author":2,"featured_media":75538,"comment_status":"","ping_status":"","sticky":false,"template":"","format":"standard","meta":{"footnotes":""},"categories":[84],"tags":[33,31,30,32,91,92],"class_list":{"0":"post-75537","1":"post","2":"type-post","3":"status-publish","4":"format-standard","5":"has-post-thumbnail","7":"category-teknologia","8":"tag-fi","9":"tag-finland","10":"tag-finnish","11":"tag-suomi","12":"tag-technology","13":"tag-teknologia"},"share_on_mastodon":{"url":"https:\/\/pubeurope.com\/@fi\/115457997137859304","error":""},"_links":{"self":[{"href":"https:\/\/www.europesays.com\/fi\/wp-json\/wp\/v2\/posts\/75537","targetHints":{"allow":["GET"]}}],"collection":[{"href":"https:\/\/www.europesays.com\/fi\/wp-json\/wp\/v2\/posts"}],"about":[{"href":"https:\/\/www.europesays.com\/fi\/wp-json\/wp\/v2\/types\/post"}],"author":[{"embeddable":true,"href":"https:\/\/www.europesays.com\/fi\/wp-json\/wp\/v2\/users\/2"}],"replies":[{"embeddable":true,"href":"https:\/\/www.europesays.com\/fi\/wp-json\/wp\/v2\/comments?post=75537"}],"version-history":[{"count":0,"href":"https:\/\/www.europesays.com\/fi\/wp-json\/wp\/v2\/posts\/75537\/revisions"}],"wp:featuredmedia":[{"embeddable":true,"href":"https:\/\/www.europesays.com\/fi\/wp-json\/wp\/v2\/media\/75538"}],"wp:attachment":[{"href":"https:\/\/www.europesays.com\/fi\/wp-json\/wp\/v2\/media?parent=75537"}],"wp:term":[{"taxonomy":"category","embeddable":true,"href":"https:\/\/www.europesays.com\/fi\/wp-json\/wp\/v2\/categories?post=75537"},{"taxonomy":"post_tag","embeddable":true,"href":"https:\/\/www.europesays.com\/fi\/wp-json\/wp\/v2\/tags?post=75537"}],"curies":[{"name":"wp","href":"https:\/\/api.w.org\/{rel}","templated":true}]}}