{"id":75782,"date":"2025-10-29T21:16:07","date_gmt":"2025-10-29T21:16:07","guid":{"rendered":"https:\/\/www.europesays.com\/fi\/75782\/"},"modified":"2025-10-29T21:16:07","modified_gmt":"2025-10-29T21:16:07","slug":"googlen-emoyhtion-liikevaihto-ylitti-ensimmaisen-kerran-100-miljardia-dollaria","status":"publish","type":"post","link":"https:\/\/www.europesays.com\/fi\/75782\/","title":{"rendered":"Googlen emoyhti\u00f6n liikevaihto ylitti ensimm\u00e4isen kerran 100 miljardia dollaria"},"content":{"rendered":"<p>Yritykset|Yhti\u00f6n liikevaihtoa vauhditti vahva kasvu sen ydinliiketoiminnassa sek\u00e4 nopeasti kasvava pilvipalveluliiketoiminta.<\/p>\n<p class=\"article-body mb-nof-24 px-nof-16\">Teknologiaj\u00e4tti Googlen emoyhti\u00f6 Alphabetin liikevaihto ylitti hein\u00e4\u2013syyskuun v\u00e4lisen\u00e4 aikana ensimm\u00e4ist\u00e4 kertaa sata miljardia dollaria eli l\u00e4hes 87 miljardia euroa. Yhti\u00f6n liikevaihto kasvoi vuoden takaiseen verrattuna 16 prosenttia, mik\u00e4 ylitti analyytikoiden ennusteet.<\/p>\n<p class=\"article-body mb-nof-24 px-nof-16\">Yhti\u00f6n liikevaihtoa vauhditti vahva kasvu sen ydinliiketoiminnassa sek\u00e4 nopeasti kasvava pilvipalveluliiketoiminta.<\/p>\n<p class=\"article-body mb-nof-24 px-nof-16\">Alphabetin tulos kasvoi 33 prosenttia 35 miljardiin dollariin eli noin 30 miljardiin euroon. Yhti\u00f6 kykeni hy\u00f6dynt\u00e4m\u00e4\u00e4n teknologiaymp\u00e4rist\u00f6\u00e4 mullistavaa teko\u00e4lybuumia.<\/p>\n<p class=\"article-body mb-nof-24 px-nof-16\">\u201dAlphabetilla oli loistava nelj\u00e4nnes. Kasvu oli kaksinumeroista kaikilla t\u00e4rkeimmill\u00e4 liiketoiminta-alueillamme. Ylitimme ensimm\u00e4isen kerran 100 miljardin dollarin rajan liikevaihdossa yhden nelj\u00e4nneksen aikana\u201d, yhti\u00f6n toimitusjohtaja <a class=\"article-personlink\" href=\"https:\/\/www.hs.fi\/haku\/?query=Sundar%20Pichai\" rel=\"nofollow noopener\" target=\"_blank\">Sundar Pichai<\/a> <a class=\"article-genericlink\" href=\"https:\/\/s206.q4cdn.com\/479360582\/files\/doc_news\/2025\/Oct\/29\/attachments\/2025q3-alphabet-earnings-release.pdf\" rel=\"nofollow noopener\" target=\"_blank\">kommentoi<\/a> osavuositulosta.<\/p>\n","protected":false},"excerpt":{"rendered":"Yritykset|Yhti\u00f6n liikevaihtoa vauhditti vahva kasvu sen ydinliiketoiminnassa sek\u00e4 nopeasti kasvava pilvipalveluliiketoiminta. Teknologiaj\u00e4tti Googlen emoyhti\u00f6 Alphabetin liikevaihto ylitti hein\u00e4\u2013syyskuun&hellip;\n","protected":false},"author":2,"featured_media":83,"comment_status":"","ping_status":"","sticky":false,"template":"","format":"standard","meta":{"footnotes":""},"categories":[76],"tags":[79,77,33,31,30,46,32,78],"class_list":{"0":"post-75782","1":"post","2":"type-post","3":"status-publish","4":"format-standard","5":"has-post-thumbnail","7":"category-talous","8":"tag-business","9":"tag-economy","10":"tag-fi","11":"tag-finland","12":"tag-finnish","13":"tag-helsingin-sanomat","14":"tag-suomi","15":"tag-talous"},"share_on_mastodon":{"url":"https:\/\/pubeurope.com\/@fi\/115459534680067010","error":""},"_links":{"self":[{"href":"https:\/\/www.europesays.com\/fi\/wp-json\/wp\/v2\/posts\/75782","targetHints":{"allow":["GET"]}}],"collection":[{"href":"https:\/\/www.europesays.com\/fi\/wp-json\/wp\/v2\/posts"}],"about":[{"href":"https:\/\/www.europesays.com\/fi\/wp-json\/wp\/v2\/types\/post"}],"author":[{"embeddable":true,"href":"https:\/\/www.europesays.com\/fi\/wp-json\/wp\/v2\/users\/2"}],"replies":[{"embeddable":true,"href":"https:\/\/www.europesays.com\/fi\/wp-json\/wp\/v2\/comments?post=75782"}],"version-history":[{"count":0,"href":"https:\/\/www.europesays.com\/fi\/wp-json\/wp\/v2\/posts\/75782\/revisions"}],"wp:featuredmedia":[{"embeddable":true,"href":"https:\/\/www.europesays.com\/fi\/wp-json\/wp\/v2\/media\/83"}],"wp:attachment":[{"href":"https:\/\/www.europesays.com\/fi\/wp-json\/wp\/v2\/media?parent=75782"}],"wp:term":[{"taxonomy":"category","embeddable":true,"href":"https:\/\/www.europesays.com\/fi\/wp-json\/wp\/v2\/categories?post=75782"},{"taxonomy":"post_tag","embeddable":true,"href":"https:\/\/www.europesays.com\/fi\/wp-json\/wp\/v2\/tags?post=75782"}],"curies":[{"name":"wp","href":"https:\/\/api.w.org\/{rel}","templated":true}]}}