{"id":75806,"date":"2025-10-29T22:04:09","date_gmt":"2025-10-29T22:04:09","guid":{"rendered":"https:\/\/www.europesays.com\/fi\/75806\/"},"modified":"2025-10-29T22:04:09","modified_gmt":"2025-10-29T22:04:09","slug":"lauri-markkanen-kasittamaton-kaanne-uhkaa","status":"publish","type":"post","link":"https:\/\/www.europesays.com\/fi\/75806\/","title":{"rendered":"Lauri Markkanen: K\u00e4sitt\u00e4m\u00e4t\u00f6n k\u00e4\u00e4nne uhkaa"},"content":{"rendered":"<p>Suomalaisasiantuntijan mukaan Jazz saattaa hyvin luopua hirmuvireeseen \u00e4ityneest\u00e4 suomalaist\u00e4hdest\u00e4\u00e4n. <\/p>\n<p><img decoding=\"async\" class=\"image image-show image-preview\" src=\"https:\/\/www.europesays.com\/fi\/wp-content\/uploads\/2025\/10\/1f1bb0fd2e64af9181bbcb124e4eacc17ba581a2d60f7d14412fdb68e187956b.jpg\" alt=\"\"\/><img decoding=\"async\" class=\"image image-show\" src=\"https:\/\/www.europesays.com\/fi\/wp-content\/uploads\/2025\/10\/1761775449_883_1f1bb0fd2e64af9181bbcb124e4eacc17ba581a2d60f7d14412fdb68e187956b.jpg\" alt=\"\"\/><\/p>\n<p>Lauri Markkanen (vas.) piti Phoenix Sunsin Grayson Allenia pilkkanaan.  AOP<\/p>\n<p class=\"paragraph\">Phoenix Suns joutui maanantaina suomalaishurrikaanin pieksem\u00e4ksi.<\/p>\n<p class=\"paragraph\">Jyv\u00e4skyl\u00e4l\u00e4inen <strong>Lauri Markkanen<\/strong> tempaisi h\u00e4mment\u00e4v\u00e4t 51 pistett\u00e4, kun h\u00e4nen joukkueensa Utah Jazz kaatoi arizonalaiset kotiparketillaan.<\/p>\n<p class=\"paragraph\">\u2013\u2009Miten sen nyt sanoisi? Mit\u00e4 nyt katselin oman alueeni median huomiointia, niin ei se ollut siell\u00e4 kovinkaan isolla. Kyll\u00e4 se mielest\u00e4ni t\u00e4\u00e4ll\u00e4 Suomessa ansaitsisi isomman huomion, tamperelainen korislegenda <strong>Antero Lehto<\/strong> aloittaa.<\/p>\n<p class=\"paragraph\">\u2013\u2009Se on todella kova urheilusuoritus, kun ottaa huomioon viel\u00e4 NBA:n maailmanlaajuisen suosion. 51 pistett\u00e4 on hirvitt\u00e4v\u00e4n vaikeaa laittaa perspektiiviin, jos ei ole itse koskaan pelannut koripalloa.<\/p>\n<p class=\"paragraph\">Susijengiss\u00e4kin takamiehen\u00e4 pelannut Lehto itse muistaa tehneens\u00e4 41 pistett\u00e4 yhdess\u00e4 ottelussa.<\/p>\n<p class=\"paragraph\">\u2013\u2009Se oli alle 22-vuotiaiden SM-sarjan finaali. Sin\u00e4 iltana kaikki loksahtivat ihan ilmi\u00f6m\u00e4isesti kohdalleen. Ja Markkasen kohdalla puhutaan t\u00e4ysin eri tason meiningist\u00e4.<\/p>\n<p>\u201dLiian\u201d hyv\u00e4 startti<\/p>\n<p class=\"paragraph\">Uransa jo p\u00e4\u00e4tt\u00e4nyt Lehto on tullut tunnetuksi Nelosen korisl\u00e4hetysten asiantuntijana. NBA:n televisio-oikeudet Suomessa ovat HBO:n suoratoistopalvelulla, ja luonnollisesti Pyrinn\u00f6n nuorisokoordinaattorina toimiva Lehto seuraa my\u00f6s niit\u00e4 herke\u00e4m\u00e4tt\u00e4.<\/p>\n<p class=\"paragraph\">\u2013\u2009Jokainen voi l\u00e4hte\u00e4 kokeilemaan vaikka alueellisessa kutosdivarissa, miten helppo on tehd\u00e4 51 pistett\u00e4 peliss\u00e4.<\/p>\n<p class=\"paragraph\">\u2013\u2009Ainakin omassa kategoriassani se nousee todella korkealle. Markkanen on ehdottomasti supert\u00e4htitasolla.<\/p>\n<p class=\"paragraph\">Jazzin kausi on k\u00e4ynnistynyt yll\u00e4tt\u00e4v\u00e4n hyvin. Kolmen ottelun j\u00e4lkeen joukkueen voittoprosentti on 66,7, joka on aivan liian hyv\u00e4.<\/p>\n<p>Lauri Markkasella on allaan ehj\u00e4 harjoituskausi.  Jussi Saarinen<\/p>\n<p class=\"paragraph\">Seurajohto nimitt\u00e4in haluaa, ett\u00e4 joukkue j\u00e4isi t\u00e4ll\u00e4kin kaudella liigan jumboksi, jotta se saisi mahdollisimman hyv\u00e4t mahdollisuudet saada ykk\u00f6svarausvuoro tulevan kes\u00e4n draftiin.<\/p>\n<p class=\"paragraph\">Eurooppalaisesta n\u00e4k\u00f6kulmasta asennetta on todella vaikea ymm\u00e4rt\u00e4\u00e4.<\/p>\n<p class=\"paragraph\">\u2013\u2009Se tekee Utah Jazzin seuraamisesta \u00e4\u00e4rimm\u00e4isen tyls\u00e4\u00e4 suomalaisille. T\u00e4m\u00e4 on bisnest\u00e4, jossa raha sanelee tekemist\u00e4. Siin\u00e4 on urheilun eettisell\u00e4 puolella aika pieni painoarvo. Kyseess\u00e4 on vain iso show.<\/p>\n<p>Myyd\u00e4\u00e4nk\u00f6 Markkanen?<\/p>\n<p class=\"paragraph\">Onkin hyvin todenn\u00e4k\u00f6ist\u00e4, ettei Jazz-johto anna Markkasen ja p\u00e4\u00e4valmentaja <strong>Will Hardyn<\/strong> nauttia pitkist\u00e4 voittoputkista runkosarjan aikana.<\/p>\n<p class=\"paragraph\">Viime vuonna Jazz sai jopa sakot, kun se istutti suomalaist\u00e4hte\u00e4\u00e4n katsomon puolella.<\/p>\n<p class=\"paragraph\">\u2013\u2009Valitettavasti meid\u00e4n valovoimaisin urheilijamme on j\u00e4\u00e4nyt tietyll\u00e4 tapaa sen uhriksi, Lehto huokaa.<\/p>\n<p>Antero Lehdon minuutit Susijengiss\u00e4 j\u00e4iv\u00e4t v\u00e4hiin saman pelipaikan Petteri Koposen ja Teemu Rannikon takia.  Pasi Liesimaa<\/p>\n<p class=\"paragraph\">Kauden ennakoissa Jazzista todellakin leivottiin NBA:n heittopussia. Ensimm\u00e4iset ottelut ovat kuitenkin n\u00e4ytt\u00e4neet, ett\u00e4 Salt Lake Cityyn on saatu jalkeille varsin iskukykyinen korisjengi.<\/p>\n<p class=\"paragraph\">\u2013\u2009L\u00e4htisin miettim\u00e4\u00e4n sit\u00e4 Markkasen kautta. H\u00e4n on saanut olla terve, ja alla on hyv\u00e4 harjoituskausi. H\u00e4n sai pelattua hyv\u00e4t EM-kisat l\u00e4pi, vaikka ne eiv\u00e4t olleet h\u00e4nelle ihan t\u00e4ysi napakymppi. Heitto oli v\u00e4h\u00e4n hakusessa kovempia maita vasten, Lehto analysoi.<\/p>\n<p class=\"paragraph\">\u2013\u2009H\u00e4nelle on varmasti j\u00e4\u00e4nyt n\u00e4ytt\u00e4mishalua. Hyv\u00e4 kausi avittaa sit\u00e4, ett\u00e4 h\u00e4net voitaisiin jossain vaiheessa kaupata muualle. Silloin Markkanen p\u00e4\u00e4sisi oikeasti sellaiseen joukkueeseen, joka voisi taistella korkeammista sijoituksista.<\/p>\n","protected":false},"excerpt":{"rendered":"Suomalaisasiantuntijan mukaan Jazz saattaa hyvin luopua hirmuvireeseen \u00e4ityneest\u00e4 suomalaist\u00e4hdest\u00e4\u00e4n. Lauri Markkanen (vas.) piti Phoenix Sunsin Grayson Allenia pilkkanaan.&hellip;\n","protected":false},"author":2,"featured_media":75807,"comment_status":"","ping_status":"","sticky":false,"template":"","format":"standard","meta":{"footnotes":""},"categories":[158],"tags":[35,3289,33,31,30,3288,41,5037,159,32,160,161],"class_list":{"0":"post-75806","1":"post","2":"type-post","3":"status-publish","4":"format-standard","5":"has-post-thumbnail","7":"category-urheilu","8":"tag-24h","9":"tag-ammattilaiskoripallo","10":"tag-fi","11":"tag-finland","12":"tag-finnish","13":"tag-koripalloilu","14":"tag-liikunta-ja-urheilu","15":"tag-national-basketball-association-nba","16":"tag-sports","17":"tag-suomi","18":"tag-urheilu","19":"tag-urheilutapahtumat"},"share_on_mastodon":{"url":"https:\/\/pubeurope.com\/@fi\/115459723406947155","error":""},"_links":{"self":[{"href":"https:\/\/www.europesays.com\/fi\/wp-json\/wp\/v2\/posts\/75806","targetHints":{"allow":["GET"]}}],"collection":[{"href":"https:\/\/www.europesays.com\/fi\/wp-json\/wp\/v2\/posts"}],"about":[{"href":"https:\/\/www.europesays.com\/fi\/wp-json\/wp\/v2\/types\/post"}],"author":[{"embeddable":true,"href":"https:\/\/www.europesays.com\/fi\/wp-json\/wp\/v2\/users\/2"}],"replies":[{"embeddable":true,"href":"https:\/\/www.europesays.com\/fi\/wp-json\/wp\/v2\/comments?post=75806"}],"version-history":[{"count":0,"href":"https:\/\/www.europesays.com\/fi\/wp-json\/wp\/v2\/posts\/75806\/revisions"}],"wp:featuredmedia":[{"embeddable":true,"href":"https:\/\/www.europesays.com\/fi\/wp-json\/wp\/v2\/media\/75807"}],"wp:attachment":[{"href":"https:\/\/www.europesays.com\/fi\/wp-json\/wp\/v2\/media?parent=75806"}],"wp:term":[{"taxonomy":"category","embeddable":true,"href":"https:\/\/www.europesays.com\/fi\/wp-json\/wp\/v2\/categories?post=75806"},{"taxonomy":"post_tag","embeddable":true,"href":"https:\/\/www.europesays.com\/fi\/wp-json\/wp\/v2\/tags?post=75806"}],"curies":[{"name":"wp","href":"https:\/\/api.w.org\/{rel}","templated":true}]}}