{"id":75850,"date":"2025-10-29T23:29:08","date_gmt":"2025-10-29T23:29:08","guid":{"rendered":"https:\/\/www.europesays.com\/fi\/75850\/"},"modified":"2025-10-29T23:29:08","modified_gmt":"2025-10-29T23:29:08","slug":"suomen-ensimmainen-f-35-havittaja-on-koottu","status":"publish","type":"post","link":"https:\/\/www.europesays.com\/fi\/75850\/","title":{"rendered":"Suomen ensimm\u00e4inen F-35-h\u00e4vitt\u00e4j\u00e4 on koottu"},"content":{"rendered":"<p>Asekaupat|Kone kasattiin Lockheed Martinin tehtaalla Texasin Fort Worthissa. Ensimm\u00e4iset F-35:t toimitetaan Lapin lennostoon ensi vuonna.<\/p>\n<p>29.10. 23:58<\/p>\n<p class=\"article-body mb-nof-24 px-nof-16\">Suomen ensimm\u00e4inen F-35-h\u00e4vitt\u00e4j\u00e4 on kasattu tehtaan kokoonpanolinjalla, yhdysvaltalainen asekonserni Lockheed Martin kertoo viestipalvelu <a class=\"article-genericlink\" href=\"https:\/\/x.com\/LMEuropeNews\/status\/1983506921907712355\" rel=\"nofollow\">X:ss\u00e4<\/a>.<\/p>\n<p class=\"article-body mb-nof-24 px-nof-16\">Kone valmistettiin asekonsernin tehtaalla Texasin Fort Worthissa. H\u00e4vitt\u00e4jien tuotannon edistymist\u00e4 juhlistettiin eturungon signeeraustilaisuudella tiistaina, <a class=\"article-genericlink\" href=\"https:\/\/ilmavoimat.fi\/-\/suomen-ensimmaisten-f-35-monitoimihavittajien-tuotanto-edistyy\" rel=\"nofollow noopener\" target=\"_blank\">Ilmavoimat<\/a> kertoo. L\u00e4sn\u00e4 oli v\u00e4ke\u00e4 muun muassa Ilmavoimista, puolustusministeri\u00f6st\u00e4 ja Yhdysvaltain hallinnosta.<\/p>\n<p class=\"article-body mb-nof-24 px-nof-16\">Lockheed Martinin kuvissa koneella on turkoosi pinnoite. <a class=\"article-genericlink\" href=\"https:\/\/puolustusvoimat.fi\/hx-hanke\" rel=\"nofollow noopener\" target=\"_blank\">Puolustusvoimien<\/a> mukaan koneisiin tulee lopulta tummanharmaa pinta.<\/p>\n<p class=\"article-body mb-nof-24 px-nof-16\">Suomi tilasi Yhdysvalloista 64 F-35-h\u00e4iveh\u00e4vitt\u00e4j\u00e4\u00e4 vuonna 2021. Kaupan kokonaishinta on noin 10 miljardia euroa. Koneiden tuotanto k\u00e4ynnistyi viime vuonna.<\/p>\n<p class=\"article-body mb-nof-24 px-nof-16\">Ensimm\u00e4iset F-35:t toimitetaan Lapin lennostoon vuonna 2026. Niiden on m\u00e4\u00e4r\u00e4 korvata nykyiset Hornet-h\u00e4vitt\u00e4j\u00e4t vuoden 2030 loppuun menness\u00e4.<\/p>\n<p class=\"article-body mb-nof-24 px-nof-16\">Suomen ensimm\u00e4iset F-35-lent\u00e4j\u00e4t koulutetaan Yhdysvalloissa.<\/p>\n","protected":false},"excerpt":{"rendered":"Asekaupat|Kone kasattiin Lockheed Martinin tehtaalla Texasin Fort Worthissa. Ensimm\u00e4iset F-35:t toimitetaan Lapin lennostoon ensi vuonna. 29.10. 23:58 Suomen&hellip;\n","protected":false},"author":2,"featured_media":83,"comment_status":"","ping_status":"","sticky":false,"template":"","format":"standard","meta":{"footnotes":""},"categories":[5],"tags":[22,23,26,27,33,31,30,17,46,24,25,28,29,15,18,21,32,19,20,16],"class_list":{"0":"post-75850","1":"post","2":"type-post","3":"status-publish","4":"format-standard","5":"has-post-thumbnail","7":"category-otsikot","8":"tag-breaking-news","9":"tag-breakingnews","10":"tag-featured-news","11":"tag-featurednews","12":"tag-fi","13":"tag-finland","14":"tag-finnish","15":"tag-headlines","16":"tag-helsingin-sanomat","17":"tag-latest-news","18":"tag-latestnews","19":"tag-main-news","20":"tag-mainnews","21":"tag-news","22":"tag-otsikot","23":"tag-paauutiset","24":"tag-suomi","25":"tag-top-stories","26":"tag-topstories","27":"tag-uutiset"},"share_on_mastodon":{"url":"https:\/\/pubeurope.com\/@fi\/115460057553130734","error":""},"_links":{"self":[{"href":"https:\/\/www.europesays.com\/fi\/wp-json\/wp\/v2\/posts\/75850","targetHints":{"allow":["GET"]}}],"collection":[{"href":"https:\/\/www.europesays.com\/fi\/wp-json\/wp\/v2\/posts"}],"about":[{"href":"https:\/\/www.europesays.com\/fi\/wp-json\/wp\/v2\/types\/post"}],"author":[{"embeddable":true,"href":"https:\/\/www.europesays.com\/fi\/wp-json\/wp\/v2\/users\/2"}],"replies":[{"embeddable":true,"href":"https:\/\/www.europesays.com\/fi\/wp-json\/wp\/v2\/comments?post=75850"}],"version-history":[{"count":0,"href":"https:\/\/www.europesays.com\/fi\/wp-json\/wp\/v2\/posts\/75850\/revisions"}],"wp:featuredmedia":[{"embeddable":true,"href":"https:\/\/www.europesays.com\/fi\/wp-json\/wp\/v2\/media\/83"}],"wp:attachment":[{"href":"https:\/\/www.europesays.com\/fi\/wp-json\/wp\/v2\/media?parent=75850"}],"wp:term":[{"taxonomy":"category","embeddable":true,"href":"https:\/\/www.europesays.com\/fi\/wp-json\/wp\/v2\/categories?post=75850"},{"taxonomy":"post_tag","embeddable":true,"href":"https:\/\/www.europesays.com\/fi\/wp-json\/wp\/v2\/tags?post=75850"}],"curies":[{"name":"wp","href":"https:\/\/api.w.org\/{rel}","templated":true}]}}