{"id":75851,"date":"2025-10-29T23:37:48","date_gmt":"2025-10-29T23:37:48","guid":{"rendered":"https:\/\/www.europesays.com\/fi\/75851\/"},"modified":"2025-10-29T23:37:48","modified_gmt":"2025-10-29T23:37:48","slug":"pelkaatko-kaarmeita-tai-korkeita-paikkoja-virtuaalitodellisuus-avuksi-pelkojen-voittamiseen","status":"publish","type":"post","link":"https:\/\/www.europesays.com\/fi\/75851\/","title":{"rendered":"Pelk\u00e4\u00e4tk\u00f6 k\u00e4\u00e4rmeit\u00e4 tai korkeita paikkoja? Virtuaalitodellisuus avuksi pelkojen voittamiseen"},"content":{"rendered":"<p>\u00a0<\/p>\n<p><img fetchpriority=\"high\" decoding=\"async\" class=\"aligncenter size-full wp-image-72074\" src=\"data:image\/svg+xml,%3Csvg%20xmlns=\" http:=\"\" alt=\"Kyy k\u00e4\u00e4rme\" width=\"1500\" height=\"975\" data-lazy- data-lazy- data-lazy-src=\"https:\/\/www.europesays.com\/fi\/wp-content\/uploads\/2025\/10\/kyy-vipera-berus.jpg\"\/><\/p>\n<p>Joka kolmas suomalainen my\u00f6nt\u00e4\u00e4 k\u00e4rsiv\u00e4ns\u00e4 jostakin fobiasta. Jopa 60 prosenttia kertoo, ett\u00e4 he ovat j\u00e4tt\u00e4neet asioita tekem\u00e4tt\u00e4 pelkonsa vuoksi. 59 prosenttia on kuitenkin yritt\u00e4nyt lievitt\u00e4\u00e4 pelkojaan. Tiedot k\u00e4yv\u00e4t ilmi Samsungin teett\u00e4m\u00e4st\u00e4 tutkimuksesta, jonka taustalla on ajatus mahdollisuudesta\u00a0auttaa ihmisi\u00e4 lievitt\u00e4m\u00e4\u00e4n pelkojaan virtuaalitodellisuuden avulla.<\/p>\n<p style=\"width: 98%; text-align: center; font-size:13px; border-bottom: 1px solid #C8C8C8; line-height: 0.1em; margin: 8px 1% 16px 1%;\">MAINOS (ARTIKKELI JATKUU ALLA)<\/p>\n<p>18 prosenttia suomalaisvastaajista kertoi, ett\u00e4 heid\u00e4n pelkonsa oli est\u00e4nyt heit\u00e4 menem\u00e4st\u00e4 hammasl\u00e4\u00e4k\u00e4riin. 13 prosenttia ei halunnut nukkua teltassa, ja 12 prosenttia kertoi v\u00e4ltt\u00e4v\u00e4ns\u00e4 ulos menemist\u00e4. Pelko vaikuttaa monen el\u00e4m\u00e4\u00e4n, mutta vain reilu puolet vastaajista kertoi yritt\u00e4neens\u00e4 lievitt\u00e4\u00e4 fobioitaan. Pelkojen lievitt\u00e4misen esteeksi kerrottiin muun muassa se, etteiv\u00e4t vastaajat tienneet, miten he voisivat lievitt\u00e4\u00e4 pelkojaan. Yli nelj\u00e4nnes vastaajista\u00a0ei uskonut pelkojen lievitt\u00e4misen olevan mahdollista.<\/p>\n<p>\u201dPelko on ep\u00e4miellytt\u00e4v\u00e4 tunne, jonka taustalla on kokemus uhasta. Tunne ei ole riippuvainen siit\u00e4, onko uhka todellinen vai ei. Kognitiivisen k\u00e4ytt\u00e4ytymisterapian mukaan pelkotiloja voidaan lievitt\u00e4\u00e4 asteittain. Pelko v\u00e4henee, kun yksil\u00f6 altistuu pelkonsa kohteelle ja oppii siet\u00e4m\u00e4\u00e4n sit\u00e4\u201d, toteaa laillistettu psykologi\u00a0Stefan Deak.<\/p>\n<p>Samsungin tutkimuksen mukaan 53 prosenttia suomalaisista olisi valmis kohtaamaan pelkonsa, jos se auttaisi heit\u00e4 p\u00e4\u00e4sem\u00e4\u00e4 pelosta eroon.<\/p>\n<p style=\"width: 98%; text-align: center; font-size:13px; border-bottom: 1px solid #C8C8C8; line-height: 0.1em; margin: 8px 1% 16px 1%;\">MAINOS (ARTIKKELI JATKUU ALLA)<\/p>\n<p><img loading=\"lazy\" decoding=\"async\" class=\"aligncenter size-full wp-image-72073\" src=\"data:image\/svg+xml,%3Csvg%20xmlns=\" http:=\"\" alt=\"Samsung Gear VR kohtaa pelkosi\" width=\"1500\" height=\"1000\" data-lazy- data-lazy- data-lazy-src=\"https:\/\/www.europesays.com\/fi\/wp-content\/uploads\/2025\/10\/faceyourfear_fi_3.jpg\"\/><\/p>\n<p>Ruotsalainen startup-yritys Mimerse on tutkinut, miten ihmisten pelkoja voitaisiin lievitt\u00e4\u00e4 yhdist\u00e4m\u00e4ll\u00e4 VR-teknologia ja psykologia. Samsungin ja ruotsalaisen innovaatioyritys Vinnovan avulla Mimerse kehitti Itsy-nimisen sovelluksen, jossa altistetaan k\u00e4ytt\u00e4j\u00e4 pelkonsa kohteelle, t\u00e4ss\u00e4 tapauksessa h\u00e4m\u00e4h\u00e4keille. Sovellusta k\u00e4ytet\u00e4\u00e4n Samsungin VR-lasien kanssa, ja sen pit\u00e4isi lievitt\u00e4\u00e4 pelkoa kolmessa tunnissa.<\/p>\n<p>Samsungin tilaama ja YouGov-yhti\u00f6n tekem\u00e4 tutkimus paljastaa, mit\u00e4 pohjoismaalaiset pelk\u00e4\u00e4v\u00e4t. Tutkimuksessa selvisi, ett\u00e4 30 prosentilla suomalaisista on jokin pelko tai fobia. Ruotsalaisten keskuudessa luku oli l\u00e4hes sama, 29 prosenttia. Pelokkaimmiksi pohjoismaalaisiksi osoittautuivat norjalaiset, joista 39 prosentilla oli irrationaalisia pelkoja. Peloilla voi olla suuri vaikutus el\u00e4m\u00e4\u00e4n, ja yli 60 prosenttia suomalaisista kertookin j\u00e4tt\u00e4neens\u00e4 usein tai joskus asioita tekem\u00e4tt\u00e4 pelkonsa vuoksi.<\/p>\n<p>Suomalaisten pahimmat pelot<\/p>\n<p style=\"width: 98%; text-align: center; font-size:13px; border-bottom: 1px solid #C8C8C8; line-height: 0.1em; margin: 8px 1% 16px 1%;\">MAINOS (ARTIKKELI JATKUU ALLA)<\/p>\n<p>1. K\u00e4\u00e4rmeet (46 %)<br \/>2. Oksentaminen (41 %)<br \/>3. Yleis\u00f6n edess\u00e4 puhuminen (31 %)<br \/>4. Korkeat paikat (29 %)<br \/>5. H\u00e4m\u00e4h\u00e4kit (29 %)<\/p>\n<p>Mainos: <a href=\"https:\/\/hinta.fi\/?src=gPp6fX03\" target=\"_blank\" rel=\"nofollow noopener\">Noin 1 600 000 tuotteen hintavertailu ja hintaseuranta &#8211; katso Hinta.fist\u00e4 mist\u00e4 saat halvimmalla<\/a><\/p>\n","protected":false},"excerpt":{"rendered":"\u00a0 Joka kolmas suomalainen my\u00f6nt\u00e4\u00e4 k\u00e4rsiv\u00e4ns\u00e4 jostakin fobiasta. Jopa 60 prosenttia kertoo, ett\u00e4 he ovat j\u00e4tt\u00e4neet asioita tekem\u00e4tt\u00e4&hellip;\n","protected":false},"author":2,"featured_media":75852,"comment_status":"","ping_status":"","sticky":false,"template":"","format":"standard","meta":{"footnotes":""},"categories":[88],"tags":[33,31,30,32,91,92,424,422,423],"class_list":{"0":"post-75851","1":"post","2":"type-post","3":"status-publish","4":"format-standard","5":"has-post-thumbnail","7":"category-virtuaalitodellisuus","8":"tag-fi","9":"tag-finland","10":"tag-finnish","11":"tag-suomi","12":"tag-technology","13":"tag-teknologia","14":"tag-virtuaalitodellisuus","15":"tag-virtual-reality","16":"tag-vr"},"share_on_mastodon":{"url":"https:\/\/pubeurope.com\/@fi\/115460092901766106","error":""},"_links":{"self":[{"href":"https:\/\/www.europesays.com\/fi\/wp-json\/wp\/v2\/posts\/75851","targetHints":{"allow":["GET"]}}],"collection":[{"href":"https:\/\/www.europesays.com\/fi\/wp-json\/wp\/v2\/posts"}],"about":[{"href":"https:\/\/www.europesays.com\/fi\/wp-json\/wp\/v2\/types\/post"}],"author":[{"embeddable":true,"href":"https:\/\/www.europesays.com\/fi\/wp-json\/wp\/v2\/users\/2"}],"replies":[{"embeddable":true,"href":"https:\/\/www.europesays.com\/fi\/wp-json\/wp\/v2\/comments?post=75851"}],"version-history":[{"count":0,"href":"https:\/\/www.europesays.com\/fi\/wp-json\/wp\/v2\/posts\/75851\/revisions"}],"wp:featuredmedia":[{"embeddable":true,"href":"https:\/\/www.europesays.com\/fi\/wp-json\/wp\/v2\/media\/75852"}],"wp:attachment":[{"href":"https:\/\/www.europesays.com\/fi\/wp-json\/wp\/v2\/media?parent=75851"}],"wp:term":[{"taxonomy":"category","embeddable":true,"href":"https:\/\/www.europesays.com\/fi\/wp-json\/wp\/v2\/categories?post=75851"},{"taxonomy":"post_tag","embeddable":true,"href":"https:\/\/www.europesays.com\/fi\/wp-json\/wp\/v2\/tags?post=75851"}],"curies":[{"name":"wp","href":"https:\/\/api.w.org\/{rel}","templated":true}]}}