{"id":75886,"date":"2025-10-30T00:46:09","date_gmt":"2025-10-30T00:46:09","guid":{"rendered":"https:\/\/www.europesays.com\/fi\/75886\/"},"modified":"2025-10-30T00:46:09","modified_gmt":"2025-10-30T00:46:09","slug":"tuttu-kertoi-kuulusteluissa-en-ole-koskaan-nahnyt-syytetyn-itkevan-tai-olevan-onnellinen","status":"publish","type":"post","link":"https:\/\/www.europesays.com\/fi\/75886\/","title":{"rendered":"Tuttu kertoi kuulusteluissa: En ole koskaan n\u00e4hnyt syytetyn itkev\u00e4n tai olevan onnellinen"},"content":{"rendered":"<p>Mikkelin henkirikos|Ep\u00e4illyn murhan ja muiden vakavien rikosten k\u00e4r\u00e4j\u00e4t jatkuvat Mikkeliss\u00e4 torstaina. HS seuraa oikeudenk\u00e4ynti\u00e4 hetki hetkelt\u00e4.<\/p>\n<p>Lue tiivistelm\u00e4<\/p>\n<p>Tiivistelm\u00e4 on teko\u00e4lyn tekem\u00e4 ja ihmisen tarkistama.<\/p>\n<p class=\"article-body mb-nof-24 px-nof-16 sndp-summary-bullet-point-font\">19-vuotiasta miest\u00e4 syytet\u00e4\u00e4n murhasta ja muista vakavista rikoksista Mikkeliss\u00e4 ja Jyv\u00e4skyl\u00e4ss\u00e4.<\/p>\n<p class=\"article-body mb-nof-24 px-nof-16 sndp-summary-bullet-point-font\">Ep\u00e4ilty my\u00f6nt\u00e4\u00e4 tapon mutta kiist\u00e4\u00e4 murhan. Oikeudessa pohditaan, t\u00e4yttyv\u00e4tk\u00f6 murhan tunnusmerkit.<\/p>\n<p class=\"article-body mb-nof-24 px-nof-16 sndp-summary-bullet-point-font\">Kuulusteluissa ep\u00e4illyn tuttu kertoi, ettei ole koskaan n\u00e4hnyt t\u00e4m\u00e4n itkev\u00e4n tai olevan onnellinen. HS seuraa hetki hetkelt\u00e4 oikeudenk\u00e4ynti\u00e4, joka jatkuu torstaina aamulla.<\/p>\n<p class=\"article-body mb-nof-24 px-nof-16\">Etel\u00e4-Savon k\u00e4r\u00e4j\u00e4oikeus jatkaa Mikkelin henkirikoksen k\u00e4sittely\u00e4 torstaina. 19-vuotiasta miest\u00e4 syytet\u00e4\u00e4n murhasta, t\u00f6rke\u00e4st\u00e4 vahingonteosta, hautarauhan rikkomisesta ja moottorikulkuneuvon k\u00e4ytt\u00f6varkaudesta Mikkeliss\u00e4 sek\u00e4 murhan yrityksest\u00e4 ja t\u00f6rke\u00e4st\u00e4 ry\u00f6st\u00f6st\u00e4 Jyv\u00e4skyl\u00e4ss\u00e4.<\/p>\n<p class=\"article-body mb-nof-24 px-nof-16\">Tapahtumat ajoittuvat hein\u00e4kuun 6. p\u00e4iv\u00e4lle. Aamuy\u00f6ll\u00e4 baarista tultuaan syytetty ensin otti v\u00e4kivalloin haltuunsa taksin Jyv\u00e4skyl\u00e4ss\u00e4 ja ajoi sill\u00e4 Mikkeliin. Siell\u00e4 h\u00e4n meni sis\u00e4\u00e4n taloon, joka oli h\u00e4nelle ennest\u00e4\u00e4n tutun naisen koti. Haastehakemuksesta k\u00e4y ilmi, ett\u00e4 nainen on ollut syytetyn perheen tukiperheen\u00e4.<\/p>\n<p class=\"article-body mb-nof-24 px-nof-16\">Syytt\u00e4j\u00e4n mukaan mies l\u00f6i naista vasaralla ainakin 25 kertaa. T\u00e4m\u00e4n j\u00e4lkeen mies sytytti talon palamaan ja pakeni paikalta naisen autolla.<\/p>\n<p class=\"article-body mb-nof-24 px-nof-16\">Tiistaina k\u00e4r\u00e4jill\u00e4 k\u00e4siteltiin Jyv\u00e4skyl\u00e4ss\u00e4 tapahtuneita asioita. Mies my\u00f6nt\u00e4\u00e4 t\u00f6rke\u00e4n ry\u00f6st\u00f6n, mutta kiist\u00e4\u00e4 syyllistyneens\u00e4 taksikuskin murhan yritykseen.<\/p>\n<p><img decoding=\"async\" src=\"https:\/\/www.europesays.com\/fi\/wp-content\/uploads\/2025\/10\/1761785168_268_468.jpg\" alt=\"Jyv\u00e4skyl\u00e4st\u00e4 viety taksi l\u00f6ytyi mets\u00e4tielt\u00e4 l\u00e4helt\u00e4 henkirikoksen uhrin taloa.\" class=\"_Img_1rerz_1\" style=\"aspect-ratio:1.336116910229645\" loading=\"eager\"\/><\/p>\n<p class=\"article-picture-caption\">Jyv\u00e4skyl\u00e4st\u00e4 viety taksi l\u00f6ytyi mets\u00e4tielt\u00e4 l\u00e4helt\u00e4 henkirikoksen uhrin taloa. Kuva:\u00a0It\u00e4-Suomen poliisilaitos<\/p>\n<p><img decoding=\"async\" src=\"https:\/\/www.europesays.com\/fi\/wp-content\/uploads\/2025\/10\/1761785169_373_468.jpg\" alt=\"Syytetty l\u00e4hetti Snapchatiin kuvan kesken ajon Mikkeliin.\" class=\"_Img_1rerz_1\" style=\"aspect-ratio:0.5661458333333333\" loading=\"eager\"\/><\/p>\n<p class=\"article-picture-caption\">Syytetty l\u00e4hetti Snapchatiin kuvan kesken ajon Mikkeliin. Kuva:\u00a0It\u00e4-Suomen poliisilaitos<\/p>\n<p class=\"article-body mb-nof-24 px-nof-16\">Torstaina k\u00e4r\u00e4jill\u00e4 k\u00e4sitell\u00e4\u00e4n Mikkelin tapahtumia. Syytetyn asianajaja <a class=\"article-personlink\" href=\"https:\/\/www.hs.fi\/haku\/?query=Henry%20Saleva\" rel=\"nofollow noopener\" target=\"_blank\">Henry Saleva<\/a> on jo aiemmin kertonut, ett\u00e4 tappo tullaan my\u00f6nt\u00e4m\u00e4\u00e4n mutta ei murhaa.<\/p>\n<p class=\"article-body mb-nof-24 px-nof-16\">Syytetty on p\u00e4\u00e4piirteitt\u00e4in my\u00f6nt\u00e4nyt tapahtumien kulun, joten k\u00e4sittelyss\u00e4 puntaroidaan sit\u00e4, t\u00e4yttyv\u00e4tk\u00f6 murhan tunnusmerkit. Niihin kuuluvat esimerkiksi vakaa harkinta ja erityisen raaka tai julma tapa. Vasaranly\u00f6ntej\u00e4 oli syytetyn mukaan kolme.<\/p>\n<p class=\"article-body mb-nof-24 px-nof-16\">Teoille ei ole k\u00e4ynyt ilmi selke\u00e4\u00e4 syyt\u00e4. Kuulustelussa mies kuvaili menneens\u00e4 sekaisin baarista l\u00e4htiess\u00e4\u00e4n aamuy\u00f6ll\u00e4. H\u00e4n viittasi my\u00f6s siviiliel\u00e4m\u00e4ns\u00e4 ongelmiin.<\/p>\n<p class=\"article-body mb-nof-24 px-nof-16\">Kuulusteluissa mies kertoi, ett\u00e4 h\u00e4n meni naisen luo vied\u00e4kseen h\u00e4nen autonsa. Kun nainen her\u00e4si, h\u00e4n l\u00f6i t\u00e4t\u00e4 talosta l\u00f6yt\u00e4m\u00e4ll\u00e4\u00e4n vasaralla tarkoituksenaan saada t\u00e4m\u00e4 tajuttomaksi. Kun h\u00e4n huomasi, ett\u00e4 nainen oli kuollut, h\u00e4n sytytti talon laittamalla tyynyj\u00e4 lieden p\u00e4\u00e4lle.<\/p>\n<p class=\"article-body mb-nof-24 px-nof-16\">Esitutkinnassa k\u00e4vi ilmi, ett\u00e4 pitk\u00e4\u00e4n syytetyn tuntenut henkil\u00f6 on jo kauan ep\u00e4illyt, ettei t\u00e4ll\u00e4 ole tunteita.<\/p>\n<p class=\"article-body mb-nof-24 px-nof-16\">\u201dEn ole koskaan n\u00e4hnyt, ett\u00e4 [ep\u00e4ilty] olisi itkenyt tai ollut onnellinen, tai iloinnut toisen puolesta\u201d, h\u00e4n kertoi kuulusteluissa.<\/p>\n<p class=\"article-body mb-nof-24 px-nof-16\">Oikeusk\u00e4sittelyn on m\u00e4\u00e4r\u00e4 alkaa torstaina kello 9.15 Etel\u00e4-Savon k\u00e4r\u00e4j\u00e4oikeuden Mikkelin kansliassa.<\/p>\n","protected":false},"excerpt":{"rendered":"Mikkelin henkirikos|Ep\u00e4illyn murhan ja muiden vakavien rikosten k\u00e4r\u00e4j\u00e4t jatkuvat Mikkeliss\u00e4 torstaina. HS seuraa oikeudenk\u00e4ynti\u00e4 hetki hetkelt\u00e4. Lue tiivistelm\u00e4&hellip;\n","protected":false},"author":2,"featured_media":75887,"comment_status":"","ping_status":"","sticky":false,"template":"","format":"standard","meta":{"footnotes":""},"categories":[12],"tags":[22,23,26,27,33,31,30,17,46,24,25,28,29,15,18,21,32,19,20,16],"class_list":{"0":"post-75886","1":"post","2":"type-post","3":"status-publish","4":"format-standard","5":"has-post-thumbnail","7":"category-suomi","8":"tag-breaking-news","9":"tag-breakingnews","10":"tag-featured-news","11":"tag-featurednews","12":"tag-fi","13":"tag-finland","14":"tag-finnish","15":"tag-headlines","16":"tag-helsingin-sanomat","17":"tag-latest-news","18":"tag-latestnews","19":"tag-main-news","20":"tag-mainnews","21":"tag-news","22":"tag-otsikot","23":"tag-paauutiset","24":"tag-suomi","25":"tag-top-stories","26":"tag-topstories","27":"tag-uutiset"},"share_on_mastodon":{"url":"https:\/\/pubeurope.com\/@fi\/115460360414633466","error":""},"_links":{"self":[{"href":"https:\/\/www.europesays.com\/fi\/wp-json\/wp\/v2\/posts\/75886","targetHints":{"allow":["GET"]}}],"collection":[{"href":"https:\/\/www.europesays.com\/fi\/wp-json\/wp\/v2\/posts"}],"about":[{"href":"https:\/\/www.europesays.com\/fi\/wp-json\/wp\/v2\/types\/post"}],"author":[{"embeddable":true,"href":"https:\/\/www.europesays.com\/fi\/wp-json\/wp\/v2\/users\/2"}],"replies":[{"embeddable":true,"href":"https:\/\/www.europesays.com\/fi\/wp-json\/wp\/v2\/comments?post=75886"}],"version-history":[{"count":0,"href":"https:\/\/www.europesays.com\/fi\/wp-json\/wp\/v2\/posts\/75886\/revisions"}],"wp:featuredmedia":[{"embeddable":true,"href":"https:\/\/www.europesays.com\/fi\/wp-json\/wp\/v2\/media\/75887"}],"wp:attachment":[{"href":"https:\/\/www.europesays.com\/fi\/wp-json\/wp\/v2\/media?parent=75886"}],"wp:term":[{"taxonomy":"category","embeddable":true,"href":"https:\/\/www.europesays.com\/fi\/wp-json\/wp\/v2\/categories?post=75886"},{"taxonomy":"post_tag","embeddable":true,"href":"https:\/\/www.europesays.com\/fi\/wp-json\/wp\/v2\/tags?post=75886"}],"curies":[{"name":"wp","href":"https:\/\/api.w.org\/{rel}","templated":true}]}}