{"id":75961,"date":"2025-10-30T03:48:09","date_gmt":"2025-10-30T03:48:09","guid":{"rendered":"https:\/\/www.europesays.com\/fi\/75961\/"},"modified":"2025-10-30T03:48:09","modified_gmt":"2025-10-30T03:48:09","slug":"helsingissa-kadonnut-nainen-loytyi","status":"publish","type":"post","link":"https:\/\/www.europesays.com\/fi\/75961\/","title":{"rendered":"Helsingiss\u00e4 kadonnut nainen l\u00f6ytyi"},"content":{"rendered":"<p>Nainen l\u00f6ytyi poliisin etsinn\u00e4n tuloksena hyv\u00e4kuntoisena, kertoo poliisi.<\/p>\n<p><img decoding=\"async\" class=\"image image-show image-preview\" src=\"https:\/\/www.europesays.com\/fi\/wp-content\/uploads\/2025\/10\/8187f28920649f02d8192f47b0370722f0bf7e966c4df8a3beef7472ebb9068b.jpg\" alt=\"\"\/><img decoding=\"async\" class=\"image image-show\" src=\"https:\/\/www.europesays.com\/fi\/wp-content\/uploads\/2025\/10\/1761796089_414_8187f28920649f02d8192f47b0370722f0bf7e966c4df8a3beef7472ebb9068b.jpg\" alt=\"\"\/><\/p>\n<p>Nainen n\u00e4htiin viimeksi tiistaina. Kuvituskuva Inka Soveri<\/p>\n<p class=\"paragraph\">Helsingin Tapaninkyl\u00e4ss\u00e4 kateissa ollut keski-ik\u00e4inen nainen on l\u00f6ytynyt, Helsingin poliisilaitos tiedottaa. Nainen l\u00f6ytyi poliisin etsinn\u00e4n tuloksena hyv\u00e4kuntoisena.<\/p>\n<p class=\"paragraph\">Poliisi kiitt\u00e4\u00e4 havainnoista ilmoittaneita.<\/p>\n","protected":false},"excerpt":{"rendered":"Nainen l\u00f6ytyi poliisin etsinn\u00e4n tuloksena hyv\u00e4kuntoisena, kertoo poliisi. Nainen n\u00e4htiin viimeksi tiistaina. Kuvituskuva Inka Soveri Helsingin Tapaninkyl\u00e4ss\u00e4 kateissa&hellip;\n","protected":false},"author":2,"featured_media":17612,"comment_status":"","ping_status":"","sticky":false,"template":"","format":"standard","meta":{"footnotes":""},"categories":[12],"tags":[35,22,23,26,27,33,31,30,17,55,24,25,28,29,15,18,21,122,54,52,32,19,20,546,16],"class_list":{"0":"post-75961","1":"post","2":"type-post","3":"status-publish","4":"format-standard","5":"has-post-thumbnail","7":"category-suomi","8":"tag-24h","9":"tag-breaking-news","10":"tag-breakingnews","11":"tag-featured-news","12":"tag-featurednews","13":"tag-fi","14":"tag-finland","15":"tag-finnish","16":"tag-headlines","17":"tag-lainvalvonta","18":"tag-latest-news","19":"tag-latestnews","20":"tag-main-news","21":"tag-mainnews","22":"tag-news","23":"tag-otsikot","24":"tag-paauutiset","25":"tag-pelastaminen","26":"tag-pelastuspalvelut","27":"tag-poliisi","28":"tag-suomi","29":"tag-top-stories","30":"tag-topstories","31":"tag-turvallisuus","32":"tag-uutiset"},"share_on_mastodon":{"url":"https:\/\/pubeurope.com\/@fi\/115461076295051321","error":""},"_links":{"self":[{"href":"https:\/\/www.europesays.com\/fi\/wp-json\/wp\/v2\/posts\/75961","targetHints":{"allow":["GET"]}}],"collection":[{"href":"https:\/\/www.europesays.com\/fi\/wp-json\/wp\/v2\/posts"}],"about":[{"href":"https:\/\/www.europesays.com\/fi\/wp-json\/wp\/v2\/types\/post"}],"author":[{"embeddable":true,"href":"https:\/\/www.europesays.com\/fi\/wp-json\/wp\/v2\/users\/2"}],"replies":[{"embeddable":true,"href":"https:\/\/www.europesays.com\/fi\/wp-json\/wp\/v2\/comments?post=75961"}],"version-history":[{"count":0,"href":"https:\/\/www.europesays.com\/fi\/wp-json\/wp\/v2\/posts\/75961\/revisions"}],"wp:featuredmedia":[{"embeddable":true,"href":"https:\/\/www.europesays.com\/fi\/wp-json\/wp\/v2\/media\/17612"}],"wp:attachment":[{"href":"https:\/\/www.europesays.com\/fi\/wp-json\/wp\/v2\/media?parent=75961"}],"wp:term":[{"taxonomy":"category","embeddable":true,"href":"https:\/\/www.europesays.com\/fi\/wp-json\/wp\/v2\/categories?post=75961"},{"taxonomy":"post_tag","embeddable":true,"href":"https:\/\/www.europesays.com\/fi\/wp-json\/wp\/v2\/tags?post=75961"}],"curies":[{"name":"wp","href":"https:\/\/api.w.org\/{rel}","templated":true}]}}