{"id":76073,"date":"2025-10-30T07:03:08","date_gmt":"2025-10-30T07:03:08","guid":{"rendered":"https:\/\/www.europesays.com\/fi\/76073\/"},"modified":"2025-10-30T07:03:08","modified_gmt":"2025-10-30T07:03:08","slug":"antti-holmalle-tultiin-amerikassa-kauhistelemaan-suomen-tilannetta-nain-han-vastasi","status":"publish","type":"post","link":"https:\/\/www.europesays.com\/fi\/76073\/","title":{"rendered":"Antti Holmalle tultiin Amerikassa kauhistelemaan Suomen tilannetta \u2013 N\u00e4in h\u00e4n vastasi"},"content":{"rendered":"<p>Antti Holma kertoo Iltalehdelle, miten Yhdysvaltojen presidentin Donald Trumpin toimet vaikuttavat h\u00e4nen el\u00e4m\u00e4\u00e4ns\u00e4. <\/p>\n<p class=\"paragraph\">Juontaja <strong>Antti Holma<\/strong>, 42, vastaa videopuheluun pirte\u00e4sti aamukahdeksalta Yhdysvaltojen aikaan, mutta tulee vasta sekunteja my\u00f6hemmin kameran eteen.<\/p>\n<p class=\"paragraph\">Holma pahoittelee kohteliaasti asiaa \u201dkoirajuttuihin vedoten\u201d. H\u00e4nell\u00e4 on Sasou-koira Ranskasta kotoisin olevan muusikkopuolisonsa <strong>Emmanuel \u201dManu\u201d Ceyssonin<\/strong> kanssa.<\/p>\n<p class=\"paragraph\">Pari on asunut jo viisi vuotta Los Angelesissa vuonna 2018 valmistuneessa talossa. Holma k\u00e4ytt\u00e4\u00e4 puolisostaan hellittelynime\u00e4 \u201dranskanperuna\u201d.<\/p>\n<p class=\"paragraph\">Juontajan kertoo Iltalehdelle, ett\u00e4 heill\u00e4 on ollut viime aikoina \u201dkauhistuttavan liikaa\u201d ty\u00f6matkustelua. Holma k\u00e4y v\u00e4lill\u00e4 Suomessa esimerkiksi Haluatko miljon\u00e4\u00e4riksi -ohjelman kuvauksissa, ja Ceysson puolestaan muualla ty\u00f6matkoilla. Vastik\u00e4\u00e4n pari lensi Koreaan Ceyssonin orkesterin Aasian-kiertueen my\u00f6t\u00e4.<\/p>\n<p class=\"paragraph\">\u2013 Meill\u00e4 on melkein joka kuukausi sellaista, ett\u00e4 toinen j\u00e4\u00e4 koiran kanssa kotiin ja toinen l\u00e4htee matkalle. Tai sitten viemme koiran hoitoon ja l\u00e4hdemme yhdess\u00e4. T\u00e4m\u00e4 vuosi on ollut aikamoista hulinaa n\u00e4iden matkojen kanssa, mutta kun olemme kotona, meill\u00e4 on hyvin tavallista, h\u00e4n tarkentaa.<\/p>\n<p class=\"paragraph\">Holman mukaan he saattavat yleens\u00e4 olla erossa toisistaan noin kolme viikkoa. H\u00e4n kertoo heid\u00e4n olleen pisimmill\u00e4\u00e4n erossa toisistaan noin puolitoista kuukautta. Kyseinen hetki tapahtui Holman mukaan pari vuotta sitten, kun Holma oli t\u00f6iss\u00e4 Suomessa, ja Ceysson puolestaan toisessa maassa.<\/p>\n<p class=\"paragraph\">Holma kertoi viime vuonna <a href=\"https:\/\/www.iltalehti.fi\/tv-ja-leffat\/08c63909-ba01-46e2-8453-e847064ece2f\" rel=\"nofollow noopener\" target=\"_blank\">Iltalehdelle<\/a> parin pohtineen muuttoa pois Yhdysvalloista esimerkiksi Eurooppaan, mutta nyt Holma sanoo olevansa varma siit\u00e4, ett\u00e4 he tulevat pysym\u00e4\u00e4n Yhdysvalloissa.<\/p>\n<p class=\"paragraph\">\u2013 Ainahan me ik\u00e4v\u00f6imme kauheasti New Yorkia. Min\u00e4h\u00e4n pystyn tekem\u00e4\u00e4n t\u00f6it\u00e4 miss\u00e4 vain, mutta t\u00e4\u00e4ll\u00e4 on nyt hyv\u00e4 tilanne puolisoni t\u00f6iden kannalta. Eli toistaiseksi olemme t\u00e4\u00e4ll\u00e4, juontaja kertoo.<\/p>\n<p class=\"paragraph\">\u2013 Inhoan edelleen t\u00e4t\u00e4 kaupunkia syd\u00e4meni pohjasta, mutta olen oppinut sen, ett\u00e4 t\u00e4\u00e4lt\u00e4 pit\u00e4\u00e4 l\u00f6yt\u00e4\u00e4 omat paikkansa. Kun niit\u00e4 on l\u00f6yt\u00e4nyt, alkaa helpottaa. Ja kyll\u00e4 se on alkanut itsell\u00e4ni pikkuhiljaa helpottaa, h\u00e4n lis\u00e4\u00e4.<\/p>\n<p>Trumpin vaikutus<\/p>\n<p class=\"paragraph\">Yhdysvaltojen presidentin <strong>Donald Trumpin<\/strong>, 79, hallinnon toimet ovat puhuttaneet ymp\u00e4ri maailmaa. Trump on esimerkiksi <a href=\"https:\/\/www.iltalehti.fi\/ulkomaat\/8eb26d15-7f13-4e15-b804-2be6192505a5\" rel=\"nofollow noopener\" target=\"_blank\">ruotinut<\/a> paperittomia maahanmuuttajia ja tehnyt karkotuspolitiikkaa.<\/p>\n<p class=\"paragraph\">Holma ja Ceysson muuttivat maahan laillisen ja pitk\u00e4n prosessin kautta. Juontajan mukaan Trumpin toimet eiv\u00e4t ole toistaiseksi vaikuttaneet heid\u00e4n el\u00e4m\u00e4\u00e4ns\u00e4, mutta h\u00e4n tiet\u00e4\u00e4 joillekin ihmisille k\u00e4yneen toisin.<\/p>\n<p class=\"paragraph\">\u2013 Teemme t\u00f6it\u00e4 er\u00e4\u00e4n ihmisen kanssa, joka kertoi, ett\u00e4 h\u00e4nen ty\u00f6kaverinsa karkotettiin. T\u00e4m\u00e4 henkil\u00f6 oli kolmen lapsen \u00e4iti ja on ollut parikymment\u00e4 vuotta t\u00e4ss\u00e4 maassa, mies kertoo.<\/p>\n<p class=\"paragraph\">\u2013 T\u00e4m\u00e4 maa on hyvin erikoinen siin\u00e4 mieless\u00e4, ett\u00e4 t\u00e4\u00e4ll\u00e4 on ihmisi\u00e4 niin monella eri statuksella. Se meinaa helposti unohtua t\u00e4ss\u00e4 keskustelussa. Sit\u00e4 on vaikea tajusta omasta ja suomalaisen vinkkelist\u00e4, h\u00e4n toteaa.<\/p>\n<p>Holma ja h\u00e4nen puolisonsa asuvat Yhdysvalloissa. Jussi Eskola<\/p>\n<p class=\"paragraph\">Holma ei kuitenkaan suostu pelk\u00e4\u00e4m\u00e4\u00e4n sit\u00e4, joutuuko h\u00e4n Amerikan rajalla ongelmiin, kun h\u00e4n palaa matkoiltaan kotiinsa.<\/p>\n<p class=\"paragraph\">\u2013 Se on v\u00e4h\u00e4n sama asia kuin Suomessa pelk\u00e4isi sit\u00e4, ett\u00e4 talvella liukastuu ja ly\u00f6 p\u00e4\u00e4ns\u00e4. Eli pelk\u00e4isi asiaa, joka saattaisi tapahtua.<\/p>\n<p class=\"paragraph\">Holman mukaan he eiv\u00e4t voi oikein vaikuttaa Yhdysvaltojen asioihin t\u00e4ll\u00e4 hetkell\u00e4, sill\u00e4 heill\u00e4 ei ole maassa viel\u00e4 \u00e4\u00e4nioikeutta.<\/p>\n<p class=\"paragraph\">\u2013 Kyll\u00e4 me jossain vaiheessa ryhdymme hakemaan kansalaisuutta juuri sen takia, ett\u00e4 sekin tuntuu turvallisuusratkaisulta. Mutta eih\u00e4n sit\u00e4k\u00e4\u00e4n tied\u00e4, saammeko koskaan maan kansalaisuutta, h\u00e4n toteaa.<\/p>\n<p>Kauhistelua Suomesta<\/p>\n<p class=\"paragraph\">Holma kertoo saaneensa kuulla sukulaisiltaan kauhistuneita viestej\u00e4 Yhdysvalloissa tapahtuvista asioista, kuten mellakoista. H\u00e4n paljastaa tyylins\u00e4 reagoida kyseisiin viesteihin.<\/p>\n<p class=\"paragraph\">\u2013 Olen ruvennut kostamaan ihmisille sanomalla heille, ett\u00e4 \u201donko teid\u00e4n peukkuepidemia niin paha siell\u00e4 Suomessa ja pit\u00e4isik\u00f6 teid\u00e4n tulla t\u00e4nne turvaan?\u201d Lehdist\u00e4 saa sellaisen k\u00e4sityksen, ett\u00e4 Helsingiss\u00e4 ei mit\u00e4\u00e4n muuta en\u00e4\u00e4 olekaan kuin peukunk\u00e4ytt\u00e4ji\u00e4 huutamassa ratikoissa, Holma sanoo.<\/p>\n<p class=\"paragraph\">\u2013 Mutta en halua my\u00f6sk\u00e4\u00e4n v\u00e4h\u00e4tell\u00e4 sit\u00e4, ett\u00e4 ihmiset ovat aidosti kauhuissaan siit\u00e4, mit\u00e4 t\u00e4\u00e4ll\u00e4 tapahtuu. Emmek\u00e4 me tied\u00e4, mit\u00e4 tapahtuu ja millaiset tahtotilat t\u00e4m\u00e4n kauden hallituksella on, h\u00e4n lis\u00e4\u00e4.<\/p>\n<p class=\"paragraph\">Holma kertoo kuulleensa vastik\u00e4\u00e4n maalauskerhossaan er\u00e4\u00e4n saksalais-meksikolaisen muorin kauhistelua Suomen nykytilanteesta, josta oli lukenut paikallislehdist\u00e4.<\/p>\n<p class=\"paragraph\">\u2013 H\u00e4n sanoi: \u201dHyv\u00e4, ett\u00e4 olette tulleet t\u00e4nne laillisia reittej\u00e4 pitkin, kun teill\u00e4 Suomessa on hirve\u00e4 tilanne\u201d. H\u00e4n on siis varmaan oppinut paikallisuutisista, ett\u00e4 Suomi on romahtamispisteess\u00e4 maahanmuuttajien takia.<\/p>\n<p class=\"paragraph\">\u2013 Jouduin kertomaan, ett\u00e4 ehk\u00e4 tilanne ei nyt kuitenkaan ole ihan sellainen viel\u00e4 ja tuskin tulee olemaankaan. Meill\u00e4 on Suomessa ihan toimiva yhteiskunta. Mutta ei h\u00e4n ehk\u00e4 uskonut minua.<\/p>\n","protected":false},"excerpt":{"rendered":"Antti Holma kertoo Iltalehdelle, miten Yhdysvaltojen presidentin Donald Trumpin toimet vaikuttavat h\u00e4nen el\u00e4m\u00e4\u00e4ns\u00e4. Juontaja Antti Holma, 42, vastaa&hellip;\n","protected":false},"author":2,"featured_media":76074,"comment_status":"","ping_status":"","sticky":false,"template":"","format":"standard","meta":{"footnotes":""},"categories":[136],"tags":[35,407,137,33,31,30,408,3243,142,637,144,886,32,109],"class_list":{"0":"post-76073","1":"post","2":"type-post","3":"status-publish","4":"format-standard","5":"has-post-thumbnail","7":"category-julkkikset","8":"tag-24h","9":"tag-celebrities","10":"tag-entertainment","11":"tag-fi","12":"tag-finland","13":"tag-finnish","14":"tag-julkkikset","15":"tag-kansallinen-tai-etninen-ryhma","16":"tag-poliitikot","17":"tag-politiikka","18":"tag-presidentti","19":"tag-puolueet","20":"tag-suomi","21":"tag-viihde"},"share_on_mastodon":{"url":"https:\/\/pubeurope.com\/@fi\/115461842732041343","error":""},"_links":{"self":[{"href":"https:\/\/www.europesays.com\/fi\/wp-json\/wp\/v2\/posts\/76073","targetHints":{"allow":["GET"]}}],"collection":[{"href":"https:\/\/www.europesays.com\/fi\/wp-json\/wp\/v2\/posts"}],"about":[{"href":"https:\/\/www.europesays.com\/fi\/wp-json\/wp\/v2\/types\/post"}],"author":[{"embeddable":true,"href":"https:\/\/www.europesays.com\/fi\/wp-json\/wp\/v2\/users\/2"}],"replies":[{"embeddable":true,"href":"https:\/\/www.europesays.com\/fi\/wp-json\/wp\/v2\/comments?post=76073"}],"version-history":[{"count":0,"href":"https:\/\/www.europesays.com\/fi\/wp-json\/wp\/v2\/posts\/76073\/revisions"}],"wp:featuredmedia":[{"embeddable":true,"href":"https:\/\/www.europesays.com\/fi\/wp-json\/wp\/v2\/media\/76074"}],"wp:attachment":[{"href":"https:\/\/www.europesays.com\/fi\/wp-json\/wp\/v2\/media?parent=76073"}],"wp:term":[{"taxonomy":"category","embeddable":true,"href":"https:\/\/www.europesays.com\/fi\/wp-json\/wp\/v2\/categories?post=76073"},{"taxonomy":"post_tag","embeddable":true,"href":"https:\/\/www.europesays.com\/fi\/wp-json\/wp\/v2\/tags?post=76073"}],"curies":[{"name":"wp","href":"https:\/\/api.w.org\/{rel}","templated":true}]}}