{"id":76315,"date":"2025-10-30T12:52:08","date_gmt":"2025-10-30T12:52:08","guid":{"rendered":"https:\/\/www.europesays.com\/fi\/76315\/"},"modified":"2025-10-30T12:52:08","modified_gmt":"2025-10-30T12:52:08","slug":"pohjois-karjalan-talouden-kehityksessa-toiveikkuutta-myonteista-kehitysta-uusyritysten-perustamisessa-karjalainen","status":"publish","type":"post","link":"https:\/\/www.europesays.com\/fi\/76315\/","title":{"rendered":"Pohjois-Karjalan talouden kehityksess\u00e4 toiveikkuutta \u2013 My\u00f6nteist\u00e4 kehityst\u00e4 uusyritysten perustamisessa &#8211; Karjalainen"},"content":{"rendered":"<ol>\n<li><a href=\"https:\/\/news.google.com\/rss\/articles\/CBMiWkFVX3lxTE43a1FLMFdnVG0xZk9USDVJYVVUM0g0ZmQxYnltMnNOYVVyS2o0c28zOWN5MEJ4TWF2YjJxNXFWTGwzc2dzX2hJYWVOc1RvcEh3XzAxMXR2SFlxUQ?oc=5\" target=\"_blank\" rel=\"nofollow noopener\">Pohjois-Karjalan talouden kehityksess\u00e4 toiveikkuutta \u2013 My\u00f6nteist\u00e4 kehityst\u00e4 uusyritysten perustamisessa<\/a>&nbsp;&nbsp;Karjalainen<\/li>\n<li><a href=\"https:\/\/news.google.com\/rss\/articles\/CBMi3AFBVV95cUxOMWdxdUNLUXNYNnNwY0JDQklUYjVEVkhKdDZMQmtPdmMtX0hHNXRrSXVrVnphNF9FSGVrS2xLVzRrc3ZsWXc0eGpvWURJYXoxSG5FWW0wazJNQWpZQUZlaUZKQkdkdVoxeWNfaFdzNmQ1d29CbGNWelpmUTBHX1FRZHJubWNSQjZXRV9YQmI1UGVMVDBFZ2JYci1KZTVvMGRqWEhicjNtZHp2NGZFWTBGQmpPSkYzTHppSHd1dlExaWpCNWhFRGRsU2d4Q0U0M2NEcHdoYVVCaWRRUGo1?oc=5\" target=\"_blank\" rel=\"nofollow noopener\">Alueelliset kehitysn\u00e4kym\u00e4t syksyll\u00e4 2025: Puhtaan siirtym\u00e4n investoinnit ja puolustusteollisuus luovat kasvua<\/a>&nbsp;&nbsp;Valtioneuvosto<\/li>\n<li><a href=\"https:\/\/news.google.com\/rss\/articles\/CBMiuAJBVV95cUxQanFiQlBHWGhsZnAzbmI2VDNBOWRrQThsZ2JxbEgtSXMxWWtZcTduZEZjeDdSZFNkamNSUWFscF9KOGpSdkZmdWpjYW1Id3hLcUo2UW5mSnVfdTZqWTVUeW01b0wzQll2Q05zRFhzby00V2NSVkhRZkVQeWJmUm80SWh1OWlIbldienQxVzlwaVBEaDNfQzZoZUNhYi1xMFUySFhPTGV1eWJxcXQ3Wk1HaXhXVDRsUC1SNmNnNDMyVHRnWnh0bWJvb0dDX1JXRE4zZ054eDY4ek02Ty1PckpQSGZHMjNSdTQ3dWdNdmlYbm1yMnhOWWphR2d6S0dEMTFXb2xQQ1JNc1hwVzF4YUh3SFlOdWcxV1FZS1F6aWJuVWRYX1FpU0hvOEJXVkJOU1FfZlpFZ01TVlU?oc=5\" target=\"_blank\" rel=\"nofollow noopener\">Maailmantilanteen aiheuttamasta ep\u00e4varmuudesta huolimatta uudet investoinnit vahvistavat luottamusta tulevaisuuteen ja tukevat Kainuun kehityst\u00e4<\/a>&nbsp;&nbsp;STT Info<\/li>\n<li><a href=\"https:\/\/news.google.com\/rss\/articles\/CBMipAFBVV95cUxPSkktWFF6cTZETFpjMzJvR0hrdUlEUVJPTG1wUUQyMS1jU3hTazV3NmlvbDctYmZpVnhkYjlzWGlqMnFvOEhXMUJEY2ZUdF9wQ3RUTVNBSzBkZEJWT0VBRlNCYWJSamxva2QtV1ZHUUNrR0lQVHE3MXlwWV9NSU5kZE4wOVpqUWRlZmVGXzNya25uU2doOTJITzVnVkpIOE1uek1JcQ?oc=5\" target=\"_blank\" rel=\"nofollow noopener\">Etel\u00e4-Pohjanmaan n\u00e4kymiss\u00e4 edelleen ep\u00e4varmuutta<\/a>&nbsp;&nbsp;J\u00e4rviseudun sanomat<\/li>\n<li><a href=\"https:\/\/news.google.com\/rss\/articles\/CBMisAJBVV95cUxPamtDcHNnOUxoS09qMGhMQjRkZE5pRmtkNmVfdGgzTng0WXZNUHFibV9FVElwTGxVY0tQUU9ld2Z6UlNNdWtGZ2RXNThZUzl5Zm94eXhPSzF6dXl5d3ZISXV3cE53M0I2cTdFeGZIOE5VaEV0UTV3MDZSVGVremk3a1NkLVNvOFpIMGJhRWpnQWwwSnNmUHZsc21GS3BQTnhndGxNVXR4Qktzd3hIelVkcTNqa1BzeDhXN2NjQUJTSW1Jam02TTRuSkdhclRIa0xGd3l6OUdVWjV0SmtHUEZwV3BKZWd4Z2ZUT1ZkbDR3b1g2UldRaVppcjNuMUZMRm84X0Y3N2RWZWxIdlFDakhNVXcwSkR2MnFSd3lLN0RGbW1WUWUwUDVtOWcwYlloUnF2?oc=5\" target=\"_blank\" rel=\"nofollow noopener\">Alueelliset kehitysn\u00e4kym\u00e4t: Haasteista huolimatta toiveissa kasvua ja investointeja kahdessa pohjalaismaakunnassa (Pohjanmaa, Keski-Pohjanmaa) | Pohjanmaan ELY-keskus | NTM-centralen i \u00d6sterbotten<\/a>&nbsp;&nbsp;STT Info<\/li>\n<\/ol>\n","protected":false},"excerpt":{"rendered":"Pohjois-Karjalan talouden kehityksess\u00e4 toiveikkuutta \u2013 My\u00f6nteist\u00e4 kehityst\u00e4 uusyritysten perustamisessa&nbsp;&nbsp;Karjalainen Alueelliset kehitysn\u00e4kym\u00e4t syksyll\u00e4 2025: Puhtaan siirtym\u00e4n investoinnit ja puolustusteollisuus&hellip;\n","protected":false},"author":2,"featured_media":76316,"comment_status":"","ping_status":"","sticky":false,"template":"","format":"standard","meta":{"footnotes":""},"categories":[76],"tags":[79,77,33,31,30,1133,402,32,78,11392,860,862,861],"class_list":{"0":"post-76315","1":"post","2":"type-post","3":"status-publish","4":"format-standard","5":"has-post-thumbnail","7":"category-talous","8":"tag-business","9":"tag-economy","10":"tag-fi","11":"tag-finland","12":"tag-finnish","13":"tag-joensuu","14":"tag-rakentaminen-kiinteistot","15":"tag-suomi","16":"tag-talous","17":"tag-tilastokeskus-suomi","18":"tag-tyoelama","19":"tag-tyollisyys","20":"tag-tyollisyys-ja-tyottomyys"},"share_on_mastodon":{"url":"https:\/\/pubeurope.com\/@fi\/115463215240947742","error":""},"_links":{"self":[{"href":"https:\/\/www.europesays.com\/fi\/wp-json\/wp\/v2\/posts\/76315","targetHints":{"allow":["GET"]}}],"collection":[{"href":"https:\/\/www.europesays.com\/fi\/wp-json\/wp\/v2\/posts"}],"about":[{"href":"https:\/\/www.europesays.com\/fi\/wp-json\/wp\/v2\/types\/post"}],"author":[{"embeddable":true,"href":"https:\/\/www.europesays.com\/fi\/wp-json\/wp\/v2\/users\/2"}],"replies":[{"embeddable":true,"href":"https:\/\/www.europesays.com\/fi\/wp-json\/wp\/v2\/comments?post=76315"}],"version-history":[{"count":0,"href":"https:\/\/www.europesays.com\/fi\/wp-json\/wp\/v2\/posts\/76315\/revisions"}],"wp:featuredmedia":[{"embeddable":true,"href":"https:\/\/www.europesays.com\/fi\/wp-json\/wp\/v2\/media\/76316"}],"wp:attachment":[{"href":"https:\/\/www.europesays.com\/fi\/wp-json\/wp\/v2\/media?parent=76315"}],"wp:term":[{"taxonomy":"category","embeddable":true,"href":"https:\/\/www.europesays.com\/fi\/wp-json\/wp\/v2\/categories?post=76315"},{"taxonomy":"post_tag","embeddable":true,"href":"https:\/\/www.europesays.com\/fi\/wp-json\/wp\/v2\/tags?post=76315"}],"curies":[{"name":"wp","href":"https:\/\/api.w.org\/{rel}","templated":true}]}}