{"id":76350,"date":"2025-10-30T13:42:10","date_gmt":"2025-10-30T13:42:10","guid":{"rendered":"https:\/\/www.europesays.com\/fi\/76350\/"},"modified":"2025-10-30T13:42:10","modified_gmt":"2025-10-30T13:42:10","slug":"mediat-japani-karvistelee-vakavan-karhukriisin-kanssa-yksi-syy-on-metsastajien-vaheneminen-metsa","status":"publish","type":"post","link":"https:\/\/www.europesays.com\/fi\/76350\/","title":{"rendered":"Mediat: Japani k\u00e4rvistelee vakavan karhukriisin kanssa \u2013 yksi syy on mets\u00e4st\u00e4jien v\u00e4heneminen &#8211; Mets\u00e4"},"content":{"rendered":"<p>Pohjois-Japanin prefektuurin kuvern\u00f6\u00f6ri pyyt\u00e4\u00e4 sotilaallista v\u00e4liintuloa kymmenen kuolemaan johtaneen karhuhy\u00f6kk\u00e4yksen j\u00e4lkeen. <\/p>\n<p><a class=\"ArticleImage_imageContainer__e0EST\" href=\"https:\/\/www.europesays.com\/fi\/wp-content\/uploads\/2025\/10\/ELUeARt52_i8kZessVDH9U3uDeo.jpg\"><img decoding=\"async\" src=\"https:\/\/www.europesays.com\/fi\/wp-content\/uploads\/2025\/10\/ELUeARt52_i8kZessVDH9U3uDeo.jpg\" alt=\"Aasian mustakarhu on Keski- ja Kaakkois-Aasiassa sek\u00e4 Kaukoid\u00e4ss\u00e4 el\u00e4v\u00e4 karhulaji.\" loading=\"lazy\"\/><\/a><\/p>\n<p>Aasian mustakarhu on Keski- ja Kaakkois-Aasiassa sek\u00e4 Kaukoid\u00e4ss\u00e4 el\u00e4v\u00e4 karhulaji.\u00a0Kuva: Freepic<\/p>\n<p class=\"RichTextParagraph_richTextParagraph__Wxs3t undefined\">Karhukohtaamisissa on Japanissa t\u00e4n\u00e4 vuonna kuollut jo kymmenen ihmist\u00e4. M\u00e4\u00e4r\u00e4 on enemm\u00e4n kuin vuonna 2024, jolloin tapahtui kuusi kuolemantapausta. Asiasta ovat kirjoittaneet ainakin Japan Times sek\u00e4 DW. <\/p>\n<p class=\"RichTextParagraph_richTextParagraph__Wxs3t undefined\">Jopa maan armeijaa pyydet\u00e4\u00e4n nyt auttamaan karhutilanteen hoitamisessa.<\/p>\n<p class=\"RichTextParagraph_richTextParagraph__Wxs3t undefined\">\u201dKansalaisten el\u00e4m\u00e4\u00e4 ei voida en\u00e4\u00e4 suojella ilman armeijan apua\u201d,  Akitan prefektuurin kuvern\u00f6\u00f6ri <strong id=\"strong-92681276560bee86b6c46c699b615259\">Kenta Suzuki<\/strong> sanoi puolustusministeri<strong id=\"strong-3d9ac36220a38a286b53320655230449\"> Shinjir\u014d Koizumille<\/strong><strong id=\"strong_-abbd58489da11528c7563ff5a2fde871\"> <\/strong>tiistaina.<\/p>\n<p class=\"RichTextParagraph_richTextParagraph__Wxs3t undefined\">Koizumi sanoi hallituksen k\u00e4ytt\u00e4v\u00e4n kaikkia k\u00e4ytett\u00e4viss\u00e4 olevia resursseja ja viranomaisia yleisen turvallisuuden palauttamiseksi. <\/p>\n<p class=\"RichTextParagraph_richTextParagraph__Wxs3t undefined\">Kuolemantapausten lis\u00e4ksi ymp\u00e4ri maata on raportoitu kymmeni\u00e4 loukkaantumisia. Viime viikolla Akitan prefektuurissa sijaitsevassa vuoristokyl\u00e4ss\u00e4 karhu raateli nelj\u00e4\u00e4 ihmist\u00e4. N\u00e4ist\u00e4 yksi menehtyi saamiinsa vammoihin ja kolmea hoidetaan sairaalassa.<\/p>\n<p class=\"RichTextParagraph_richTextParagraph__Wxs3t undefined\">Akitassa on t\u00e4n\u00e4 vuonna tehty noin 8 000 karhuhavaintoa, mik\u00e4 on noin kuusi kertaa enemm\u00e4n kuin viime vuonna. <\/p>\n<p class=\"RichTextParagraph_richTextParagraph__Wxs3t undefined\">Asiantuntijoiden mukaan lis\u00e4\u00e4ntyneet karhukohtaamiset johtuvat   ilmastonmuutoksesta, joka aiheuttaa karhuille pulaa ruoasta, jota karhut tulevat nyt etsim\u00e4\u00e4n asutuilta alueilta. <\/p>\n<p class=\"RichTextParagraph_richTextParagraph__Wxs3t undefined\">Toisena ongelman syyn\u00e4 pidet\u00e4\u00e4n Japanin ik\u00e4\u00e4ntyv\u00e4\u00e4 ja kutistuvaa maaseutuv\u00e4est\u00f6\u00e4. T\u00e4m\u00e4 on aiheuttanut sen, ett\u00e4 karhujen mets\u00e4styst\u00e4 hallitsevia mets\u00e4st\u00e4ji\u00e4 on yh\u00e4 v\u00e4hemm\u00e4n. <\/p>\n<p class=\"RichTextParagraph_richTextParagraph__Wxs3t undefined\">Japanissa el\u00e4\u00e4 kaksi karhulajia, Aasian mustakarhu sek\u00e4 Suomesta tuttu suurempi ruskeakarhu. <\/p>\n<p class=\"RichTextParagraph_richTextParagraph__Wxs3t undefined\">Japan Times: <a href=\"https:\/\/www.japantimes.co.jp\/news\/2025\/10\/25\/japan\/japan-bear-attacks\/\" id=\"link-5faae8d6cb0101e952f9d1669a2bf623\" rel=\"nofollow noopener\" target=\"_blank\">Bear kills another person in Japan in record year for fatal attacks<\/a><\/p>\n<p class=\"RichTextParagraph_richTextParagraph__Wxs3t undefined\">DW: <a href=\"https:\/\/www.dw.com\/en\/japan-governor-calls-for-army-to-tackle-deadly-bear-attacks\/a-74520800\" id=\"link-7f483aef374341b4c8dfd88b839c674e\" rel=\"nofollow noopener\" target=\"_blank\">Japan governor calls for army to tackle deadly bear attacks<\/a><\/p>\n","protected":false},"excerpt":{"rendered":"Pohjois-Japanin prefektuurin kuvern\u00f6\u00f6ri pyyt\u00e4\u00e4 sotilaallista v\u00e4liintuloa kymmenen kuolemaan johtaneen karhuhy\u00f6kk\u00e4yksen j\u00e4lkeen. Aasian mustakarhu on Keski- ja Kaakkois-Aasiassa sek\u00e4&hellip;\n","protected":false},"author":2,"featured_media":76351,"comment_status":"","ping_status":"","sticky":false,"template":"","format":"standard","meta":{"footnotes":""},"categories":[112],"tags":[33,31,30,118,32,119],"class_list":{"0":"post-76350","1":"post","2":"type-post","3":"status-publish","4":"format-standard","5":"has-post-thumbnail","7":"category-tiede","8":"tag-fi","9":"tag-finland","10":"tag-finnish","11":"tag-science","12":"tag-suomi","13":"tag-tiede"},"share_on_mastodon":{"url":"https:\/\/pubeurope.com\/@fi\/115463411770689424","error":""},"_links":{"self":[{"href":"https:\/\/www.europesays.com\/fi\/wp-json\/wp\/v2\/posts\/76350","targetHints":{"allow":["GET"]}}],"collection":[{"href":"https:\/\/www.europesays.com\/fi\/wp-json\/wp\/v2\/posts"}],"about":[{"href":"https:\/\/www.europesays.com\/fi\/wp-json\/wp\/v2\/types\/post"}],"author":[{"embeddable":true,"href":"https:\/\/www.europesays.com\/fi\/wp-json\/wp\/v2\/users\/2"}],"replies":[{"embeddable":true,"href":"https:\/\/www.europesays.com\/fi\/wp-json\/wp\/v2\/comments?post=76350"}],"version-history":[{"count":0,"href":"https:\/\/www.europesays.com\/fi\/wp-json\/wp\/v2\/posts\/76350\/revisions"}],"wp:featuredmedia":[{"embeddable":true,"href":"https:\/\/www.europesays.com\/fi\/wp-json\/wp\/v2\/media\/76351"}],"wp:attachment":[{"href":"https:\/\/www.europesays.com\/fi\/wp-json\/wp\/v2\/media?parent=76350"}],"wp:term":[{"taxonomy":"category","embeddable":true,"href":"https:\/\/www.europesays.com\/fi\/wp-json\/wp\/v2\/categories?post=76350"},{"taxonomy":"post_tag","embeddable":true,"href":"https:\/\/www.europesays.com\/fi\/wp-json\/wp\/v2\/tags?post=76350"}],"curies":[{"name":"wp","href":"https:\/\/api.w.org\/{rel}","templated":true}]}}