{"id":76377,"date":"2025-10-30T14:12:11","date_gmt":"2025-10-30T14:12:11","guid":{"rendered":"https:\/\/www.europesays.com\/fi\/76377\/"},"modified":"2025-10-30T14:12:11","modified_gmt":"2025-10-30T14:12:11","slug":"yli-kahtasataa-hurjastellut-autoilija-aiheutti-vaaratilanteita-etela-pohjanmaalla-poliisilla-hurja-takaa-ajo-kotimaa","status":"publish","type":"post","link":"https:\/\/www.europesays.com\/fi\/76377\/","title":{"rendered":"Yli kahtasataa hurjastellut autoilija aiheutti vaaratilanteita Etel\u00e4-Pohjanmaalla \u2013 poliisilla hurja takaa-ajo | Kotimaa"},"content":{"rendered":"<p class=\"aw-1gybjub aw-5vja16 ghpEtB kjanFo yle__article__paragraph\">Pakomatka kulki Lapualta Jalasj\u00e4rven, Kurikan ja Koskenkorvan kautta Ilmajoelle. Kuljettaja ajoi l\u00e4hes koko matkan yli 200 km\/h.<\/p>\n<p><img decoding=\"async\" alt=\"Poliisi -teksti poliisiauton kyljess\u00e4.\" src=\"https:\/\/www.europesays.com\/fi\/wp-content\/uploads\/2025\/09\/39-151870468be739f144e5.jpeg\" class=\"aw-1l9m598 hKVVvP\"\/><\/p>\n<p>Avaa kuvien katselu<\/p>\n<p>Pakoauton kuljettaja kaahasi hurjaa ylinopeutta Etel\u00e4-Pohjanmaan halki tiistaina aamup\u00e4iv\u00e4ll\u00e4. Kuva: Antro Valo \/ Yle<\/p>\n<p class=\"aw-1gybjub aw-1p7kakr ghpEtB jtovHP yle__article__paragraph\">Pohjanmaan poliisilla oli tiistaina takaa-ajotilanne Etel\u00e4-Pohjanmaalla.<\/p>\n<p class=\"aw-1gybjub aw-1p7kakr ghpEtB jtovHP yle__article__paragraph\">Poliisi kertoo saaneensa tiistaina aamulla ilmoituksen ep\u00e4vakaasti liikkuvasta henkil\u00f6autosta Lapualla.<\/p>\n<p class=\"aw-1gybjub aw-1p7kakr ghpEtB jtovHP yle__article__paragraph\">Kun poliisi yritti pys\u00e4ytt\u00e4\u00e4 auton, kuljettaja l\u00e4hti pakenemaan huomattavaa ylinopeutta. H\u00e4n ajoi l\u00e4hes koko pakomatkan yli 200 km\/h, aiheuttaen useita vaaratilanteita ohitellessaan muita ajoneuvoja keltaisen sulkuviivan yli.<\/p>\n<p class=\"aw-1gybjub aw-1p7kakr ghpEtB jtovHP yle__article__paragraph\">Pakomatka kulki Lapualta Jalasj\u00e4rven, Kurikan ja Koskenkorvan kautta Ilmajoelle.<\/p>\n<p class=\"aw-1gybjub aw-1p7kakr ghpEtB jtovHP yle__article__paragraph\">Ennen Ilmajoen keskustaa auto k\u00e4\u00e4ntyi Kauppilantielle kohti Laihiaa.<\/p>\n<p class=\"aw-1gybjub aw-1p7kakr ghpEtB jtovHP yle__article__paragraph\">Tuolloin seurantatilanteessa oli jo mukana useita poliisipartioita, jolloin kuljettaja ajoi auton kolmostien varrella olevan kiinteist\u00f6n pihaan. Poliisi otti autosta kiinni kiinni kaksi henkil\u00f6\u00e4 ep\u00e4iltyn\u00e4 t\u00f6rke\u00e4st\u00e4 liikenneturvallisuuden vaarantamisesta ja t\u00f6rke\u00e4st\u00e4 rattijuopumuksesta.<\/p>\n","protected":false},"excerpt":{"rendered":"Pakomatka kulki Lapualta Jalasj\u00e4rven, Kurikan ja Koskenkorvan kautta Ilmajoelle. Kuljettaja ajoi l\u00e4hes koko matkan yli 200 km\/h. Avaa&hellip;\n","protected":false},"author":2,"featured_media":31665,"comment_status":"","ping_status":"","sticky":false,"template":"","format":"standard","meta":{"footnotes":""},"categories":[12],"tags":[22,23,1377,26,27,33,31,30,17,5291,71,5542,4577,24,25,3814,28,29,15,18,21,16309,52,32,19,20,16,6492],"class_list":{"0":"post-76377","1":"post","2":"type-post","3":"status-publish","4":"format-standard","5":"has-post-thumbnail","7":"category-suomi","8":"tag-breaking-news","9":"tag-breakingnews","10":"tag-etela-pohjanmaa","11":"tag-featured-news","12":"tag-featurednews","13":"tag-fi","14":"tag-finland","15":"tag-finnish","16":"tag-headlines","17":"tag-ilmajoki","18":"tag-kotimaa","19":"tag-kurikka","20":"tag-lapua","21":"tag-latest-news","22":"tag-latestnews","23":"tag-liikenneturvallisuuden-vaarantaminen","24":"tag-main-news","25":"tag-mainnews","26":"tag-news","27":"tag-otsikot","28":"tag-paauutiset","29":"tag-pohjanmaan-poliisilaitos","30":"tag-poliisi","31":"tag-suomi","32":"tag-top-stories","33":"tag-topstories","34":"tag-uutiset","35":"tag-ylinopeus"},"share_on_mastodon":{"url":"https:\/\/pubeurope.com\/@fi\/115463529861300993","error":""},"_links":{"self":[{"href":"https:\/\/www.europesays.com\/fi\/wp-json\/wp\/v2\/posts\/76377","targetHints":{"allow":["GET"]}}],"collection":[{"href":"https:\/\/www.europesays.com\/fi\/wp-json\/wp\/v2\/posts"}],"about":[{"href":"https:\/\/www.europesays.com\/fi\/wp-json\/wp\/v2\/types\/post"}],"author":[{"embeddable":true,"href":"https:\/\/www.europesays.com\/fi\/wp-json\/wp\/v2\/users\/2"}],"replies":[{"embeddable":true,"href":"https:\/\/www.europesays.com\/fi\/wp-json\/wp\/v2\/comments?post=76377"}],"version-history":[{"count":0,"href":"https:\/\/www.europesays.com\/fi\/wp-json\/wp\/v2\/posts\/76377\/revisions"}],"wp:featuredmedia":[{"embeddable":true,"href":"https:\/\/www.europesays.com\/fi\/wp-json\/wp\/v2\/media\/31665"}],"wp:attachment":[{"href":"https:\/\/www.europesays.com\/fi\/wp-json\/wp\/v2\/media?parent=76377"}],"wp:term":[{"taxonomy":"category","embeddable":true,"href":"https:\/\/www.europesays.com\/fi\/wp-json\/wp\/v2\/categories?post=76377"},{"taxonomy":"post_tag","embeddable":true,"href":"https:\/\/www.europesays.com\/fi\/wp-json\/wp\/v2\/tags?post=76377"}],"curies":[{"name":"wp","href":"https:\/\/api.w.org\/{rel}","templated":true}]}}