{"id":76616,"date":"2025-10-30T19:51:08","date_gmt":"2025-10-30T19:51:08","guid":{"rendered":"https:\/\/www.europesays.com\/fi\/76616\/"},"modified":"2025-10-30T19:51:08","modified_gmt":"2025-10-30T19:51:08","slug":"prinssi-andrewn-prinssin-titteli-ja-asunto-viedaan-uutisia-lyhyesti","status":"publish","type":"post","link":"https:\/\/www.europesays.com\/fi\/76616\/","title":{"rendered":"Prinssi Andrew&#8217;n prinssin titteli ja asunto vied\u00e4\u00e4n | Uutisia lyhyesti"},"content":{"rendered":"<p class=\"aw-1gybjub aw-5vja16 ghpEtB kjanFo yle__article__paragraph\">Kuningas poistaa prinssi Andrewin prinssin tittelin ja jatkossa h\u00e4net tunnetaan Andrew Mountbatten-Windsorina.<\/p>\n<p><img decoding=\"async\" alt=\"Prinssi Andrew syyskuussa 2025.\" src=\"https:\/\/www.europesays.com\/fi\/wp-content\/uploads\/2025\/10\/39-154175368f7b26a521dd.jpeg\" class=\"aw-1l9m598 hKVVvP\"\/><\/p>\n<p>Avaa kuvien katselu<\/p>\n<p>Prinssi Andrew syyskuussa 2025. Kuva: Neil Hall \/ EPA<\/p>\n<p>21:14\u2022P\u00e4ivitetty 21:33<\/p>\n<p class=\"aw-1gybjub aw-1p7kakr ghpEtB jtovHP yle__article__paragraph\">Buckinghamin palatsi ilmoitti hetki sitten, ett\u00e4 kuningas <strong class=\"aw-ak79eh KyCXm yle__article__strong\">Charles III<\/strong> on t\u00e4n\u00e4\u00e4n aloittanut virallisen prosessin prinssi <strong class=\"aw-ak79eh KyCXm yle__article__strong\">Andrewin<\/strong> j\u00e4ljell\u00e4 olevien arvonimien ja kunnianimien poistamiseksi. Jatkossa h\u00e4n on <strong class=\"aw-ak79eh KyCXm yle__article__strong\">Andrew Mountbatten-Windsor<\/strong>.<\/p>\n<p class=\"aw-1gybjub aw-1p7kakr ghpEtB jtovHP yle__article__paragraph\">My\u00f6s h\u00e4nen asuntonaan k\u00e4ytt\u00e4m\u00e4 kuninkaallinen kartano Windsorissa palautuu kruunulle ja prinssi muuttaa kuninkaan omistamaan kiinteist\u00f6\u00f6n <a class=\"aw-iao6s4 iHOxEa yle__article__link\" href=\"https:\/\/www.bbc.com\/news\/live\/cnveqgj957dt\" role=\"link\" rel=\"nofollow noopener\" target=\"_blank\">Norfolkiin, Sandrighamiin<\/a>.<\/p>\n<p class=\"aw-1gybjub aw-1p7kakr ghpEtB jtovHP yle__article__paragraph\">Prinssi Andrew (65) ilmoitti jo parisen viikkoa sitten luopuvansa titteleist\u00e4\u00e4n Yorkin herttuana. Kuninkaan nuoremman veljen julkista kuvaa on tahrannut erityisesti h\u00e4nen yhteytens\u00e4 seksirikoksista tuomittuun ja sittemmin menehtyneeseen <strong class=\"aw-ak79eh KyCXm yle__article__strong\">Jeffrey Epsteiniin<\/strong>.<\/p>\n<p class=\"aw-1gybjub aw-1p7kakr ghpEtB jtovHP yle__article__paragraph\">\u2013 N\u00e4m\u00e4 julkiset toimenpiteet n\u00e4hd\u00e4\u00e4n tarpeellisina siit\u00e4 huolimatta, ett\u00e4 h\u00e4n edelleen kiist\u00e4\u00e4 h\u00e4nt\u00e4 vastaan \u200b\u200besitetyt syyt\u00f6kset. Heid\u00e4n majesteettinsa haluavat tehd\u00e4 selv\u00e4ksi, ett\u00e4 heid\u00e4n ajatuksensa ja \u00e4\u00e4rimm\u00e4inen my\u00f6t\u00e4tuntonsa ovat olleet ja pysyv\u00e4t kaikenlaisen hyv\u00e4ksik\u00e4yt\u00f6n uhrien ja selviytyjien puolella.<\/p>\n<p class=\"aw-1gybjub aw-1p7kakr ghpEtB jtovHP yle__article__paragraph\">L\u00e4hteet: AP, Reuters<\/p>\n","protected":false},"excerpt":{"rendered":"Kuningas poistaa prinssi Andrewin prinssin tittelin ja jatkossa h\u00e4net tunnetaan Andrew Mountbatten-Windsorina. Avaa kuvien katselu Prinssi Andrew syyskuussa&hellip;\n","protected":false},"author":2,"featured_media":76617,"comment_status":"","ping_status":"","sticky":false,"template":"","format":"standard","meta":{"footnotes":""},"categories":[5],"tags":[22,23,1775,26,27,33,31,30,17,24,25,28,29,15,18,21,6468,32,19,20,16,14839],"class_list":{"0":"post-76616","1":"post","2":"type-post","3":"status-publish","4":"format-standard","5":"has-post-thumbnail","7":"category-otsikot","8":"tag-breaking-news","9":"tag-breakingnews","10":"tag-britannia","11":"tag-featured-news","12":"tag-featurednews","13":"tag-fi","14":"tag-finland","15":"tag-finnish","16":"tag-headlines","17":"tag-latest-news","18":"tag-latestnews","19":"tag-main-news","20":"tag-mainnews","21":"tag-news","22":"tag-otsikot","23":"tag-paauutiset","24":"tag-prinssi-andrew","25":"tag-suomi","26":"tag-top-stories","27":"tag-topstories","28":"tag-uutiset","29":"tag-yorkin-herttua"},"share_on_mastodon":{"url":"https:\/\/pubeurope.com\/@fi\/115464862653584857","error":""},"_links":{"self":[{"href":"https:\/\/www.europesays.com\/fi\/wp-json\/wp\/v2\/posts\/76616","targetHints":{"allow":["GET"]}}],"collection":[{"href":"https:\/\/www.europesays.com\/fi\/wp-json\/wp\/v2\/posts"}],"about":[{"href":"https:\/\/www.europesays.com\/fi\/wp-json\/wp\/v2\/types\/post"}],"author":[{"embeddable":true,"href":"https:\/\/www.europesays.com\/fi\/wp-json\/wp\/v2\/users\/2"}],"replies":[{"embeddable":true,"href":"https:\/\/www.europesays.com\/fi\/wp-json\/wp\/v2\/comments?post=76616"}],"version-history":[{"count":0,"href":"https:\/\/www.europesays.com\/fi\/wp-json\/wp\/v2\/posts\/76616\/revisions"}],"wp:featuredmedia":[{"embeddable":true,"href":"https:\/\/www.europesays.com\/fi\/wp-json\/wp\/v2\/media\/76617"}],"wp:attachment":[{"href":"https:\/\/www.europesays.com\/fi\/wp-json\/wp\/v2\/media?parent=76616"}],"wp:term":[{"taxonomy":"category","embeddable":true,"href":"https:\/\/www.europesays.com\/fi\/wp-json\/wp\/v2\/categories?post=76616"},{"taxonomy":"post_tag","embeddable":true,"href":"https:\/\/www.europesays.com\/fi\/wp-json\/wp\/v2\/tags?post=76616"}],"curies":[{"name":"wp","href":"https:\/\/api.w.org\/{rel}","templated":true}]}}