{"id":76618,"date":"2025-10-30T20:03:13","date_gmt":"2025-10-30T20:03:13","guid":{"rendered":"https:\/\/www.europesays.com\/fi\/76618\/"},"modified":"2025-10-30T20:03:13","modified_gmt":"2025-10-30T20:03:13","slug":"mtvn-suosikkijuontaja-puhkesi-kyyneliin-suorassa-lahetyksessa","status":"publish","type":"post","link":"https:\/\/www.europesays.com\/fi\/76618\/","title":{"rendered":"MTV:n suosikkijuontaja puhkesi kyyneliin suorassa l\u00e4hetyksess\u00e4"},"content":{"rendered":"<p>Ripsa Koskinen-Papunen liikuttui Viiden j\u00e4lkeen -ohjelman aikana.<\/p>\n<p><img decoding=\"async\" class=\"image image-show image-preview\" src=\"https:\/\/www.europesays.com\/fi\/wp-content\/uploads\/2025\/10\/ba9d2c138aa7664d2d802b85801f72a6eb47f52c5d0e19d908124c6606e6d119.jpg\" alt=\"\"\/><img decoding=\"async\" class=\"image image-show\" src=\"https:\/\/www.europesays.com\/fi\/wp-content\/uploads\/2025\/10\/1761854593_630_ba9d2c138aa7664d2d802b85801f72a6eb47f52c5d0e19d908124c6606e6d119.jpg\" alt=\"\"\/><\/p>\n<p>Ripsa Koskinen-Papunen liikuttui haastattelun aikana. Pete Anikari<\/p>\n<p class=\"paragraph\">MTV:n Viiden j\u00e4lkeen -ohjelman juontaja <a href=\"https:\/\/www.iltalehti.fi\/henkilot\/Ripsa Koskinen-Papunen\" class=\"article-link-person-page\" rel=\"nofollow noopener\" target=\"_blank\">Ripsa Koskinen-Papunen<\/a> liikuttui kyyneliin torstai-illan l\u00e4hetyksess\u00e4.<\/p>\n<p class=\"paragraph\">Ohjelmassa vieraili <strong>Nina Nikkil\u00e4<\/strong>, joka kertoo traagisesta perhetaustastaan Murhan j\u00e4ljet -kirjassa (Docendo) sek\u00e4 kirjan kirjoittanut <a href=\"https:\/\/www.iltalehti.fi\/henkilot\/Heidi Holmavuo\" class=\"article-link-person-page\" rel=\"nofollow noopener\" target=\"_blank\">Heidi Holmavuo<\/a>.<\/p>\n<p class=\"paragraph\">Nikkil\u00e4n \u00e4iti surmasi Nikkil\u00e4n is\u00e4n myrkytt\u00e4m\u00e4ll\u00e4 t\u00e4m\u00e4n metanolilla. My\u00f6hemmin \u00e4iti teki itsemurhan ennen kuin tapausta alettiin k\u00e4sitell\u00e4 oikeudessa.<\/p>\n<p class=\"paragraph\">Nikkil\u00e4 kertoi ohjelmassa, miten tapahtumat l\u00e4hensiv\u00e4t h\u00e4nt\u00e4 ja velje\u00e4\u00e4n.<\/p>\n<p class=\"paragraph\">\u2013 Olimme is\u00e4n haudalla ja katsoimme toisiamme. Siin\u00e4 oli sellainen sanaton, ett\u00e4 nyt t\u00e4ss\u00e4 olemme vain me kaksi ja pid\u00e4mme toisistamme huolta, Nikkil\u00e4 kertoi.<\/p>\n<p class=\"paragraph\">Koskinen-Papunen alkoi kysy\u00e4 seuraava kysymyst\u00e4, kun h\u00e4n liikuttui kyyneliin.<\/p>\n<p class=\"paragraph\">\u2013 Anteeksi, kun liikutun, Koskinen-Papunen pahoitteli kyyneleet silmiss\u00e4\u00e4n.<\/p>\n<p class=\"paragraph\">\u2013 Sinun viiden vuoden tavoitteesi on olla onnellinen, niin kuinka l\u00e4hell\u00e4 olet sit\u00e4, h\u00e4n jatkoi samalla peitt\u00e4en suunsa k\u00e4dell\u00e4\u00e4n.<\/p>\n<p class=\"paragraph\">\u2013 Olen tosi onnellinen. Sellaiset pienet asiat \u2013 saan tehd\u00e4 ihmiset ymp\u00e4rill\u00e4ni onnellisiksi, ja saan tehd\u00e4 itselleni merkityksellisi\u00e4 asioita. Toivon, ett\u00e4 t\u00e4m\u00e4 kirja on ponnahduslauta. Nyt olen rakentanut kymmenen vuotta itse\u00e4ni uudestaan, tutustunut itseeni. Olen rakentanut itselleni perheen, ja minulla on kaunis tyt\u00e4r, Nikkil\u00e4 vastasi.<\/p>\n<p class=\"paragraph\">Nikkil\u00e4n ja Holmavuon haastattelun j\u00e4lkeen ohjelmassa siirryttiin kevyempiin tunnelmiin, kun ohjelmassa n\u00e4htiin viel\u00e4 p\u00e4tk\u00e4 Whipsnaden el\u00e4intarhasta.<\/p>\n<p class=\"paragraph\">Koskinen-Papusen tunteikas reaktio on saanut positiivisia kommentteja anonyymiss\u00e4 viestipalvelu Jodelissa.<\/p>\n<p class=\"paragraph\">\u2013 Ihana Ripsa \u00e4sken tv:ss\u00e4, niin aito, Jodelissa kirjoitetaan.<\/p>\n<p class=\"paragraph\">\u2013 Niinp\u00e4, oli virkist\u00e4v\u00e4\u00e4 vaihtelua n\u00e4hd\u00e4 tuollainen aito el\u00e4m\u00e4nmakuinen reaktio, er\u00e4s viesti kuuluu.<\/p>\n<p class=\"paragraph\">\u2013 Nousi itsell\u00e4kin kyyneleet silmiin katsoessa, er\u00e4s kommentti kuuluu.<\/p>\n","protected":false},"excerpt":{"rendered":"Ripsa Koskinen-Papunen liikuttui Viiden j\u00e4lkeen -ohjelman aikana. Ripsa Koskinen-Papunen liikuttui haastattelun aikana. Pete Anikari MTV:n Viiden j\u00e4lkeen -ohjelman&hellip;\n","protected":false},"author":2,"featured_media":76619,"comment_status":"","ping_status":"","sticky":false,"template":"","format":"standard","meta":{"footnotes":""},"categories":[136],"tags":[35,407,137,33,31,30,101,408,99,100,98,32,140,109],"class_list":{"0":"post-76618","1":"post","2":"type-post","3":"status-publish","4":"format-standard","5":"has-post-thumbnail","7":"category-julkkikset","8":"tag-24h","9":"tag-celebrities","10":"tag-entertainment","11":"tag-fi","12":"tag-finland","13":"tag-finnish","14":"tag-ihmissuhteet","15":"tag-julkkikset","16":"tag-lapset","17":"tag-lapset-ja-nuoret","18":"tag-perhe","19":"tag-suomi","20":"tag-tv-ja-elokuvat","21":"tag-viihde"},"share_on_mastodon":{"url":"https:\/\/pubeurope.com\/@fi\/115464909898843567","error":""},"_links":{"self":[{"href":"https:\/\/www.europesays.com\/fi\/wp-json\/wp\/v2\/posts\/76618","targetHints":{"allow":["GET"]}}],"collection":[{"href":"https:\/\/www.europesays.com\/fi\/wp-json\/wp\/v2\/posts"}],"about":[{"href":"https:\/\/www.europesays.com\/fi\/wp-json\/wp\/v2\/types\/post"}],"author":[{"embeddable":true,"href":"https:\/\/www.europesays.com\/fi\/wp-json\/wp\/v2\/users\/2"}],"replies":[{"embeddable":true,"href":"https:\/\/www.europesays.com\/fi\/wp-json\/wp\/v2\/comments?post=76618"}],"version-history":[{"count":0,"href":"https:\/\/www.europesays.com\/fi\/wp-json\/wp\/v2\/posts\/76618\/revisions"}],"wp:featuredmedia":[{"embeddable":true,"href":"https:\/\/www.europesays.com\/fi\/wp-json\/wp\/v2\/media\/76619"}],"wp:attachment":[{"href":"https:\/\/www.europesays.com\/fi\/wp-json\/wp\/v2\/media?parent=76618"}],"wp:term":[{"taxonomy":"category","embeddable":true,"href":"https:\/\/www.europesays.com\/fi\/wp-json\/wp\/v2\/categories?post=76618"},{"taxonomy":"post_tag","embeddable":true,"href":"https:\/\/www.europesays.com\/fi\/wp-json\/wp\/v2\/tags?post=76618"}],"curies":[{"name":"wp","href":"https:\/\/api.w.org\/{rel}","templated":true}]}}