{"id":76639,"date":"2025-10-30T20:41:14","date_gmt":"2025-10-30T20:41:14","guid":{"rendered":"https:\/\/www.europesays.com\/fi\/76639\/"},"modified":"2025-10-30T20:41:14","modified_gmt":"2025-10-30T20:41:14","slug":"venaja-hyokkasi-taas-rajusti-ukrainan-sahkontuotantolaitoksia-vastaan-uutissuomalainen","status":"publish","type":"post","link":"https:\/\/www.europesays.com\/fi\/76639\/","title":{"rendered":"Ven\u00e4j\u00e4 hy\u00f6kk\u00e4si taas rajusti Ukrainan s\u00e4hk\u00f6ntuotantolaitoksia vastaan | Uutissuomalainen"},"content":{"rendered":"<p>Ven\u00e4j\u00e4 jatkoi torstain vastaisena y\u00f6n\u00e4 iskujaan Ukrainan energiasektoria vastaan. Aineellisten vahinkojen lis\u00e4ksi ainakin kaksi ihmist\u00e4 kuoli ja kymmeni\u00e4 haavoittui iskuissa.<\/p>\n<p>Ukrainan presidentin Volodymyr Zelenskyin mukaan iskuja tehtiin maan p\u00e4\u00e4kaupungin Kiovan lis\u00e4ksi ainakin yhdeks\u00e4lle muulle alueelle.<\/p>\n<p>Ukrainan suurin yksityinen energiayhti\u00f6 DTEK kertoi useiden voimalaitostensa vaurioituneen. Yhti\u00f6n mukaan vauriot tulevat vaikeuttamaan suuresti s\u00e4hk\u00f6njakelua tulevana talvena.<\/p>\n<p>Ven\u00e4j\u00e4n puolustusministeri\u00f6 my\u00f6nsi maan tehneen &#8221;massiivisen&#8221; iskun Ukrainan energialaitoksia vastaan. Puolustusministeri\u00f6 kertoi niin ik\u00e4\u00e4n Ven\u00e4j\u00e4n joukkojen vallanneen kaksi uutta kyl\u00e4\u00e4, toisen Harkovan ja toisen Zaporizhzhjan alueelta.<\/p>\n<p>My\u00f6s Ukraina hy\u00f6kk\u00e4si kymmenill\u00e4 droneilla Ven\u00e4j\u00e4n alueelle. Ven\u00e4j\u00e4n puolustusministeri\u00f6 kertoi ilmatorjunnan pudottaneen 170 dronea Brjanskin ja Moskovan alueilla torstain vastaisena y\u00f6n\u00e4.<\/p>\n","protected":false},"excerpt":{"rendered":"Ven\u00e4j\u00e4 jatkoi torstain vastaisena y\u00f6n\u00e4 iskujaan Ukrainan energiasektoria vastaan. Aineellisten vahinkojen lis\u00e4ksi ainakin kaksi ihmist\u00e4 kuoli ja kymmeni\u00e4&hellip;\n","protected":false},"author":2,"featured_media":76640,"comment_status":"","ping_status":"","sticky":false,"template":"","format":"standard","meta":{"footnotes":""},"categories":[14],"tags":[22,23,124,1628,26,27,33,31,30,17,3488,24,25,28,29,2325,15,18,21,932,32,19,20,549,56,16,59,60,61,4006],"class_list":{"0":"post-76639","1":"post","2":"type-post","3":"status-publish","4":"format-standard","5":"has-post-thumbnail","7":"category-ulkomaat","8":"tag-breaking-news","9":"tag-breakingnews","10":"tag-energia-sektori","11":"tag-energia-ja-energiavarat","12":"tag-featured-news","13":"tag-featurednews","14":"tag-fi","15":"tag-finland","16":"tag-finnish","17":"tag-headlines","18":"tag-kiova","19":"tag-latest-news","20":"tag-latestnews","21":"tag-main-news","22":"tag-mainnews","23":"tag-moskova-venaja","24":"tag-news","25":"tag-otsikot","26":"tag-paauutiset","27":"tag-sahkontuotanto-ja-jakelu","28":"tag-suomi","29":"tag-top-stories","30":"tag-topstories","31":"tag-ukrainan-sota","32":"tag-ulkomaat","33":"tag-uutiset","34":"tag-world","35":"tag-world-news","36":"tag-worldnews","37":"tag-ydintekniikka"},"share_on_mastodon":{"url":"https:\/\/pubeurope.com\/@fi\/115465059281570968","error":""},"_links":{"self":[{"href":"https:\/\/www.europesays.com\/fi\/wp-json\/wp\/v2\/posts\/76639","targetHints":{"allow":["GET"]}}],"collection":[{"href":"https:\/\/www.europesays.com\/fi\/wp-json\/wp\/v2\/posts"}],"about":[{"href":"https:\/\/www.europesays.com\/fi\/wp-json\/wp\/v2\/types\/post"}],"author":[{"embeddable":true,"href":"https:\/\/www.europesays.com\/fi\/wp-json\/wp\/v2\/users\/2"}],"replies":[{"embeddable":true,"href":"https:\/\/www.europesays.com\/fi\/wp-json\/wp\/v2\/comments?post=76639"}],"version-history":[{"count":0,"href":"https:\/\/www.europesays.com\/fi\/wp-json\/wp\/v2\/posts\/76639\/revisions"}],"wp:featuredmedia":[{"embeddable":true,"href":"https:\/\/www.europesays.com\/fi\/wp-json\/wp\/v2\/media\/76640"}],"wp:attachment":[{"href":"https:\/\/www.europesays.com\/fi\/wp-json\/wp\/v2\/media?parent=76639"}],"wp:term":[{"taxonomy":"category","embeddable":true,"href":"https:\/\/www.europesays.com\/fi\/wp-json\/wp\/v2\/categories?post=76639"},{"taxonomy":"post_tag","embeddable":true,"href":"https:\/\/www.europesays.com\/fi\/wp-json\/wp\/v2\/tags?post=76639"}],"curies":[{"name":"wp","href":"https:\/\/api.w.org\/{rel}","templated":true}]}}