{"id":76714,"date":"2025-10-30T22:39:08","date_gmt":"2025-10-30T22:39:08","guid":{"rendered":"https:\/\/www.europesays.com\/fi\/76714\/"},"modified":"2025-10-30T22:39:08","modified_gmt":"2025-10-30T22:39:08","slug":"talta-patrik-laine-nayttaa-nyt","status":"publish","type":"post","link":"https:\/\/www.europesays.com\/fi\/76714\/","title":{"rendered":"T\u00e4lt\u00e4 Patrik Laine n\u00e4ytt\u00e4\u00e4 nyt!"},"content":{"rendered":"<p>\n            Patrik Laine &#8211; Bermudan Kannu Helsinki 2018-07-07<br \/>\n            7 P\u00e4iv\u00e4\u00e4 \/ Pasi Murto\n        <\/p>\n<p class=\"subtitle \">NHL-kiekkoilijan uusin tyyli on v\u00e4hint\u00e4\u00e4nkin huomiota her\u00e4tt\u00e4v\u00e4.<\/p>\n<p class=\"article-content article-content-width !bg-background\">J\u00e4\u00e4kiekkoilija  tunnetaan n\u00e4ytt\u00e4v\u00e4st\u00e4 tyylist\u00e4\u00e4n.<\/p>\n<p class=\"font-weight-bold m-font-weight-bold article-content article-content-width !bg-background\">Video: Pariisin muotiviikon s\u00e4v\u00e4ytt\u00e4vimm\u00e4t tyylit.<\/p>\n<p class=\"article-content article-content-width !bg-background\">NHL-t\u00e4hti paljasti<a href=\"https:\/\/www.instagram.com\/p\/DQaa4crjBeN\/\" target=\"_blank\" rel=\"nofollow noopener\"> Instagram-julkaisussaan <\/a>uusimman lookinsa, joka ei taatusti j\u00e4\u00e4 huomaamatta.<\/p>\n<p class=\"article-content article-content-width !bg-background\">Patrik esittelee kuvassa upeaa pukua, joka on mittatilauspukuja tekev\u00e4n kanadalaisfirman k\u00e4sialaa.<\/p>\n<p class=\"article-content article-content-width !bg-background\">Asu on v\u00e4rik\u00e4s ja erottuva. Vaalean vihre\u00e4ll\u00e4 pohjalla olevat pystyraidat halkovat pukua, joka on istuu Patrikin p\u00e4\u00e4lle erinomaisesti.<\/p>\n<p>        <a itemprop=\"url\" href=\"https:\/\/www.seiska.fi\/kotimaa\/patrik-laineen-jordan-vaimolta-pysayttava-avautuminen-olen-todella-ahdistunut\/1957647\" rel=\"nofollow noopener\" target=\"_blank\"><\/p>\n<p>\nVaimolta pys\u00e4ytt\u00e4v\u00e4 avautuminen:\n<\/p>\n<p class=\"section-date\">\n        <strong class=\"article-section\" data-section=\"kotimaa\"><br \/>\n            kotimaa<br \/>\n        <\/strong><br \/>\n        10.10. 17:00\n    <\/p>\n<p>Patrik Laineen Jordan-vaimolta pys\u00e4ytt\u00e4v\u00e4 avautuminen: &#8221;Olen todella ahdistunut&#8221;\n    <\/p>\n<p itemprop=\"description\" class=\"subtitle \">\n    L\u00e4tk\u00e4vaimon arki ei aina ole sit\u00e4, milt\u00e4 se ulosp\u00e4in n\u00e4ytt\u00e4\u00e4.\n<\/p>\n<p>        <\/a><\/p>\n<p>Poikkeuksellinen ratkaisu<\/p>\n<p class=\"article-content article-content-width !bg-background\">Muotin\u00e4yte on siit\u00e4 poikkeuksellinen, ett\u00e4 aiemmissa Patrikin somejulkaisuissa h\u00e4nell\u00e4 on ollut yleens\u00e4 p\u00e4\u00e4hineen\u00e4\u00e4n pipo, mutta nyt kokonaisuuden kruunaakin hattu.<\/p>\n<p class=\"article-content article-content-width !bg-background\">Esimerkiksi <a href=\"https:\/\/www.instagram.com\/p\/DBOrxAEOZqD\/\" target=\"_blank\" rel=\"nofollow noopener\">viime vuoden syyskuussa Patrik poseerasi violetissa n\u00e4ytt\u00e4v\u00e4ss\u00e4 puvussa<\/a>, p\u00e4\u00e4ss\u00e4\u00e4n savy s\u00e4vyyn oleva pipo.<\/p>\n<p class=\"article-content article-content-width !bg-background\">Alta n\u00e4et Patrikin uusimman tyylin. Mik\u00e4li upotus ei n\u00e4y, voit katsoa <a href=\"https:\/\/www.instagram.com\/p\/DQaa4crjBeN\/\" target=\"_blank\" rel=\"nofollow noopener\">julkaisun t\u00e4st\u00e4 linkist\u00e4<\/a>.<\/p>\n<p>        <a itemprop=\"url\" href=\"https:\/\/www.seiska.fi\/kotimaa\/patrik-laineen-ex-tyttoystavalta-uutispommi-olen-shokissa\/1918988\" rel=\"nofollow noopener\" target=\"_blank\"><\/p>\n<p>\nPatrik Laineen ex-tytt\u00f6yst\u00e4v\u00e4lt\u00e4 uutispommi:\n<\/p>\n<p class=\"section-date\">\n        <strong class=\"article-section\" data-section=\"kotimaa\"><br \/>\n            kotimaa<br \/>\n        <\/strong><br \/>\n        3.9. 13:04\n    <\/p>\n<p>Patrik Laineen ex-tytt\u00f6yst\u00e4v\u00e4lt\u00e4 uutispommi: &#8221;Olen shokissa&#8221;\n    <\/p>\n<p itemprop=\"description\" class=\"subtitle \">\n    Sanna-Marin tuore paljastus puhuttaa.\n<\/p>\n<p>        <\/a><\/p>\n<p>H\u00e4\u00e4t kes\u00e4ll\u00e4<\/p>\n<p class=\"article-content article-content-width !bg-background\">Patrik meni viime kes\u00e4n\u00e4 &#8217;n kanssa naimisiin hulppeissa tunnelmissa. H\u00e4it\u00e4 vietettiin kes\u00e4kuussa.<\/p>\n<p class=\"article-content article-content-width !bg-background\">Somesta paljastui, ett\u00e4 juhlat pidetiin\u00a0Floridan Palm Beachiss\u00e4. Juhlapaikkana toimi The Breakers -hotelli.<\/p>\n<p class=\"article-content article-content-width !bg-background\">Jordan ja Patrik julkistivat suhteensa vuonna 2023 lomailtuaan Bahamalla. Kihloihin kaksikko meni vuoden 2024 kes\u00e4ll\u00e4. <\/p>\n<p>        <a itemprop=\"url\" href=\"https:\/\/www.seiska.fi\/urheilu\/patrik-laine-poseeraa-mallina-taustalla-uskomaton-tarina\/1872073\" rel=\"nofollow noopener\" target=\"_blank\"><\/p>\n<p>\nUskomaton tarina!\n<\/p>\n<p class=\"section-date\">\n        <strong class=\"article-section\" data-section=\"urheilu\"><br \/>\n            urheilu<br \/>\n        <\/strong><br \/>\n        17.7. 19:30\n    <\/p>\n<p>Patrik Laine poseeraa mallina &#8211; taustalla uskomaton tarina\n    <\/p>\n<p itemprop=\"description\" class=\"subtitle \">\n    NHL-t\u00e4hti poseerasi mannekiinina hyv\u00e4ss\u00e4 tarkoituksessa.\n<\/p>\n<p>        <\/a><\/p>\n<p class=\"article-content article-content-width !bg-background\">Patrik pelaa\u00a0Montreal Canadiens NHL-joukkueessa.\u00a0H\u00e4n asuu vaimonsa kanssa Montrealissa, Kanadassa.<\/p>\n<p><script async src=\"\/\/www.instagram.com\/embed.js\"><\/script><\/p>\n","protected":false},"excerpt":{"rendered":"Patrik Laine &#8211; Bermudan Kannu Helsinki 2018-07-07 7 P\u00e4iv\u00e4\u00e4 \/ Pasi Murto NHL-kiekkoilijan uusin tyyli on v\u00e4hint\u00e4\u00e4nkin huomiota&hellip;\n","protected":false},"author":2,"featured_media":76715,"comment_status":"","ping_status":"","sticky":false,"template":"","format":"standard","meta":{"footnotes":""},"categories":[136],"tags":[2639,407,137,33,31,30,1143,13780,408,8514,106,1697,7910,32,2677,109],"class_list":{"0":"post-76714","1":"post","2":"type-post","3":"status-publish","4":"format-standard","5":"has-post-thumbnail","7":"category-julkkikset","8":"tag-asu","9":"tag-celebrities","10":"tag-entertainment","11":"tag-fi","12":"tag-finland","13":"tag-finnish","14":"tag-jaakiekko","15":"tag-jordan-leigh","16":"tag-julkkikset","17":"tag-montreal-canadiens","18":"tag-muoti","19":"tag-nhl","20":"tag-patrik-laine","21":"tag-suomi","22":"tag-tyyli","23":"tag-viihde"},"share_on_mastodon":{"url":"https:\/\/pubeurope.com\/@fi\/115465523258635611","error":""},"_links":{"self":[{"href":"https:\/\/www.europesays.com\/fi\/wp-json\/wp\/v2\/posts\/76714","targetHints":{"allow":["GET"]}}],"collection":[{"href":"https:\/\/www.europesays.com\/fi\/wp-json\/wp\/v2\/posts"}],"about":[{"href":"https:\/\/www.europesays.com\/fi\/wp-json\/wp\/v2\/types\/post"}],"author":[{"embeddable":true,"href":"https:\/\/www.europesays.com\/fi\/wp-json\/wp\/v2\/users\/2"}],"replies":[{"embeddable":true,"href":"https:\/\/www.europesays.com\/fi\/wp-json\/wp\/v2\/comments?post=76714"}],"version-history":[{"count":0,"href":"https:\/\/www.europesays.com\/fi\/wp-json\/wp\/v2\/posts\/76714\/revisions"}],"wp:featuredmedia":[{"embeddable":true,"href":"https:\/\/www.europesays.com\/fi\/wp-json\/wp\/v2\/media\/76715"}],"wp:attachment":[{"href":"https:\/\/www.europesays.com\/fi\/wp-json\/wp\/v2\/media?parent=76714"}],"wp:term":[{"taxonomy":"category","embeddable":true,"href":"https:\/\/www.europesays.com\/fi\/wp-json\/wp\/v2\/categories?post=76714"},{"taxonomy":"post_tag","embeddable":true,"href":"https:\/\/www.europesays.com\/fi\/wp-json\/wp\/v2\/tags?post=76714"}],"curies":[{"name":"wp","href":"https:\/\/api.w.org\/{rel}","templated":true}]}}