{"id":76764,"date":"2025-10-31T00:05:11","date_gmt":"2025-10-31T00:05:11","guid":{"rendered":"https:\/\/www.europesays.com\/fi\/76764\/"},"modified":"2025-10-31T00:05:11","modified_gmt":"2025-10-31T00:05:11","slug":"vain-elamaa-erikoisjaksot-tasta-syysta-osa-artisteista-puuttuu","status":"publish","type":"post","link":"https:\/\/www.europesays.com\/fi\/76764\/","title":{"rendered":"Vain el\u00e4m\u00e4\u00e4 -erikoisjaksot: T\u00e4st\u00e4 syyst\u00e4 osa artisteista puuttuu"},"content":{"rendered":"<p>\n            Vain el\u00e4m\u00e4\u00e4, kausi 16Nelonen<br \/>\n            Petri Aho\n        <\/p>\n<p class=\"subtitle \">Kaikkia artisteja ei n\u00e4hd\u00e4 tulevissa Vain el\u00e4m\u00e4\u00e4 -jaksoissa.<\/p>\n<p class=\"article-content article-content-width !bg-background\">Vain el\u00e4m\u00e4\u00e4 -ohjelma etenee erikoisjaksoihin maksullisessa Ruutu+-palvelussa perjantaina 31. lokakuuta. Tv:n puolella ensimm\u00e4inen erikoisjakso n\u00e4hd\u00e4\u00e4n viikkoa my\u00f6hemmin.<\/p>\n<p class=\"font-weight-bold m-font-weight-bold article-content article-content-width !bg-background\">Arkistovideo: Pelle Miljoonan ajatukset Vain el\u00e4m\u00e4\u00e4st\u00e4.<\/p>\n<p class=\"article-content article-content-width !bg-background\">Seuraavat kolme jaksoa on omistettu kunniavieraille. Jaksoissa ei kuitenkaan n\u00e4hd\u00e4 kaikkia artisteja.\u00a0<\/p>\n<p class=\"article-content article-content-width !bg-background\">Seuraavat kolme jaksoa on omistettu pitk\u00e4n uran tehneille artisteille. Vaikka jaksoja ei viel\u00e4 ole esitetty, niiden artistiedot on julkistettu.<\/p>\n<p class=\"article-content article-content-width !bg-background\">Ensimm\u00e4isen\u00e4 kunniavierasjaksoista n\u00e4hd\u00e4\u00e4n  p\u00e4iv\u00e4, jossa mukana ovat t\u00e4m\u00e4n kauden t\u00e4hdist\u00e4 , , , ,  ja .  ja  ei jaksossa n\u00e4hd\u00e4, vaan sen sijaan p\u00f6yd\u00e4ss\u00e4 istuu Mariska.<\/p>\n<p>        <a itemprop=\"url\" href=\"https:\/\/www.seiska.fi\/katso\/johannes-brotherus-ja-lauri-haav-suututtivat-tv-katsojat-kusetettu-olo\/1976628\" rel=\"nofollow noopener\" target=\"_blank\"><\/p>\n<p>\nKatsojat suuttuivat\n<\/p>\n<p class=\"section-date\">\n        <strong class=\"article-section\" data-section=\"katso\"><br \/>\n            katso<br \/>\n        <\/strong><br \/>\n        29.10. 15:15\n    <\/p>\n<p>Johannes Brotherus ja Lauri Haav suututtivat tv-katsojat: &#8221;Kusetettu olo&#8221;\n    <\/p>\n<p itemprop=\"description\" class=\"subtitle \">\n    Vain el\u00e4m\u00e4\u00e4 -ohjelman erikoisjaksot tyrmistytt\u00e4v\u00e4t tv-katsojia.\n<\/p>\n<p>        <\/a><\/p>\n<p>                <img decoding=\"async\" src=\"https:\/\/www.europesays.com\/fi\/wp-content\/uploads\/2025\/10\/1972963.webp\" width=\"576\" height=\"274\" alt=\"Kuluvaa Vain el\u00e4m\u00e4\u00e4 -kautta t\u00e4hditt\u00e4v\u00e4t Pelle Miljoona, Mikki Kauste, Jonna Tervomaa, Lauri Haav, Johannes Brotherus, K\u00e4\u00e4rij\u00e4, Vesta ja Viivi.\" loading=\"lazy\" \/>            <\/p>\n<p>\n            Kuluvaa Vain el\u00e4m\u00e4\u00e4 -kautta t\u00e4hditt\u00e4v\u00e4t Pelle Miljoona, Mikki Kauste, Jonna Tervomaa, Lauri Haav, Johannes Brotherus, K\u00e4\u00e4rij\u00e4, Vesta ja Viivi.<br \/>\n            ATTE KAJOVA\n        <\/p>\n<p class=\"article-content article-content-width !bg-background\"> p\u00e4iv\u00e4n\u00e4 paikalla ovat Pelle Miljoona, Viivi, Vesta, Jonna Tervomaa ja Mikki Kauste. Vieraana on . K\u00e4\u00e4rij\u00e4, Lauri Haav ja Johannes Brotherus loistavat poissaolollaan.<\/p>\n<p class=\"article-content article-content-width !bg-background\"> p\u00e4iv\u00e4n\u00e4 paikalla ovat Viivi, Vesta, Jonna Tervomaa ja Mikki Kauste. Vierailijoina ovat  ja . K\u00e4\u00e4rij\u00e4\u00e4, Johannes Brotherusta tai Lauri Haavia ei n\u00e4hd\u00e4 t\u00e4ss\u00e4k\u00e4\u00e4n jaksossa, ja my\u00f6s Pelle Miljoona puuttuu.<\/p>\n<p>        <a itemprop=\"url\" href=\"https:\/\/www.seiska.fi\/katso\/johannes-brotherus-paljastus-erosta\/1971042\" rel=\"nofollow noopener\" target=\"_blank\"><\/p>\n<p>\nJohannes Brotherus\n<\/p>\n<p class=\"section-date\">\n        <strong class=\"article-section\" data-section=\"katso\"><br \/>\n            katso<br \/>\n        <\/strong><br \/>\n        24.10. 06:15\n    <\/p>\n<p>Johannes Brotherus: Paljastus erosta!\n    <\/p>\n<p itemprop=\"description\" class=\"subtitle \">\n    Vain el\u00e4m\u00e4\u00e4 -kaudella vietet\u00e4\u00e4n Kuumaa-yhtyeen Johannes Brotheruksen p\u00e4iv\u00e4\u00e4. Lauri Haavin kappalevalinta her\u00e4tt\u00e4\u00e4 tunteita laulaja-lauluntekij\u00e4ss\u00e4.\n<\/p>\n<p>        <\/a><\/p>\n<p>Nelonen vastaa<\/p>\n<p class=\"article-content article-content-width !bg-background\">Katso tavoitti Nelosen viestinn\u00e4n kommentoimaan asiaa.<\/p>\n<p class=\"article-content article-content-width !bg-background\">\u2013 Kyse on ollut aikatauluhaasteista. Lauri Haav k\u00e4vi kesken kuvausten keikoilla, samoin Mikki Kauste kertoo Remu Aaltosen jaksossa joutuvansa l\u00e4htem\u00e4\u00e4n kesken p\u00e4iv\u00e4n pois omalle keikalleen, \u00a0Nelosen viestinn\u00e4st\u00e4 kertoo.<\/p>\n<p class=\"article-content article-content-width !bg-background\">\u2013 Ohjelmassa kuitenkin pidet\u00e4\u00e4n kiinni hyv\u00e4st\u00e4\u00a0Vain el\u00e4m\u00e4\u00e4\u00a0-tunnelmasta, ja paikkaavat artistit on valittu katsojien rakastamalta 11. kaudelta. Kaikki t\u00e4m\u00e4n kauden artistit ovat mukana kauden viimeisess\u00e4 erikoisjaksossa (Mieli ry), h\u00e4n jatkaa.<\/p>\n<p class=\"article-content article-content-width !bg-background\">Mieli-p\u00e4iv\u00e4 esitet\u00e4\u00e4n Nelosella ja Ruudussa 28. marraskuuta.<\/p>\n<p class=\"italic m-italic article-content article-content-width !bg-background\">Vain el\u00e4m\u00e4\u00e4 perjantaisin Nelosella ja Ruudussa.<\/p>\n<p>        <a itemprop=\"url\" href=\"https:\/\/www.seiska.fi\/katso\/lauri-haavin-outo-kaytos-festareilla-hammensi\/1949412\" rel=\"nofollow noopener\" target=\"_blank\"><\/p>\n<p>\nLauri Haav\n<\/p>\n<p class=\"section-date\">\n        <strong class=\"article-section\" data-section=\"katso\"><br \/>\n            katso<br \/>\n        <\/strong><br \/>\n        9.10. 16:15\n    <\/p>\n<p>Lauri Haavin outo k\u00e4yt\u00f6s festareilla h\u00e4mmensi\n    <\/p>\n<p itemprop=\"description\" class=\"subtitle \">\n    Vesta paljastaa Vain el\u00e4m\u00e4\u00e4 -ohjelmassa pettyneens\u00e4 Lauri Haavin festarik\u00e4yt\u00f6kseen.\n<\/p>\n<p>        <\/a><\/p>\n","protected":false},"excerpt":{"rendered":"Vain el\u00e4m\u00e4\u00e4, kausi 16Nelonen Petri Aho Kaikkia artisteja ei n\u00e4hd\u00e4 tulevissa Vain el\u00e4m\u00e4\u00e4 -jaksoissa. Vain el\u00e4m\u00e4\u00e4 -ohjelma etenee&hellip;\n","protected":false},"author":2,"featured_media":76765,"comment_status":"","ping_status":"","sticky":false,"template":"","format":"standard","meta":{"footnotes":""},"categories":[130],"tags":[137,33,31,30,4963,5732,4559,2396,5946,1758,4915,14519,32,1318,4914,4965,109,4945],"class_list":{"0":"post-76764","1":"post","2":"type-post","3":"status-publish","4":"format-standard","5":"has-post-thumbnail","7":"category-viihde","8":"tag-entertainment","9":"tag-fi","10":"tag-finland","11":"tag-finnish","12":"tag-johannes-brotherus","13":"tag-jonna-tervomaa","14":"tag-kaarija","15":"tag-lauri-haav","16":"tag-mikki-kauste","17":"tag-nelonen","18":"tag-pelle-miljoona","19":"tag-remu-aaltonen","20":"tag-suomi","21":"tag-tv-ohjelma","22":"tag-vain-elamaa","23":"tag-vesta","24":"tag-viihde","25":"tag-viivi"},"share_on_mastodon":{"url":"https:\/\/pubeurope.com\/@fi\/115465861509306098","error":""},"_links":{"self":[{"href":"https:\/\/www.europesays.com\/fi\/wp-json\/wp\/v2\/posts\/76764","targetHints":{"allow":["GET"]}}],"collection":[{"href":"https:\/\/www.europesays.com\/fi\/wp-json\/wp\/v2\/posts"}],"about":[{"href":"https:\/\/www.europesays.com\/fi\/wp-json\/wp\/v2\/types\/post"}],"author":[{"embeddable":true,"href":"https:\/\/www.europesays.com\/fi\/wp-json\/wp\/v2\/users\/2"}],"replies":[{"embeddable":true,"href":"https:\/\/www.europesays.com\/fi\/wp-json\/wp\/v2\/comments?post=76764"}],"version-history":[{"count":0,"href":"https:\/\/www.europesays.com\/fi\/wp-json\/wp\/v2\/posts\/76764\/revisions"}],"wp:featuredmedia":[{"embeddable":true,"href":"https:\/\/www.europesays.com\/fi\/wp-json\/wp\/v2\/media\/76765"}],"wp:attachment":[{"href":"https:\/\/www.europesays.com\/fi\/wp-json\/wp\/v2\/media?parent=76764"}],"wp:term":[{"taxonomy":"category","embeddable":true,"href":"https:\/\/www.europesays.com\/fi\/wp-json\/wp\/v2\/categories?post=76764"},{"taxonomy":"post_tag","embeddable":true,"href":"https:\/\/www.europesays.com\/fi\/wp-json\/wp\/v2\/tags?post=76764"}],"curies":[{"name":"wp","href":"https:\/\/api.w.org\/{rel}","templated":true}]}}