{"id":76876,"date":"2025-10-31T04:03:08","date_gmt":"2025-10-31T04:03:08","guid":{"rendered":"https:\/\/www.europesays.com\/fi\/76876\/"},"modified":"2025-10-31T04:03:08","modified_gmt":"2025-10-31T04:03:08","slug":"sagrada-familia-on-nyt-maailman-korkein-kirkko-uutisia-lyhyesti","status":"publish","type":"post","link":"https:\/\/www.europesays.com\/fi\/76876\/","title":{"rendered":"Sagrada Familia on nyt maailman korkein kirkko | Uutisia lyhyesti"},"content":{"rendered":"<p class=\"aw-1gybjub aw-5vja16 ghpEtB kjanFo yle__article__paragraph\">Katalonialaisen arkkitehdin Antoni Gaud\u00edn suunnittelema kirkko on nyt 162,91 metri\u00e4 korkea. <\/p>\n<p><img decoding=\"async\" alt=\"Sagrada Familian rakennusty\u00f6t Barcelonassa elokuussa 2025.\" src=\"https:\/\/www.europesays.com\/fi\/wp-content\/uploads\/2025\/10\/39-1546593690428b6dbf24.jpeg\" class=\"aw-1l9m598 hKVVvP\"\/><\/p>\n<p>Avaa kuvien katselu<\/p>\n<p>Sagrada Familia kuvattuna 1. elokuuta. Kuva: Enric Fontcuberta \/ EPA<\/p>\n<p class=\"aw-1gybjub aw-1p7kakr ghpEtB jtovHP yle__article__paragraph\">Espanjassa Barcelonan kuuluisasta Sagrada Familia -kirkosta on tullut maailman korkein kirkko sen j\u00e4lkeen, kun osa sen keskustornista nostettiin paikoilleen torstaina.<\/p>\n<p class=\"aw-1gybjub aw-1p7kakr ghpEtB jtovHP yle__article__paragraph\">Katalonialaisen arkkitehdin <strong class=\"aw-ak79eh KyCXm yle__article__strong\">Antoni Gaud\u00edn<\/strong> suunnittelema kirkko on nyt 162,91 metri\u00e4 korkea. Aiempaa enn\u00e4tyst\u00e4 piti nimiss\u00e4\u00e4n saksalainen Ulmin tuomiokirkko, joka kohoaa 161,53 metrin korkeuteen.<\/p>\n<p class=\"aw-1gybjub aw-1p7kakr ghpEtB jtovHP yle__article__paragraph\">Valmistuessaan barcelonalaisen kirkon on m\u00e4\u00e4r\u00e4 nousta noin 172 metrin korkeuteen. Kirkon ulkosivujen ja sis\u00e4tilojen viimeistelyt\u00f6iden uskotaan jatkuvan viel\u00e4 noin vuosikymmenen ajan.<\/p>\n<p class=\"aw-1gybjub aw-1p7kakr ghpEtB jtovHP yle__article__paragraph\">Viime vuonna Sagrada Familiassa vieraili 4,9 miljoonaa ihmist\u00e4. Gaudin kuolemasta tulee ensi vuonna kuluneeksi sata vuotta. Juhlavuoden kunniaksi kirkossa j\u00e4rjestet\u00e4\u00e4n useita tapahtumia arkkitehdin kunniaksi.<\/p>\n<p class=\"aw-1gybjub aw-1p7kakr ghpEtB jtovHP yle__article__paragraph\">L\u00e4hde: AP<\/p>\n","protected":false},"excerpt":{"rendered":"Katalonialaisen arkkitehdin Antoni Gaud\u00edn suunnittelema kirkko on nyt 162,91 metri\u00e4 korkea. Avaa kuvien katselu Sagrada Familia kuvattuna 1.&hellip;\n","protected":false},"author":2,"featured_media":76877,"comment_status":"","ping_status":"","sticky":false,"template":"","format":"standard","meta":{"footnotes":"","_share_on_mastodon":"0"},"categories":[14],"tags":[22,23,1819,26,27,33,31,30,17,16361,15509,24,25,28,29,15,18,21,3639,16360,32,19,20,56,16,59,60,61],"class_list":["post-76876","post","type-post","status-publish","format-standard","has-post-thumbnail","category-ulkomaat","tag-breaking-news","tag-breakingnews","tag-espanja","tag-featured-news","tag-featurednews","tag-fi","tag-finland","tag-finnish","tag-headlines","tag-katalonia","tag-kirkot","tag-latest-news","tag-latestnews","tag-main-news","tag-mainnews","tag-news","tag-otsikot","tag-paauutiset","tag-rakennukset","tag-sagrada-familia","tag-suomi","tag-top-stories","tag-topstories","tag-ulkomaat","tag-uutiset","tag-world","tag-world-news","tag-worldnews"],"share_on_mastodon":{"url":"https:\/\/pubeurope.com\/@fi\/115466797437520257","error":""},"_links":{"self":[{"href":"https:\/\/www.europesays.com\/fi\/wp-json\/wp\/v2\/posts\/76876","targetHints":{"allow":["GET"]}}],"collection":[{"href":"https:\/\/www.europesays.com\/fi\/wp-json\/wp\/v2\/posts"}],"about":[{"href":"https:\/\/www.europesays.com\/fi\/wp-json\/wp\/v2\/types\/post"}],"author":[{"embeddable":true,"href":"https:\/\/www.europesays.com\/fi\/wp-json\/wp\/v2\/users\/2"}],"replies":[{"embeddable":true,"href":"https:\/\/www.europesays.com\/fi\/wp-json\/wp\/v2\/comments?post=76876"}],"version-history":[{"count":0,"href":"https:\/\/www.europesays.com\/fi\/wp-json\/wp\/v2\/posts\/76876\/revisions"}],"wp:featuredmedia":[{"embeddable":true,"href":"https:\/\/www.europesays.com\/fi\/wp-json\/wp\/v2\/media\/76877"}],"wp:attachment":[{"href":"https:\/\/www.europesays.com\/fi\/wp-json\/wp\/v2\/media?parent=76876"}],"wp:term":[{"taxonomy":"category","embeddable":true,"href":"https:\/\/www.europesays.com\/fi\/wp-json\/wp\/v2\/categories?post=76876"},{"taxonomy":"post_tag","embeddable":true,"href":"https:\/\/www.europesays.com\/fi\/wp-json\/wp\/v2\/tags?post=76876"}],"curies":[{"name":"wp","href":"https:\/\/api.w.org\/{rel}","templated":true}]}}