{"id":77143,"date":"2025-10-31T10:34:08","date_gmt":"2025-10-31T10:34:08","guid":{"rendered":"https:\/\/www.europesays.com\/fi\/77143\/"},"modified":"2025-10-31T10:34:08","modified_gmt":"2025-10-31T10:34:08","slug":"lahden-moysassa-on-ammuttu-yksi-henkilo-loukkaantunut-paijat-hame","status":"publish","type":"post","link":"https:\/\/www.europesays.com\/fi\/77143\/","title":{"rendered":"Lahden M\u00f6ys\u00e4ss\u00e4 on ammuttu \u2013 yksi henkil\u00f6 loukkaantunut | P\u00e4ij\u00e4t-H\u00e4me"},"content":{"rendered":"<p class=\"aw-1gybjub aw-5vja16 ghpEtB kjanFo yle__article__paragraph\">Tekij\u00e4 pakeni paikalta, mutta poliisi sai h\u00e4net kiinni.<\/p>\n<p><img decoding=\"async\" alt=\"L\u00e4hikuvassa on sinivalkoinen pakettiauto, jonka kyljess\u00e4 lukee sinisell\u00e4 poliisi. \" src=\"https:\/\/www.europesays.com\/fi\/wp-content\/uploads\/2025\/10\/39-14722636835ab869a480.jpeg\" class=\"aw-1l9m598 hKVVvP\"\/><\/p>\n<p>Avaa kuvien katselu<\/p>\n<p>Lahden M\u00f6ys\u00e4ss\u00e4 on ammuttu t\u00e4n\u00e4\u00e4n. Kuvituskuva. Kuva: Petri Niemi \/ Yle<\/p>\n<p>11:54\u2022P\u00e4ivitetty 12:01<\/p>\n<p class=\"aw-1gybjub aw-1p7kakr ghpEtB jtovHP yle__article__paragraph\">H\u00e4meen poliisi tiedottaa, ett\u00e4 Lahden M\u00f6ys\u00e4ss\u00e4 on t\u00e4n\u00e4\u00e4n perjantaina ollut ampumav\u00e4likohtaus.<\/p>\n<p class=\"aw-1gybjub aw-1p7kakr ghpEtB jtovHP yle__article__paragraph\">Tilanteessa on loukkaantunut yksi henkil\u00f6.<\/p>\n<p class=\"aw-1gybjub aw-1p7kakr ghpEtB jtovHP yle__article__paragraph\">Tekij\u00e4 pakeni paikalta, mutta poliisi on saanut tekij\u00e4n kiinni ja h\u00e4n on poliisin hallussa.<\/p>\n<p class=\"aw-1gybjub aw-1p7kakr ghpEtB jtovHP yle__article__paragraph\">V\u00e4likohtaus on tapahtunut kello 11 j\u00e4lkeen.<\/p>\n<p class=\"aw-1gybjub aw-1p7kakr ghpEtB jtovHP yle__article__paragraph\">Juttua muokattu 31.10. kello 11.59: Vaihdettu tieto siit\u00e4, ett\u00e4 poliisi etsii tekij\u00e4\u00e4 siihen, ett\u00e4 h\u00e4n on poliisin hallussa.<\/p>\n","protected":false},"excerpt":{"rendered":"Tekij\u00e4 pakeni paikalta, mutta poliisi sai h\u00e4net kiinni. Avaa kuvien katselu Lahden M\u00f6ys\u00e4ss\u00e4 on ammuttu t\u00e4n\u00e4\u00e4n. Kuvituskuva. Kuva:&hellip;\n","protected":false},"author":2,"featured_media":77144,"comment_status":"","ping_status":"","sticky":false,"template":"","format":"standard","meta":{"footnotes":""},"categories":[12],"tags":[22,23,26,27,33,31,30,17,71,24,25,28,29,15,18,21,1268,52,32,19,20,16],"class_list":{"0":"post-77143","1":"post","2":"type-post","3":"status-publish","4":"format-standard","5":"has-post-thumbnail","7":"category-suomi","8":"tag-breaking-news","9":"tag-breakingnews","10":"tag-featured-news","11":"tag-featurednews","12":"tag-fi","13":"tag-finland","14":"tag-finnish","15":"tag-headlines","16":"tag-kotimaa","17":"tag-latest-news","18":"tag-latestnews","19":"tag-main-news","20":"tag-mainnews","21":"tag-news","22":"tag-otsikot","23":"tag-paauutiset","24":"tag-paijat-hame","25":"tag-poliisi","26":"tag-suomi","27":"tag-top-stories","28":"tag-topstories","29":"tag-uutiset"},"share_on_mastodon":{"url":"https:\/\/pubeurope.com\/@fi\/115468334857919042","error":""},"_links":{"self":[{"href":"https:\/\/www.europesays.com\/fi\/wp-json\/wp\/v2\/posts\/77143","targetHints":{"allow":["GET"]}}],"collection":[{"href":"https:\/\/www.europesays.com\/fi\/wp-json\/wp\/v2\/posts"}],"about":[{"href":"https:\/\/www.europesays.com\/fi\/wp-json\/wp\/v2\/types\/post"}],"author":[{"embeddable":true,"href":"https:\/\/www.europesays.com\/fi\/wp-json\/wp\/v2\/users\/2"}],"replies":[{"embeddable":true,"href":"https:\/\/www.europesays.com\/fi\/wp-json\/wp\/v2\/comments?post=77143"}],"version-history":[{"count":0,"href":"https:\/\/www.europesays.com\/fi\/wp-json\/wp\/v2\/posts\/77143\/revisions"}],"wp:featuredmedia":[{"embeddable":true,"href":"https:\/\/www.europesays.com\/fi\/wp-json\/wp\/v2\/media\/77144"}],"wp:attachment":[{"href":"https:\/\/www.europesays.com\/fi\/wp-json\/wp\/v2\/media?parent=77143"}],"wp:term":[{"taxonomy":"category","embeddable":true,"href":"https:\/\/www.europesays.com\/fi\/wp-json\/wp\/v2\/categories?post=77143"},{"taxonomy":"post_tag","embeddable":true,"href":"https:\/\/www.europesays.com\/fi\/wp-json\/wp\/v2\/tags?post=77143"}],"curies":[{"name":"wp","href":"https:\/\/api.w.org\/{rel}","templated":true}]}}