{"id":77163,"date":"2025-10-31T11:12:12","date_gmt":"2025-10-31T11:12:12","guid":{"rendered":"https:\/\/www.europesays.com\/fi\/77163\/"},"modified":"2025-10-31T11:12:12","modified_gmt":"2025-10-31T11:12:12","slug":"raportti-samsung-kuoppasi-ohuen-galaxy-s26-edgen-nyt-kehityksessa-on-kuitenkin-more-slim","status":"publish","type":"post","link":"https:\/\/www.europesays.com\/fi\/77163\/","title":{"rendered":"Raportti: Samsung kuoppasi ohuen Galaxy S26 Edgen \u2013 nyt kehityksess\u00e4 on kuitenkin \u201dMore Slim\u201d"},"content":{"rendered":"<p><a href=\"https:\/\/mobiili.fi\/wp-content\/uploads\/2025\/05\/IMG_20250520_125819_edit_47099233133855-scaled.jpg\" data-lightbox=\"image\" rel=\"nofollow noopener\" target=\"_blank\"><img fetchpriority=\"high\" decoding=\"async\" aria-describedby=\"caption-attachment-259892\" class=\"size-large wp-image-259892\" src=\"data:image\/svg+xml,%3Csvg%20xmlns=\" http:=\"\" alt=\"Kuvassa Samsung Galaxy S25 Edge.\" width=\"1200\" height=\"1169\" data-lazy- data-lazy- data-lazy-src=\"https:\/\/www.europesays.com\/fi\/wp-content\/uploads\/2025\/10\/IMG_20250520_125819_edit_47099233133855-1200x1169.jpg\"\/><\/a><\/p>\n<p id=\"caption-attachment-259892\" class=\"wp-caption-text\">Kuvassa Samsung Galaxy S25 Edge.<\/p>\n<p>Samsungin Galaxy S26 -huippupuhelinten kehitysprosessi on ollut melkoinen sekasotku. Nyt asiassa on kuultu viel\u00e4 uudesta k\u00e4\u00e4nteest\u00e4.<\/p>\n<p>Aluksi Samsungin kehitti kolmea uutta mallia, jotka olisivat seuraajat Galaxy S25:lle, Galaxy S25 Edgelle ja Galaxy S25 Ultralle.<\/p>\n<p>Mallisto olisi koostunut siis perusmallista, ohuesta mallista ja parhaimmin varustellusta huippumallista. Perusmallia suurempi plussamalli olisi n\u00e4in ollut putoamassa pois mallistosta ohuen mallin tavallaan ottaessa sen paikan. Lis\u00e4ksi perusmallin huhuttiin saavan nimekseen Galaxy S26 Pro.<\/p>\n<p style=\"width: 98%; text-align: center; font-size:13px; border-bottom: 1px solid #C8C8C8; line-height: 0.1em; margin: 8px 1% 16px 1%;\">MAINOS (ARTIKKELI JATKUU ALLA)<\/p>\n<p><a href=\"https:\/\/mobiili.fi\/2025\/10\/01\/raportti-samsung-kaynnisti-sittenkin-plussamallin-kehityksen-ensi-vuoden-galaxy-s26-sarjaan-taustalla-galaxy-s25-edgen-heikko-myynti\/\" rel=\"nofollow noopener\" target=\"_blank\">Syys-lokakuun vaihteessa kuultiin kuitenkin raportti<\/a>, jonka mukaan nykyisen ohuen Galaxy S25 Edgen heikon myynnin takia Samsung olikin aloittanut plussamallin kehityksen osaksi Galaxy S26 -mallistoa. T\u00e4t\u00e4 seurasivat lokakuussa usealta taholta raportit, joiden mukaan <a href=\"https:\/\/mobiili.fi\/2025\/10\/16\/huhu-samsung-perui-ohuen-galaxy-s26-edge-huippupuhelimen-syyna-nykymallin-surkea-myynti\/\" rel=\"nofollow noopener\" target=\"_blank\">tuleva ohut Galaxy S26 Edge onkin lopulta peruttu kokonaan<\/a>.<\/p>\n<p>Vaikka nyt n\u00e4ytt\u00e4\u00e4 selv\u00e4lt\u00e4, ett\u00e4 alkuvuodeksi 2026 odotettu Galaxy S26 Edge on peruttu, ei Samsung n\u00e4yt\u00e4 kokonaan hyl\u00e4nneen suunnitelmista ohuesta puhelimesta.<\/p>\n<p>Jo alkuper\u00e4isiss\u00e4 raporteissa Galaxy S26 Edgen perumisesta j\u00e4tettiin portti auki puhelimen tulolle sittenkin my\u00f6hemmin, ja nyt <a href=\"https:\/\/www.galaxyclub.nl\/samsung\/galaxy-s26-edge\/\" rel=\"nofollow noopener\" target=\"_blank\">GalaxyClub-sivusto raportoikin l\u00e4hteisiins\u00e4 perustuen Samsungin kehitysty\u00f6st\u00e4<\/a>.<\/p>\n<p style=\"width: 98%; text-align: center; font-size:13px; border-bottom: 1px solid #C8C8C8; line-height: 0.1em; margin: 8px 1% 16px 1%;\">MAINOS (ARTIKKELI JATKUU ALLA)<\/p>\n<p>Alun perin suunniteltu Galaxy S26 Edge on kuollut ja kuopattu, mutta Samsung on alkanut kehitt\u00e4m\u00e4\u00e4n More Slim -koodinimist\u00e4 puhelinta. Galaxy S25 Edgen koodinimi oli aikanaan Slim.<\/p>\n<p>Jos koodinimi kertoo jotakin, n\u00e4ht\u00e4v\u00e4sti Samsungilla uskotaan, ett\u00e4 ohuen puhelin tulee olla entist\u00e4kin ohuempi. Paksuutta Galaxy S25 Edgell\u00e4 on 5,8 millimetri\u00e4.<\/p>\n<p>More Slim -puhelimen kehitysty\u00f6 on alkanut my\u00f6hemmin, eik\u00e4 sit\u00e4 siis odoteta markkinoille viel\u00e4 alkuvuodesta 2026 vaan vasta joskus my\u00f6hemmin.<\/p>\n<p>Mainos: <a href=\"https:\/\/hinta.fi\/?src=gPp6fX03\" target=\"_blank\" rel=\"nofollow noopener\">Noin 1 600 000 tuotteen hintavertailu ja hintaseuranta &#8211; katso Hinta.fist\u00e4 mist\u00e4 saat halvimmalla<\/a><\/p>\n","protected":false},"excerpt":{"rendered":"Kuvassa Samsung Galaxy S25 Edge. Samsungin Galaxy S26 -huippupuhelinten kehitysprosessi on ollut melkoinen sekasotku. Nyt asiassa on kuultu&hellip;\n","protected":false},"author":2,"featured_media":77164,"comment_status":"","ping_status":"","sticky":false,"template":"","format":"standard","meta":{"footnotes":""},"categories":[85],"tags":[33,31,30,419,418,32,91,92],"class_list":{"0":"post-77163","1":"post","2":"type-post","3":"status-publish","4":"format-standard","5":"has-post-thumbnail","7":"category-mobiili","8":"tag-fi","9":"tag-finland","10":"tag-finnish","11":"tag-mobiili","12":"tag-mobile","13":"tag-suomi","14":"tag-technology","15":"tag-teknologia"},"share_on_mastodon":{"url":"https:\/\/pubeurope.com\/@fi\/115468484200269404","error":""},"_links":{"self":[{"href":"https:\/\/www.europesays.com\/fi\/wp-json\/wp\/v2\/posts\/77163","targetHints":{"allow":["GET"]}}],"collection":[{"href":"https:\/\/www.europesays.com\/fi\/wp-json\/wp\/v2\/posts"}],"about":[{"href":"https:\/\/www.europesays.com\/fi\/wp-json\/wp\/v2\/types\/post"}],"author":[{"embeddable":true,"href":"https:\/\/www.europesays.com\/fi\/wp-json\/wp\/v2\/users\/2"}],"replies":[{"embeddable":true,"href":"https:\/\/www.europesays.com\/fi\/wp-json\/wp\/v2\/comments?post=77163"}],"version-history":[{"count":0,"href":"https:\/\/www.europesays.com\/fi\/wp-json\/wp\/v2\/posts\/77163\/revisions"}],"wp:featuredmedia":[{"embeddable":true,"href":"https:\/\/www.europesays.com\/fi\/wp-json\/wp\/v2\/media\/77164"}],"wp:attachment":[{"href":"https:\/\/www.europesays.com\/fi\/wp-json\/wp\/v2\/media?parent=77163"}],"wp:term":[{"taxonomy":"category","embeddable":true,"href":"https:\/\/www.europesays.com\/fi\/wp-json\/wp\/v2\/categories?post=77163"},{"taxonomy":"post_tag","embeddable":true,"href":"https:\/\/www.europesays.com\/fi\/wp-json\/wp\/v2\/tags?post=77163"}],"curies":[{"name":"wp","href":"https:\/\/api.w.org\/{rel}","templated":true}]}}