{"id":77257,"date":"2025-10-31T13:23:08","date_gmt":"2025-10-31T13:23:08","guid":{"rendered":"https:\/\/www.europesays.com\/fi\/77257\/"},"modified":"2025-10-31T13:23:08","modified_gmt":"2025-10-31T13:23:08","slug":"tv-kaunottaren-kanssa-viihtyva-erikoisjoukot-tahti-jan-knutti-yllattavassa-seurassa-kuva","status":"publish","type":"post","link":"https:\/\/www.europesays.com\/fi\/77257\/","title":{"rendered":"Tv-kaunottaren kanssa viihtyv\u00e4 Erikoisjoukot-t\u00e4hti Jan Knutti yll\u00e4tt\u00e4v\u00e4ss\u00e4 seurassa &#8211; kuva!"},"content":{"rendered":"<p>            ATTE KAJOVA\n        <\/p>\n<p class=\"subtitle \">Erikoisjoukot-kouluttajien suhdekoukerot ovat her\u00e4tt\u00e4neet h\u00e4mmennyst\u00e4 kuluvana syksyn\u00e4.<\/p>\n<p class=\"article-content article-content-width !bg-background\">Seiska kertoi aiemmin syksyll\u00e4, ett\u00e4 Erikoisjoukot-ohjelmasta tuttu kouluttaja , 50, on viihtynyt tv:st\u00e4 tutun , 35, seurassa.\u00a0<\/p>\n<p class=\"font-weight-bold m-font-weight-bold article-content article-content-width !bg-background\">Videolla kerrotaan Janin ja Nikki Taifuunin tilanteesta:<\/p>\n<p class=\"article-content article-content-width !bg-background\">Janin ja Nikin l\u00e4hipiirist\u00e4 kerrottiin Seiskalle, ett\u00e4 n\u00e4m\u00e4 ovat viett\u00e4neet aikaa yhdess\u00e4 jo yli vuoden ajan.\u00a0<\/p>\n<p>        <a itemprop=\"url\" href=\"https:\/\/www.seiska.fi\/kotimaa\/erikoisjoukot-tahdelta-paljastus-matias-petaistosta\/1974874\" rel=\"nofollow noopener\" target=\"_blank\"><\/p>\n<p>\nErikoisjoukot-t\u00e4hti:\n<\/p>\n<p class=\"section-date\">\n        <strong class=\"article-section\" data-section=\"kotimaa\"><br \/>\n            kotimaa<br \/>\n        <\/strong><br \/>\n        28.10. 16:00\n    <\/p>\n<p>Erikoisjoukot-t\u00e4hdelt\u00e4 paljastus Matias Pet\u00e4ist\u00f6st\u00e4\n    <\/p>\n<p itemprop=\"description\" class=\"subtitle \">\n    Jan vastasi useiden mielt\u00e4 askarruttaneeseen kysymykseen.\n<\/p>\n<p>        <\/a><\/p>\n<p class=\"article-content article-content-width !bg-background\"><a href=\"https:\/\/www.seiska.fi\/vain-seiskassa\/erikoisjoukot-tahti-jan-knutti-viihtyy-julkkiskaunottaren-seurassa-paljonpuhuvat-kuvat-lentoasemalta\/1946001\" target=\"_blank\" rel=\"nofollow noopener\">Seiska my\u00f6s l\u00f6ysi kaksikon Helsinki-Vantaan lentoasemalta<\/a>, jonne Nikki oli saapunut autollaan Jania vastaan t\u00e4m\u00e4n palatessa Brysselist\u00e4.<\/p>\n<p>                <img decoding=\"async\" src=\"https:\/\/www.europesays.com\/fi\/wp-content\/uploads\/2025\/10\/1979928.webp\" width=\"576\" height=\"720\" alt=\"L\u00e4hipiirin mukaan sek\u00e4 Nikki ett\u00e4 Jan nauttivat muun muassa py\u00f6r\u00e4ilyst\u00e4.\" loading=\"lazy\" \/>            <\/p>\n<p>\n            L\u00e4hipiirin mukaan sek\u00e4 Nikki ett\u00e4 Jan nauttivat muun muassa py\u00f6r\u00e4ilyst\u00e4.<br \/>\n            ATTE KAJOVA\n        <\/p>\n<p class=\"article-content article-content-width !bg-background\">Parivaljakko on n\u00e4hty yhdess\u00e4 my\u00f6s festareilla. Syyskuun alussa duo taasen vietti iltaa Helsingiss\u00e4 sijaitsevassa ravintola Teatterin Vipiss\u00e4. Nikki oli my\u00f6s l\u00e4sn\u00e4 Janin elokuisilla 50-vuotisjuhlilla.\u00a0<\/p>\n<p>Pitk\u00e4 avioliitto<\/p>\n<p class=\"article-content article-content-width !bg-background\">Erikoisen kaksikon tiiviist\u00e4 yhteydenpidosta tekee se, ett\u00e4 Jan on naimisissa.\u00a0<\/p>\n<p>        <a itemprop=\"url\" href=\"https:\/\/www.seiska.fi\/vain-seiskassa\/erikoisjoukot-tahtien-suhteet-puhuttavat-aviokriisi-villi-naisruletti\/1948757\" rel=\"nofollow noopener\" target=\"_blank\"><\/p>\n<p>\nErikoisjoukot-t\u00e4htien suhteet puhuttavat\n<\/p>\n<p class=\"section-date\">\n        <strong class=\"article-section\" data-section=\"vain seiskassa\"><br \/>\n            vain seiskassa<br \/>\n        <\/strong><br \/>\n        6.10. 07:00\n    <\/p>\n<p>Erikoisjoukot-t\u00e4htien suhteet puhuttavat: aviokriisi, villi naisruletti&#8230;\n    <\/p>\n<p itemprop=\"description\" class=\"subtitle \">\n    Jan Knutti on jo kolmas Erikoisjoukot-kouluttaja, jonka suhdeasiat ovat her\u00e4tt\u00e4neet h\u00e4mmennyst\u00e4.\n<\/p>\n<p>        <\/a><\/p>\n<p class=\"article-content article-content-width !bg-background\">H\u00e4n avioitui puolisonsa kanssa vuonna 2008. Jan on kertonut aiemmin, ett\u00e4 h\u00e4n ja h\u00e4nen perheens\u00e4 asuvat Belgiassa.\u00a0<\/p>\n<p>                <img decoding=\"async\" src=\"https:\/\/www.europesays.com\/fi\/wp-content\/uploads\/2025\/10\/1979931.webp\" width=\"576\" height=\"720\" alt=\"Jan ja Nikki ovat pysyneet vaitonaisina v\u00e4leist\u00e4\u00e4n.\" loading=\"lazy\" \/>            <\/p>\n<p>\n            Jan ja Nikki ovat pysyneet vaitonaisina v\u00e4leist\u00e4\u00e4n.<br \/>\n            ATTE KAJOVA\n        <\/p>\n<p class=\"article-content article-content-width !bg-background\">Viime p\u00e4ivin\u00e4 Jan vaikuttaa kuitenkin viihtyneen toisessa Euroopan maassa. H\u00e4n on julkaissut someen materiaalia, josta h\u00e4nen voi p\u00e4\u00e4tell\u00e4 matkustaneen Pariisiin.<\/p>\n<p>        <a itemprop=\"url\" href=\"https:\/\/www.seiska.fi\/vain-seiskassa\/jan-knutin-ja-nikki-taifuunin-laheiset-valit-puhuttavat-paljonpuhuvat-yksityiskohdat-julki\/1946295\" rel=\"nofollow noopener\" target=\"_blank\"><\/p>\n<p>\nJan Knutin ja Nikki Taifuunin l\u00e4heiset v\u00e4lit puhuttavat\n<\/p>\n<p class=\"section-date\">\n        <strong class=\"article-section\" data-section=\"vain seiskassa\"><br \/>\n            vain seiskassa<br \/>\n        <\/strong><br \/>\n        4.10. 08:00\n    <\/p>\n<p>Jan Knutin ja Nikki Taifuunin l\u00e4heiset v\u00e4lit puhuttavat \u2013 paljonpuhuvat yksityiskohdat julki\n    <\/p>\n<p itemprop=\"description\" class=\"subtitle \">\n    Ylen sarjoista tuttu Nikki ja Erikoisjoukot-k\u00f6nsik\u00e4s ovat viihtyneet yhdess\u00e4 jo vuoden ajan.\n<\/p>\n<p>        <\/a><\/p>\n<p>Yll\u00e4tt\u00e4v\u00e4 perhekuva<\/p>\n<p class=\"article-content article-content-width !bg-background\">Lomajulkaisujen joukosta l\u00f6ytyy my\u00f6s melkoinen yll\u00e4tys. Jan julkaisi torstaina (30.10.) Instagram-tarinoissaan kuvan, jossa h\u00e4n poseeraa mit\u00e4 ilmeisimmin vaimonsa sek\u00e4 pariskunnan lasten kanssa. Julkaisu poistuu perjantaina 31. lokakuuta.\u00a0<\/p>\n<p class=\"article-content article-content-width !bg-background\">Nelikko on otoksessa veneen kyydiss\u00e4. Taustalla siint\u00e4v\u00e4st\u00e4 Eiffel -tornista p\u00e4\u00e4tellen perhe on k\u00e4v\u00e4issyt risteilem\u00e4ss\u00e4 Seine-joella. Jan t\u00f6n\u00f6tt\u00e4\u00e4 kuvassa tuttuun tapaan totisena, k\u00e4si vaimonsa hartialla.\u00a0<\/p>\n<p class=\"article-content article-content-width !bg-background\">Veneilyn ohelle on l\u00f6ytynyt muutakin mukavaa tekemist\u00e4. Jan kuvaa my\u00f6hemmiss\u00e4 stooreissaan luksusmerkki Louis Vuittonin liikett\u00e4.<\/p>\n<p class=\"article-content article-content-width !bg-background\">\u2013 Alkaa lompakko kevenem\u00e4\u00e4n, Jan p\u00e4ivittelee julkaisussaan.\u00a0<\/p>\n<p>        <a itemprop=\"url\" href=\"https:\/\/www.seiska.fi\/vain-seiskassa\/erikoisjoukot-tahti-jan-knutti-ja-nikki-taifuun-viihtyvat-yhdessa-tama-julkkiskaunottaresta-tiedetaan\/1934091\" rel=\"nofollow noopener\" target=\"_blank\"><\/p>\n<p>\nErikoisjoukot-Jan Knutti ja Nikki Taifuun viihtyv\u00e4t yhdess\u00e4\n<\/p>\n<p class=\"section-date\">\n        <strong class=\"article-section\" data-section=\"vain seiskassa\"><br \/>\n            vain seiskassa<br \/>\n        <\/strong><br \/>\n        3.10. 05:30\n    <\/p>\n<p>Erikoisjoukot-t\u00e4hti Jan Knutti ja Nikki Taifuun viihtyv\u00e4t yhdess\u00e4 \u2013 t\u00e4m\u00e4 julkkiskaunottaresta tiedet\u00e4\u00e4n\n    <\/p>\n<p itemprop=\"description\" class=\"subtitle \">\n    Seiska paljastaa Janin kanssa viihtyneen kaunottaren taustat.\n<\/p>\n<p>        <\/a><\/p>\n","protected":false},"excerpt":{"rendered":"ATTE KAJOVA Erikoisjoukot-kouluttajien suhdekoukerot ovat her\u00e4tt\u00e4neet h\u00e4mmennyst\u00e4 kuluvana syksyn\u00e4. Seiska kertoi aiemmin syksyll\u00e4, ett\u00e4 Erikoisjoukot-ohjelmasta tuttu kouluttaja ,&hellip;\n","protected":false},"author":2,"featured_media":77258,"comment_status":"","ping_status":"","sticky":false,"template":"","format":"standard","meta":{"footnotes":""},"categories":[136],"tags":[1902,407,137,2159,33,31,30,2160,408,6208,99,12623,4684,98,2927,1417,651,32,6137,109],"class_list":{"0":"post-77257","1":"post","2":"type-post","3":"status-publish","4":"format-standard","5":"has-post-thumbnail","7":"category-julkkikset","8":"tag-belgia","9":"tag-celebrities","10":"tag-entertainment","11":"tag-erikoisjoukot","12":"tag-fi","13":"tag-finland","14":"tag-finnish","15":"tag-jan-knutti","16":"tag-julkkikset","17":"tag-kuva","18":"tag-lapset","19":"tag-nikki-taifuun","20":"tag-pariisi","21":"tag-perhe","22":"tag-puoliso","23":"tag-suhde","24":"tag-suhteet","25":"tag-suomi","26":"tag-vaimo","27":"tag-viihde"},"share_on_mastodon":{"url":"https:\/\/pubeurope.com\/@fi\/115468999394665818","error":""},"_links":{"self":[{"href":"https:\/\/www.europesays.com\/fi\/wp-json\/wp\/v2\/posts\/77257","targetHints":{"allow":["GET"]}}],"collection":[{"href":"https:\/\/www.europesays.com\/fi\/wp-json\/wp\/v2\/posts"}],"about":[{"href":"https:\/\/www.europesays.com\/fi\/wp-json\/wp\/v2\/types\/post"}],"author":[{"embeddable":true,"href":"https:\/\/www.europesays.com\/fi\/wp-json\/wp\/v2\/users\/2"}],"replies":[{"embeddable":true,"href":"https:\/\/www.europesays.com\/fi\/wp-json\/wp\/v2\/comments?post=77257"}],"version-history":[{"count":0,"href":"https:\/\/www.europesays.com\/fi\/wp-json\/wp\/v2\/posts\/77257\/revisions"}],"wp:featuredmedia":[{"embeddable":true,"href":"https:\/\/www.europesays.com\/fi\/wp-json\/wp\/v2\/media\/77258"}],"wp:attachment":[{"href":"https:\/\/www.europesays.com\/fi\/wp-json\/wp\/v2\/media?parent=77257"}],"wp:term":[{"taxonomy":"category","embeddable":true,"href":"https:\/\/www.europesays.com\/fi\/wp-json\/wp\/v2\/categories?post=77257"},{"taxonomy":"post_tag","embeddable":true,"href":"https:\/\/www.europesays.com\/fi\/wp-json\/wp\/v2\/tags?post=77257"}],"curies":[{"name":"wp","href":"https:\/\/api.w.org\/{rel}","templated":true}]}}