{"id":77298,"date":"2025-10-31T14:02:08","date_gmt":"2025-10-31T14:02:08","guid":{"rendered":"https:\/\/www.europesays.com\/fi\/77298\/"},"modified":"2025-10-31T14:02:08","modified_gmt":"2025-10-31T14:02:08","slug":"nyt-puhuu-mies-joka-ei-hyvaksynyt-naisia-suomalaisen-klubin-jaseneksi-kotimaa","status":"publish","type":"post","link":"https:\/\/www.europesays.com\/fi\/77298\/","title":{"rendered":"Nyt puhuu mies, joka ei hyv\u00e4ksynyt naisia Suomalaisen klubin j\u00e4seneksi | Kotimaa"},"content":{"rendered":"<p>Juttu tiivistettyn\u00e4<\/p>\n<ul class=\"aw-1jjocuh iJTSwP yle__article__list yle__article__list--ul\">\n<li class=\"aw-1j7gwms eEeLbO\">Helsingin suomalaisen klubin tuore j\u00e4sen Hannu Havukoski kritisoi s\u00e4\u00e4nt\u00f6muutoksen ajamista ja uskoo, ett\u00e4 naisj\u00e4senten tulo vaikuttaisi klubin keskustelukulttuuriin.<\/li>\n<li class=\"aw-1j7gwms eEeLbO\">Useat j\u00e4senet, kuten Lasse Lehtinen ja Jukka-Pekka Saraste, aikovat erota taantumuksellisen ilmapiirin vuoksi.<\/li>\n<li class=\"aw-1j7gwms eEeLbO\">Helsingin suomalainen klubi p\u00e4\u00e4tti torstaina, ett\u00e4 naiset eiv\u00e4t edelleenk\u00e4\u00e4n voi liitty\u00e4 j\u00e4seniksi.<\/li>\n<li class=\"aw-1j7gwms eEeLbO\">\u00c4\u00e4nestyksess\u00e4 66,5 prosenttia vastusti naisj\u00e4senten hyv\u00e4ksymist\u00e4, mutta 75 prosenttia olisi tarvittu muutokseen.<\/li>\n<\/ul>\n<p class=\"aw-1gybjub aw-1p7kakr ghpEtB jtovHP yle__article__paragraph\">T\u00e4m\u00e4 on teko\u00e4lyn avulla tuotettu, toimittajan tarkistama tiivistelm\u00e4.<\/p>\n<p class=\"aw-1gybjub aw-1p7kakr ghpEtB jtovHP yle__article__paragraph\">Helsingin suomalaisen klubin tuore j\u00e4sen <strong class=\"aw-ak79eh KyCXm yle__article__strong\">Hannu Havukoski<\/strong> halusi s\u00e4ilytt\u00e4\u00e4 klubin miesten yhteis\u00f6n\u00e4.<\/p>\n<p class=\"aw-1gybjub aw-1p7kakr ghpEtB jtovHP yle__article__paragraph\">H\u00e4n \u00e4\u00e4nesti naisj\u00e4senten sallimista vastaan torstaina illalla j\u00e4rjestetyss\u00e4 \u00e4\u00e4nestyksess\u00e4.<\/p>\n<p class=\"aw-1gybjub aw-1p7kakr ghpEtB jtovHP yle__article__paragraph\">Helsingin suomalainen klubi p\u00e4\u00e4tti j\u00e4sen\u00e4\u00e4nestyksess\u00e4\u00e4n eilen, ett\u00e4 naiset eiv\u00e4t edelleenk\u00e4\u00e4n voi olla klubin j\u00e4seni\u00e4.<\/p>\n<p class=\"aw-1gybjub aw-1p7kakr ghpEtB jtovHP yle__article__paragraph\">S\u00e4\u00e4nt\u00f6muutoksen puolesta annettiin \u00e4\u00e4ni\u00e4 66,5 prosenttia, kun muutokseen olisi vaadittu 75 prosenttia \u00e4\u00e4nist\u00e4.<\/p>\n<p class=\"aw-1gybjub aw-1p7kakr ghpEtB jtovHP yle__article__paragraph\">Hannu Havukosken mukaan tapa, jolla s\u00e4\u00e4nt\u00f6muutosta ajettiin, oli v\u00e4\u00e4r\u00e4. H\u00e4n sanoo, ett\u00e4 naisj\u00e4senten mukaan ottamista edistettiin \u201dmediapelill\u00e4\u201d, jossa klubin heikentynytt\u00e4 taloustilannetta k\u00e4ytettiin \u201dkeppihevosena\u201d.<\/p>\n<p class=\"aw-1gybjub aw-1p7kakr ghpEtB jtovHP yle__article__paragraph\">Klubin v\u00e4istyv\u00e4n puheenjohtajan <strong class=\"aw-ak79eh KyCXm yle__article__strong\">Veli-Pekka Dufvan<\/strong> mukaan j\u00e4senyyden laajentaminen olisi perusteltua muun muassa taloudellisista syist\u00e4 ja klubin elinvoiman lis\u00e4\u00e4miseksi.<\/p>\n<p class=\"aw-1gybjub aw-1p7kakr ghpEtB jtovHP yle__article__paragraph\">Havukoski itse ei usko, ett\u00e4 j\u00e4senkunnan ik\u00e4\u00e4ntymisest\u00e4 johtuva taloustilanteen heikkeneminen parantuisi naisj\u00e4seni\u00e4 ottamalla.<\/p>\n<p class=\"aw-1gybjub aw-1p7kakr ghpEtB jtovHP yle__article__paragraph\">H\u00e4n arvelee, ett\u00e4 jos mukaan tulisi naisia, osa miehist\u00e4 l\u00e4htisi.<\/p>\n<p class=\"aw-1gybjub aw-1p7kakr ghpEtB jtovHP yle__article__paragraph\">\u2013 Kerhon ideologia on semmoinen, ett\u00e4 se on miesten paikka. Herrakerholle on edelleen tilausta, Havukoski sanoo.<\/p>\n<p class=\"aw-1gybjub aw-1p7kakr ghpEtB jtovHP yle__article__paragraph\">Naisten mukanaolo muuttaisi Havukosken mukaan klubilla k\u00e4ytyjen keskustelujen luonnetta.<\/p>\n<p class=\"aw-1gybjub aw-1p7kakr ghpEtB jtovHP yle__article__paragraph\">Miesten illanistujaisissa on v\u00e4h\u00e4n erilaiset jutut, Havukoski selitt\u00e4\u00e4. Klubilla keskustellaan paljon esimerkiksi ajankohtaisista yhteiskunnallisista kysymyksist\u00e4 ja liike-el\u00e4m\u00e4n asioista.<\/p>\n<p class=\"aw-1gybjub aw-1p7kakr ghpEtB jtovHP yle__article__paragraph\">Hannu Havukoski on ollut klubin j\u00e4sen vuoden ajan. H\u00e4n teroittaa, ettei klubilla esiinny naisvihaa.<\/p>\n<p class=\"aw-1gybjub aw-1p7kakr ghpEtB jtovHP yle__article__paragraph\">\u2013 Ne keskustelut eiv\u00e4t ole mitenk\u00e4\u00e4n naista alentavia, rasistisia tai muuta herjaa. Siell\u00e4 on fiksua sakkia.<\/p>\n<p class=\"aw-1gybjub aw-1p7kakr ghpEtB jtovHP yle__article__paragraph\">Helsingin suomalainen klubi on historiansa saatossa edist\u00e4nyt suomalaista liike- ja kulttuuriel\u00e4m\u00e4\u00e4.<br \/>Klubilaiset ovat muun muassa olleet perustamassa Kansallisteatteria. My\u00f6s useat suomalaisyritykset, kuten Otava ja Pohjola, ovat saaneet alkunsa klubilla.<\/p>\n<p>Helsingin suomalainen klubi<\/p>\n<ul class=\"aw-1jjocuh iJTSwP yle__article__list yle__article__list--ul\">\n<li class=\"aw-1j7gwms eEeLbO\">Klubi on vain miehille tarkoitettu yleishy\u00f6dyllinen yhteis\u00f6.<\/li>\n<li class=\"aw-1j7gwms eEeLbO\">Vaalii suomalaista kulttuuria, kansallisia perinteit\u00e4 ja suomen kielt\u00e4.<\/li>\n<li class=\"aw-1j7gwms eEeLbO\">Noin 3000 j\u00e4sent\u00e4, joiden keski-ik\u00e4 on 65 vuotta (2019).<\/li>\n<li class=\"aw-1j7gwms eEeLbO\">Perustettiin vuonna 1876 nimell\u00e4 Luku- ja Konversationi \u2013 klubbi.<\/li>\n<li class=\"aw-1j7gwms eEeLbO\">Fennomaanien eli suomenmielisten perustama klubi yhdistet\u00e4\u00e4n porvarilliseen arvomaailmaan.<\/li>\n<li class=\"aw-1j7gwms eEeLbO\">Klubilla on oma talo Helsingin Kampissa.<\/li>\n<li class=\"aw-1j7gwms eEeLbO\">Klubin toimintaan kuuluu useita harrasteita kuten shakki, viron kieli, biljardi ja sikarit.<\/li>\n<\/ul>\n<p>Lasse Lehtinen ennakoi eroaaltoa<\/p>\n<p class=\"aw-1gybjub aw-1p7kakr ghpEtB jtovHP yle__article__paragraph\">Toimittaja ja poliitikko <strong class=\"aw-ak79eh KyCXm yle__article__strong\">Lasse Lehtinen<\/strong> kertoo Ylelle, ett\u00e4 aikoo erota Suomalaisesta klubista taantumuksellisen ilmapiirin vuoksi.<\/p>\n<p class=\"aw-1gybjub aw-1p7kakr ghpEtB jtovHP yle__article__paragraph\">\u2013 Luulen, ett\u00e4 meist\u00e4 aika moni j\u00e4tt\u00e4\u00e4 seuraavat j\u00e4senmaksut maksamatta.<\/p>\n<p class=\"aw-1gybjub aw-1p7kakr ghpEtB jtovHP yle__article__paragraph\">Lehtinen sanoo, ett\u00e4 keskustelu naisj\u00e4senist\u00e4 on pattitilanteessa. Konservatiivinen v\u00e4hemmist\u00f6 on toistuvasti onnistunut est\u00e4m\u00e4\u00e4n naisj\u00e4senten hyv\u00e4ksymisen.<\/p>\n<p class=\"aw-1gybjub aw-1p7kakr ghpEtB jtovHP yle__article__paragraph\">\u2013 Vastustajat sanovat, ett\u00e4 kyll\u00e4 pelk\u00e4st\u00e4\u00e4n miehille tarkoitettu klubi tarvitaan. Kannattajat puolestaan ajattelevat, ett\u00e4 saataisiin talous kuntoon ja maine parannettua t\u00e4ll\u00e4 teolla.<\/p>\n<p class=\"aw-1gybjub aw-1p7kakr ghpEtB jtovHP yle__article__paragraph\">My\u00f6s kapellimestari <strong class=\"aw-ak79eh KyCXm yle__article__strong\">Jukka-Pekka Saraste<\/strong> kuuluu heihin, joita \u00e4\u00e4nestystulos h\u00e4mment\u00e4\u00e4. Sarasteella on klubin j\u00e4senyys, mutta h\u00e4n ei ole ollut ulkomailla asumisen takia toiminnassa aktiivisesti mukana.<\/p>\n<p class=\"aw-1gybjub aw-1p7kakr ghpEtB jtovHP yle__article__paragraph\">My\u00f6s j\u00e4sen\u00e4\u00e4nestys meni h\u00e4nelt\u00e4 ohi, mutta h\u00e4n kertoo Ylelle kannattavansa klubin avaamista naisille.<\/p>\n<p class=\"aw-1gybjub aw-1p7kakr ghpEtB jtovHP yle__article__paragraph\">Sarasteen mielest\u00e4 klubin imago piirt\u00e4\u00e4 kuvaa el\u00e4kel\u00e4isukkojen harrastuksesta, ja olisi korkea aika uudistaa asioita.<\/p>\n<p class=\"aw-1gybjub aw-1p7kakr ghpEtB jtovHP yle__article__paragraph\">\u2013 Oletan, ett\u00e4 moni muukin l\u00e4htee suivaantuneena klubista pois, aion tehd\u00e4 samoin.<\/p>\n<p class=\"aw-1gybjub aw-1p7kakr ghpEtB jtovHP yle__article__paragraph\">Klubin hallituksesta yht\u00e4 vaille kaikki j\u00e4senet kannattivat s\u00e4\u00e4nt\u00f6muutosta. He ovat my\u00f6s ilmoittaneet j\u00e4tt\u00e4v\u00e4ns\u00e4 hallituksen.<\/p>\n<p class=\"aw-1gybjub aw-1p7kakr ghpEtB jtovHP yle__article__paragraph\">S\u00e4\u00e4nt\u00f6muutosta vastustanut <strong class=\"aw-ak79eh KyCXm yle__article__strong\">Daniel Koivisto<\/strong> aikoo sen sijaan jatkaa hallituksessa. H\u00e4n kielt\u00e4ytyy perustelemasta p\u00e4\u00e4t\u00f6st\u00e4\u00e4n.<\/p>\n<p class=\"aw-1gybjub aw-1p7kakr ghpEtB jtovHP yle__article__paragraph\">\u2013 Minulla olisi paljonkin sanottavaa, mutta ne tarinat on kerrottu klubin seinien sis\u00e4ll\u00e4, hallituksen j\u00e4sen Daniel Koivisto sanoo.<\/p>\n<p class=\"aw-1gybjub aw-1p7kakr ghpEtB jtovHP yle__article__paragraph\">Hannu Havukoski ei osaa sanoa, miten toimisi, jos naiset joskus toivotettaisiin klubiin tervetulleiksi.<\/p>\n<p class=\"aw-1gybjub aw-1p7kakr ghpEtB jtovHP yle__article__paragraph\">\u2013 Se on sitten sen ajan murhe, Havukoski toteaa.<\/p>\n<p class=\"aw-1gybjub aw-1p7kakr ghpEtB jtovHP yle__article__paragraph\"><strong class=\"aw-ak79eh KyCXm yle__article__strong\">Onko sinulla meille juttuvinkki?<\/strong> Voit l\u00e4hesty\u00e4 toimitusta luottamuksella. Halutessasi voit olla yhteydess\u00e4 my\u00f6s s\u00e4hk\u00f6postitse osoitteeseen tuomo.bjorksten@yle.fi. Luemme kaikki yhteydenotot, mutta emme pysty takaamaan jokaiselle henkil\u00f6kohtaista vastausta.<\/p>\n","protected":false},"excerpt":{"rendered":"Juttu tiivistettyn\u00e4 Helsingin suomalaisen klubin tuore j\u00e4sen Hannu Havukoski kritisoi s\u00e4\u00e4nt\u00f6muutoksen ajamista ja uskoo, ett\u00e4 naisj\u00e4senten tulo vaikuttaisi&hellip;\n","protected":false},"author":2,"featured_media":77299,"comment_status":"","ping_status":"","sticky":false,"template":"","format":"standard","meta":{"footnotes":""},"categories":[12],"tags":[22,23,26,27,33,31,30,17,16411,71,24,25,28,29,15,18,21,4210,32,3577,19,20,1168,16,16412,796],"class_list":{"0":"post-77298","1":"post","2":"type-post","3":"status-publish","4":"format-standard","5":"has-post-thumbnail","7":"category-suomi","8":"tag-breaking-news","9":"tag-breakingnews","10":"tag-featured-news","11":"tag-featurednews","12":"tag-fi","13":"tag-finland","14":"tag-finnish","15":"tag-headlines","16":"tag-helsingin-suomalainen-klubi","17":"tag-kotimaa","18":"tag-latest-news","19":"tag-latestnews","20":"tag-main-news","21":"tag-mainnews","22":"tag-news","23":"tag-otsikot","24":"tag-paauutiset","25":"tag-sukupuolten-tasa-arvo","26":"tag-suomi","27":"tag-tasa-arvo","28":"tag-top-stories","29":"tag-topstories","30":"tag-uusimaa","31":"tag-uutiset","32":"tag-yhdistys","33":"tag-yhteiskunta"},"share_on_mastodon":{"url":"https:\/\/pubeurope.com\/@fi\/115469152740539824","error":""},"_links":{"self":[{"href":"https:\/\/www.europesays.com\/fi\/wp-json\/wp\/v2\/posts\/77298","targetHints":{"allow":["GET"]}}],"collection":[{"href":"https:\/\/www.europesays.com\/fi\/wp-json\/wp\/v2\/posts"}],"about":[{"href":"https:\/\/www.europesays.com\/fi\/wp-json\/wp\/v2\/types\/post"}],"author":[{"embeddable":true,"href":"https:\/\/www.europesays.com\/fi\/wp-json\/wp\/v2\/users\/2"}],"replies":[{"embeddable":true,"href":"https:\/\/www.europesays.com\/fi\/wp-json\/wp\/v2\/comments?post=77298"}],"version-history":[{"count":0,"href":"https:\/\/www.europesays.com\/fi\/wp-json\/wp\/v2\/posts\/77298\/revisions"}],"wp:featuredmedia":[{"embeddable":true,"href":"https:\/\/www.europesays.com\/fi\/wp-json\/wp\/v2\/media\/77299"}],"wp:attachment":[{"href":"https:\/\/www.europesays.com\/fi\/wp-json\/wp\/v2\/media?parent=77298"}],"wp:term":[{"taxonomy":"category","embeddable":true,"href":"https:\/\/www.europesays.com\/fi\/wp-json\/wp\/v2\/categories?post=77298"},{"taxonomy":"post_tag","embeddable":true,"href":"https:\/\/www.europesays.com\/fi\/wp-json\/wp\/v2\/tags?post=77298"}],"curies":[{"name":"wp","href":"https:\/\/api.w.org\/{rel}","templated":true}]}}