{"id":77318,"date":"2025-10-31T14:26:10","date_gmt":"2025-10-31T14:26:10","guid":{"rendered":"https:\/\/www.europesays.com\/fi\/77318\/"},"modified":"2025-10-31T14:26:10","modified_gmt":"2025-10-31T14:26:10","slug":"nvidia-nokia-ja-trump-nain-usa-sai-nokian-itselleen","status":"publish","type":"post","link":"https:\/\/www.europesays.com\/fi\/77318\/","title":{"rendered":"Nvidia, Nokia ja Trump \u2013 N\u00e4in USA sai Nokian itselleen"},"content":{"rendered":"<p>HS Visio -podcast|Nvidia ja Nokia kertoivat t\u00e4ll\u00e4 viikolla j\u00e4ttisopimuksesta. HS Visio kertoo, mist\u00e4 diiliss\u00e4 on kyse.<\/p>\n<p class=\"article-body mb-nof-24 px-nof-16\">Maailman arvokkain yhti\u00f6 Nvidia ja Suomen ylpeys Nokia aloittavat strategisen yhteisty\u00f6n. Samalla Nvidia nousee Nokian suurimpien omistajien joukkoon.<\/p>\n<p class=\"article-body mb-nof-24 px-nof-16\">HS Visio k\u00e4y l\u00e4pi mist\u00e4 j\u00e4ttisopimuksessa on kyse sek\u00e4 sen, mit\u00e4 Nokia ja toisaalta Nvidia hy\u00f6tyv\u00e4t kumppanuudesta. Aiheeseen liittyy olennaisesti my\u00f6s geopolitiikka ja teko\u00e4lyalan ihmeelliset rahoituskuviot.<\/p>\n<p class=\"article-body mb-nof-24 px-nof-16\">Studiossa toimittajat <a class=\"article-personlink\" href=\"https:\/\/www.hs.fi\/haku\/?query=Alex%20af%20Heurlin\" rel=\"nofollow noopener\" target=\"_blank\">Alex af Heurlin<\/a> ja <a class=\"article-personlink\" href=\"https:\/\/www.hs.fi\/haku\/?query=Elina%20Lappalainen\" rel=\"nofollow noopener\" target=\"_blank\">Elina Lappalainen<\/a>. Jakson leikkasi <a class=\"article-personlink\" href=\"https:\/\/www.hs.fi\/haku\/?query=Jonne%20Piltonen\" rel=\"nofollow noopener\" target=\"_blank\">Jonne Piltonen<\/a>.<\/p>\n","protected":false},"excerpt":{"rendered":"HS Visio -podcast|Nvidia ja Nokia kertoivat t\u00e4ll\u00e4 viikolla j\u00e4ttisopimuksesta. HS Visio kertoo, mist\u00e4 diiliss\u00e4 on kyse. Maailman arvokkain&hellip;\n","protected":false},"author":2,"featured_media":77319,"comment_status":"","ping_status":"","sticky":false,"template":"","format":"standard","meta":{"footnotes":""},"categories":[76],"tags":[79,77,33,31,30,46,32,78],"class_list":{"0":"post-77318","1":"post","2":"type-post","3":"status-publish","4":"format-standard","5":"has-post-thumbnail","7":"category-talous","8":"tag-business","9":"tag-economy","10":"tag-fi","11":"tag-finland","12":"tag-finnish","13":"tag-helsingin-sanomat","14":"tag-suomi","15":"tag-talous"},"share_on_mastodon":{"url":"https:\/\/pubeurope.com\/@fi\/115469247408972790","error":""},"_links":{"self":[{"href":"https:\/\/www.europesays.com\/fi\/wp-json\/wp\/v2\/posts\/77318","targetHints":{"allow":["GET"]}}],"collection":[{"href":"https:\/\/www.europesays.com\/fi\/wp-json\/wp\/v2\/posts"}],"about":[{"href":"https:\/\/www.europesays.com\/fi\/wp-json\/wp\/v2\/types\/post"}],"author":[{"embeddable":true,"href":"https:\/\/www.europesays.com\/fi\/wp-json\/wp\/v2\/users\/2"}],"replies":[{"embeddable":true,"href":"https:\/\/www.europesays.com\/fi\/wp-json\/wp\/v2\/comments?post=77318"}],"version-history":[{"count":0,"href":"https:\/\/www.europesays.com\/fi\/wp-json\/wp\/v2\/posts\/77318\/revisions"}],"wp:featuredmedia":[{"embeddable":true,"href":"https:\/\/www.europesays.com\/fi\/wp-json\/wp\/v2\/media\/77319"}],"wp:attachment":[{"href":"https:\/\/www.europesays.com\/fi\/wp-json\/wp\/v2\/media?parent=77318"}],"wp:term":[{"taxonomy":"category","embeddable":true,"href":"https:\/\/www.europesays.com\/fi\/wp-json\/wp\/v2\/categories?post=77318"},{"taxonomy":"post_tag","embeddable":true,"href":"https:\/\/www.europesays.com\/fi\/wp-json\/wp\/v2\/tags?post=77318"}],"curies":[{"name":"wp","href":"https:\/\/api.w.org\/{rel}","templated":true}]}}