{"id":77344,"date":"2025-10-31T14:55:09","date_gmt":"2025-10-31T14:55:09","guid":{"rendered":"https:\/\/www.europesays.com\/fi\/77344\/"},"modified":"2025-10-31T14:55:09","modified_gmt":"2025-10-31T14:55:09","slug":"iso-maa-ostaa-venajalta-aseita-salaa","status":"publish","type":"post","link":"https:\/\/www.europesays.com\/fi\/77344\/","title":{"rendered":"Iso maa ostaa Ven\u00e4j\u00e4lt\u00e4 aseita salaa"},"content":{"rendered":"<p>Yhdysvaltaismedian mukaan Vietnam on tekem\u00e4ss\u00e4 asehankintoja Ven\u00e4j\u00e4lt\u00e4.<\/p>\n<p><img decoding=\"async\" class=\"image image-show image-preview\" src=\"https:\/\/www.europesays.com\/fi\/wp-content\/uploads\/2025\/10\/904752684cc24b0044a6fbffa90418299740b22a29cb14f39c5bd3eb9a6ad9d9.jpg\" alt=\"\"\/><img decoding=\"async\" class=\"image image-show\" src=\"https:\/\/www.europesays.com\/fi\/wp-content\/uploads\/2025\/10\/1761922509_331_904752684cc24b0044a6fbffa90418299740b22a29cb14f39c5bd3eb9a6ad9d9.jpg\" alt=\"\"\/><\/p>\n<p>Vietnamin asevoimat esitteli kalustoaan maan itsen\u00e4isyysp\u00e4iv\u00e4n\u00e4 j\u00e4rjestetyss\u00e4 sotilasparaatissa. EPA \/ AOP<\/p>\n<p class=\"paragraph\">Vietnam ja Ven\u00e4j\u00e4 ovat vahvistaneet poliittisia ja sotilaallisia suhteitaan, kertoo <a href=\"https:\/\/www.nytimes.com\/2025\/10\/27\/world\/asia\/3-takeaways-from-vietnams-drift-toward-russia-and-away-from-america.html\" target=\"_blank\" rel=\"noopener nofollow\">The New York Times<\/a> (NYT). Samaan aikaan Vietnam on et\u00e4\u00e4nnytt\u00e4nyt suhteitaan Yhdysvaltoihin.<\/p>\n<p class=\"paragraph\">NYT on tehnyt laajan selvityksen, joka perustuu ven\u00e4l\u00e4isiin puolustusasiakirjoihin sek\u00e4 vietnamilaisten ja ven\u00e4l\u00e4isten virkamiesten haastatteluihin. Selvityksen mukaan Vietnam on hankkinut sotakalustoa Ven\u00e4j\u00e4lt\u00e4 ja tehnyt kauppoja salatun maksuj\u00e4rjestelm\u00e4n kautta.<\/p>\n<p>Salaisia aseostoja<\/p>\n<p class=\"paragraph\">Tietojen mukaan Vietnam olisi allekirjoittanut merkitt\u00e4vi\u00e4 sopimuksia Ven\u00e4j\u00e4n kanssa ilma- ja meripuolustukseen liittyvist\u00e4 hankinnoista. Todenn\u00e4k\u00f6isesti sopimuksissa on uhmattu kansainv\u00e4lisi\u00e4 Ven\u00e4j\u00e4lle asetettuja pakotteita.<\/p>\n<p class=\"paragraph\">NYT:n haastatteleman l\u00e4hteen mukaan Vietnam olisi ostamassa Ven\u00e4j\u00e4lt\u00e4 uuden j\u00e4rjestelm\u00e4n, jota voi hy\u00f6dynt\u00e4\u00e4 Su-35-h\u00e4vitt\u00e4j\u00e4lentokoneissa. Ukrainamielinen hakkeriryhm\u00e4 paljasti aiemmin t\u00e4ss\u00e4 kuussa ven\u00e4l\u00e4isen aseviej\u00e4n Rostecin asiakirjoja, joissa oli useita mainintoja Vietnamista.<\/p>\n<p>Su-35-h\u00e4vitt\u00e4ji\u00e4 lenton\u00e4yt\u00f6ksess\u00e4 Kiinassa vuonna 2024. EPA \/ AOP<\/p>\n<p class=\"paragraph\">Asiakirjojen mukaan Vietnam olisi tehnyt tilauksen yhdeks\u00e4st\u00e4 Su-35-h\u00e4vitt\u00e4j\u00e4\u00e4n sopivasta elektronisen sodank\u00e4ynnin j\u00e4rjestelm\u00e4st\u00e4, jotka kykenev\u00e4t h\u00e4iritsem\u00e4\u00e4n ja muuttamaan ohjusten lentoreittej\u00e4.<\/p>\n<p class=\"paragraph\">Yksi vietnamilaisista l\u00e4hteist\u00e4 kertoi, ett\u00e4 Vietnamin suunnittelemiin hankintoihin kuuluisi 40 uutta h\u00e4vitt\u00e4j\u00e4\u00e4 Ven\u00e4j\u00e4lt\u00e4.<\/p>\n<p class=\"paragraph\">Vietnam ei ole kertonut j\u00e4rjestelmien tai ven\u00e4l\u00e4isten h\u00e4vitt\u00e4jien ostamisesta julkisuuteen. NYT:n haastattelemien asiantuntijoiden mukaan tiedot kuitenkin viittaavat siihen, ett\u00e4 Vietnam on todenn\u00e4k\u00f6isesti tehnyt suurimman puolustustilauksensa vuosiin. Samaan aikaan Yhdysvallat ja Eurooppa pyrkiv\u00e4t kirist\u00e4m\u00e4\u00e4n pakotteita Ven\u00e4j\u00e4\u00e4 vastaan.<\/p>\n<p class=\"paragraph\">Selvityksen mukaan Ven\u00e4j\u00e4n valtion omistama Rostec on salannut kauppoja suorittamalla maksutapahtumia kolmansien osapuolien kautta.<\/p>\n","protected":false},"excerpt":{"rendered":"Yhdysvaltaismedian mukaan Vietnam on tekem\u00e4ss\u00e4 asehankintoja Ven\u00e4j\u00e4lt\u00e4. Vietnamin asevoimat esitteli kalustoaan maan itsen\u00e4isyysp\u00e4iv\u00e4n\u00e4 j\u00e4rjestetyss\u00e4 sotilasparaatissa. EPA \/ AOP&hellip;\n","protected":false},"author":2,"featured_media":77345,"comment_status":"","ping_status":"","sticky":false,"template":"","format":"standard","meta":{"footnotes":""},"categories":[5],"tags":[35,802,6971,22,23,26,27,33,31,30,17,24,25,803,28,29,15,18,21,637,2535,32,19,20,16],"class_list":{"0":"post-77344","1":"post","2":"type-post","3":"status-publish","4":"format-standard","5":"has-post-thumbnail","7":"category-otsikot","8":"tag-24h","9":"tag-armeijat-ja-aseelliset-joukot","10":"tag-aseellinen-sotilasvoima","11":"tag-breaking-news","12":"tag-breakingnews","13":"tag-featured-news","14":"tag-featurednews","15":"tag-fi","16":"tag-finland","17":"tag-finnish","18":"tag-headlines","19":"tag-latest-news","20":"tag-latestnews","21":"tag-levottomuudet-ja-sodat","22":"tag-main-news","23":"tag-mainnews","24":"tag-news","25":"tag-otsikot","26":"tag-paauutiset","27":"tag-politiikka","28":"tag-puolustuspolitiikka","29":"tag-suomi","30":"tag-top-stories","31":"tag-topstories","32":"tag-uutiset"},"share_on_mastodon":{"url":"https:\/\/pubeurope.com\/@fi\/115469361175990694","error":""},"_links":{"self":[{"href":"https:\/\/www.europesays.com\/fi\/wp-json\/wp\/v2\/posts\/77344","targetHints":{"allow":["GET"]}}],"collection":[{"href":"https:\/\/www.europesays.com\/fi\/wp-json\/wp\/v2\/posts"}],"about":[{"href":"https:\/\/www.europesays.com\/fi\/wp-json\/wp\/v2\/types\/post"}],"author":[{"embeddable":true,"href":"https:\/\/www.europesays.com\/fi\/wp-json\/wp\/v2\/users\/2"}],"replies":[{"embeddable":true,"href":"https:\/\/www.europesays.com\/fi\/wp-json\/wp\/v2\/comments?post=77344"}],"version-history":[{"count":0,"href":"https:\/\/www.europesays.com\/fi\/wp-json\/wp\/v2\/posts\/77344\/revisions"}],"wp:featuredmedia":[{"embeddable":true,"href":"https:\/\/www.europesays.com\/fi\/wp-json\/wp\/v2\/media\/77345"}],"wp:attachment":[{"href":"https:\/\/www.europesays.com\/fi\/wp-json\/wp\/v2\/media?parent=77344"}],"wp:term":[{"taxonomy":"category","embeddable":true,"href":"https:\/\/www.europesays.com\/fi\/wp-json\/wp\/v2\/categories?post=77344"},{"taxonomy":"post_tag","embeddable":true,"href":"https:\/\/www.europesays.com\/fi\/wp-json\/wp\/v2\/tags?post=77344"}],"curies":[{"name":"wp","href":"https:\/\/api.w.org\/{rel}","templated":true}]}}