{"id":77380,"date":"2025-10-31T15:45:10","date_gmt":"2025-10-31T15:45:10","guid":{"rendered":"https:\/\/www.europesays.com\/fi\/77380\/"},"modified":"2025-10-31T15:45:10","modified_gmt":"2025-10-31T15:45:10","slug":"brittilehti-meni-halpaan-luuli-haastattelevansa-new-yorkin-entista-pormestaria-en-sanonut-olevani-pormestari-uutisia-lyhyesti","status":"publish","type":"post","link":"https:\/\/www.europesays.com\/fi\/77380\/","title":{"rendered":"Brittilehti meni halpaan: luuli haastat\u00adtelevansa New Yorkin entist\u00e4 pormestaria \u2013 \u201dEn sanonut olevani pormestari\u201d | Uutisia lyhyesti"},"content":{"rendered":"<p class=\"aw-1gybjub aw-5vja16 ghpEtB kjanFo yle__article__paragraph\">Times of London pyysi Bill de Blasiolta anteeksi verkossa julkaistua tekaistua haastattelua.<\/p>\n<p><img decoding=\"async\" alt=\"Bill de Blasio.\" src=\"https:\/\/www.europesays.com\/fi\/wp-content\/uploads\/2025\/10\/14-svyle-19891454618f42ed9d6.jpeg\" class=\"aw-1l9m598 hKVVvP\"\/><\/p>\n<p>Avaa kuvien katselu<\/p>\n<p>Bill de Blasio on New Yorkin entinen pormestari. Kuva: Jason Szenes \/ EPA <\/p>\n<p>10:51\u2022P\u00e4ivitetty 16:45<\/p>\n<p class=\"aw-1gybjub aw-1p7kakr ghpEtB jtovHP yle__article__paragraph\">Brittilehti Times of London on pyyt\u00e4nyt anteeksi New Yorkin entiselt\u00e4 pormestarilta <strong class=\"aw-ak79eh KyCXm yle__article__strong\">Bill de Blasiolta<\/strong> sen j\u00e4lkeen kun se julkaisi tekaistun Blasion haastattelun, kirjoittaa <a class=\"aw-iao6s4 iHOxEa yle__article__link\" href=\"https:\/\/www.nytimes.com\/2025\/10\/28\/nyregion\/bill-de-blasio-mamdani-agenda.html\" role=\"link\" rel=\"nofollow noopener\" target=\"_blank\">New York Times<\/a> (NYT).<\/p>\n<p class=\"aw-1gybjub aw-1p7kakr ghpEtB jtovHP yle__article__paragraph\">Tekaistu haastattelu syntyi, kun ex-pormestarina esiintynyt henkil\u00f6 onnistui huijaamaan Times of Londonin toimittajaa olemalla korjaamatta syntynytt\u00e4 v\u00e4\u00e4rink\u00e4sityst\u00e4 h\u00e4nen henkil\u00f6llisyydest\u00e4\u00e4n. Haastattelu ehti tiistaina olla lehden verkkosivuilla kaksi tuntia ennen kuin se poistettiin.<\/p>\n<p class=\"aw-1gybjub aw-1p7kakr ghpEtB jtovHP yle__article__paragraph\">Haastattelussa kiihke\u00e4n\u00e4 demokraattien pormestariehdokkaan <strong class=\"aw-ak79eh KyCXm yle__article__strong\">Zohran Mamdanin<\/strong> tukijana tunnettu de Blasio kertoo, ett\u00e4 h\u00e4n on asiaa tarkemmin mietitty\u00e4\u00e4n huomannut, etteiv\u00e4t Mamdanin vaalikampanjassaan esitt\u00e4m\u00e4t ehdotukset muun muassa osittain ilmaisesta joukkoliikenteest\u00e4 ja vuokras\u00e4\u00e4ntelyst\u00e4 ole toteuttamiskelpoisia sen paremmin taloudellisesti kuin poliittisestikaan.<\/p>\n<p class=\"aw-1gybjub aw-1p7kakr ghpEtB jtovHP yle__article__paragraph\">Mamdamin keskeisen haastajan, New Yorkin entisen kuvern\u00f6\u00f6rin <strong class=\"aw-ak79eh KyCXm yle__article__strong\">Andrew M. Cuomon<\/strong> edustaja eh\u00e4tti jo kommentoimaan huijarihaastattelua toteamalla, ett\u00e4 de Blasio on vihdoinkin lukenut my\u00f6s Mamdamin suunnitelmien pienell\u00e4 painetut osat ja huomannut, ett\u00e4 ne ovat tyhj\u00e4\u00e4 t\u00e4ynn\u00e4.<\/p>\n<p class=\"aw-1gybjub aw-1p7kakr ghpEtB jtovHP yle__article__paragraph\">\u2013 Olen todella \u00e4llistynyt. Haastattelu on t\u00e4ysin tekaistu, de Blasio kommentoi New York Timesille.<\/p>\n<p class=\"aw-1gybjub aw-1p7kakr ghpEtB jtovHP yle__article__paragraph\">Times of Londonin jutussa esiintynyt henkil\u00f6 oli samanniminen 59-vuotias viinien maahantuoja Bill DeBlasio, jonka tavoitti Semafor-media.<\/p>\n<p class=\"aw-1gybjub aw-1p7kakr ghpEtB jtovHP yle__article__paragraph\">\u2013 En koskaan sanonut olevani pormestari. H\u00e4n (Times of Londonin toimittaja) ei koskaan kutsunut minua pormestariksi. Joten annoin h\u00e4nelle vain mielipiteeni, DeBlasio kertoi Semaforille \u00e4lyovikellon kautta.<\/p>\n<p class=\"aw-1gybjub aw-1p7kakr ghpEtB jtovHP yle__article__paragraph\">\u2013 Olisin voinut korjata h\u00e4nt\u00e4. Se oli vain pelleily\u00e4, en olisi uskonut sen p\u00e4\u00e4tyv\u00e4n printtiin asti, DeBlasio sanoi k\u00e4ytetty\u00e4\u00e4n Chat GPT:t\u00e4 vastauksensa kirjoittamiseen.<\/p>\n<p class=\"aw-1gybjub aw-1p7kakr ghpEtB jtovHP yle__article__paragraph\">New York Timesilla ja Times of Londonilla ei samankaltaisista nimist\u00e4 huolimatta ole mit\u00e4\u00e4n tekemist\u00e4 toistensa kanssa. Times of London on 240 vuotta vanha julkaisu, jonka on 1980-luvulta saakka omistanut Murdochin suvun News Corp -yhtym\u00e4.<\/p>\n<p class=\"aw-1gybjub aw-1p7kakr ghpEtB jtovHP yle__article__paragraph\">Muokattu 31.10. klo 16.45: T\u00e4ydennetty, ett\u00e4 haastateltava ei v\u00e4itt\u00e4nyt olevansa entinen pormestari eik\u00e4 aktiivisesti yritt\u00e4nyt huijata lehte\u00e4.<\/p>\n","protected":false},"excerpt":{"rendered":"Times of London pyysi Bill de Blasiolta anteeksi verkossa julkaistua tekaistua haastattelua. Avaa kuvien katselu Bill de Blasio&hellip;\n","protected":false},"author":2,"featured_media":77381,"comment_status":"","ping_status":"","sticky":false,"template":"","format":"standard","meta":{"footnotes":""},"categories":[14],"tags":[22,23,26,27,33,31,30,17,24,25,28,29,15,18,21,32,19,20,56,16,59,60,61,619],"class_list":{"0":"post-77380","1":"post","2":"type-post","3":"status-publish","4":"format-standard","5":"has-post-thumbnail","7":"category-ulkomaat","8":"tag-breaking-news","9":"tag-breakingnews","10":"tag-featured-news","11":"tag-featurednews","12":"tag-fi","13":"tag-finland","14":"tag-finnish","15":"tag-headlines","16":"tag-latest-news","17":"tag-latestnews","18":"tag-main-news","19":"tag-mainnews","20":"tag-news","21":"tag-otsikot","22":"tag-paauutiset","23":"tag-suomi","24":"tag-top-stories","25":"tag-topstories","26":"tag-ulkomaat","27":"tag-uutiset","28":"tag-world","29":"tag-world-news","30":"tag-worldnews","31":"tag-yhdysvallat"},"share_on_mastodon":{"url":"https:\/\/pubeurope.com\/@fi\/115469557854265815","error":""},"_links":{"self":[{"href":"https:\/\/www.europesays.com\/fi\/wp-json\/wp\/v2\/posts\/77380","targetHints":{"allow":["GET"]}}],"collection":[{"href":"https:\/\/www.europesays.com\/fi\/wp-json\/wp\/v2\/posts"}],"about":[{"href":"https:\/\/www.europesays.com\/fi\/wp-json\/wp\/v2\/types\/post"}],"author":[{"embeddable":true,"href":"https:\/\/www.europesays.com\/fi\/wp-json\/wp\/v2\/users\/2"}],"replies":[{"embeddable":true,"href":"https:\/\/www.europesays.com\/fi\/wp-json\/wp\/v2\/comments?post=77380"}],"version-history":[{"count":0,"href":"https:\/\/www.europesays.com\/fi\/wp-json\/wp\/v2\/posts\/77380\/revisions"}],"wp:featuredmedia":[{"embeddable":true,"href":"https:\/\/www.europesays.com\/fi\/wp-json\/wp\/v2\/media\/77381"}],"wp:attachment":[{"href":"https:\/\/www.europesays.com\/fi\/wp-json\/wp\/v2\/media?parent=77380"}],"wp:term":[{"taxonomy":"category","embeddable":true,"href":"https:\/\/www.europesays.com\/fi\/wp-json\/wp\/v2\/categories?post=77380"},{"taxonomy":"post_tag","embeddable":true,"href":"https:\/\/www.europesays.com\/fi\/wp-json\/wp\/v2\/tags?post=77380"}],"curies":[{"name":"wp","href":"https:\/\/api.w.org\/{rel}","templated":true}]}}