{"id":77395,"date":"2025-10-31T16:07:10","date_gmt":"2025-10-31T16:07:10","guid":{"rendered":"https:\/\/www.europesays.com\/fi\/77395\/"},"modified":"2025-10-31T16:07:10","modified_gmt":"2025-10-31T16:07:10","slug":"hollywood-nayttelija-sydney-sweeneyn-lapikuultava-iltapuku-paljasti-lahes-kaiken","status":"publish","type":"post","link":"https:\/\/www.europesays.com\/fi\/77395\/","title":{"rendered":"Hollywood-n\u00e4yttelij\u00e4 Sydney Sweeneyn l\u00e4pikuultava iltapuku paljasti l\u00e4hes kaiken"},"content":{"rendered":"<p>            All Over Press\n        <\/p>\n<p class=\"subtitle \">Hollywoodin t\u00e4htin\u00e4yttelij\u00e4 ei j\u00e4tt\u00e4nyt mit\u00e4\u00e4n arvailujen varaan.<\/p>\n<p class=\"article-content article-content-width !bg-background\">Amerikkalaisn\u00e4yttelij\u00e4 , 28, lukeutuu t\u00e4ll\u00e4 hetkell\u00e4 Hollywoodin kuumimpiin nimiin.<\/p>\n<p class=\"article-content article-content-width !bg-background\">Menestyssarjoista kuten Euphoria ja The White Lotus tuttu t\u00e4htin\u00e4yttelij\u00e4 on valtavan iso nimi, jonka tekemiset kiinnostavat isosti.<\/p>\n<p>        <a itemprop=\"url\" href=\"https:\/\/www.seiska.fi\/katso\/onko-tassa-uusi-bond-tytto-tyly-vastaanotto\/1871201\" rel=\"nofollow noopener\" target=\"_blank\"><\/p>\n<p>\nTyly vastaanotto\n<\/p>\n<p class=\"section-date\">\n        <strong class=\"article-section\" data-section=\"katso\"><br \/>\n            katso<br \/>\n        <\/strong><br \/>\n        17.7. 16:15\n    <\/p>\n<p>Onko t\u00e4ss\u00e4 uusi Bond-tytt\u00f6? Tyly vastaanotto\n    <\/p>\n<p itemprop=\"description\" class=\"subtitle \">\n    Sosiaalisessa mediassa reaktio n\u00e4yttelij\u00e4ehdokkaaseen on ollut kriittinen.\n<\/p>\n<p>        <\/a><\/p>\n<p class=\"article-content article-content-width !bg-background\">Nyt rapakon takana on suorastaan seottu Sydneyn tuoreimmasta tempauksesta.<\/p>\n<p class=\"article-content article-content-width !bg-background\">H\u00e4n n\u00e4et pelmahti Los Angelesissa punaiselle matolle gaala-asussa, joka paljasti reippaasti enemm\u00e4n kuin peitti.<\/p>\n<p>                <img decoding=\"async\" src=\"https:\/\/www.europesays.com\/fi\/wp-content\/uploads\/2025\/10\/1979439.webp\" width=\"576\" height=\"744\" alt=\"T\u00e4htin\u00e4yttelij\u00e4n asu oli hopea ja verkkomainen.\" loading=\"lazy\" \/>            <\/p>\n<p>\n            T\u00e4htin\u00e4yttelij\u00e4n asu oli hopea ja verkkomainen.<br \/>\n            AOP\n        <\/p>\n<p>                <img decoding=\"async\" src=\"https:\/\/www.europesays.com\/fi\/wp-content\/uploads\/2025\/10\/1979415.webp\" width=\"576\" height=\"720\" alt=\"T\u00e4htin\u00e4yttelij\u00e4n l\u00e4pikuultava asu paljasti rinnat.\" loading=\"lazy\" \/>            <\/p>\n<p>\n            T\u00e4htin\u00e4yttelij\u00e4n l\u00e4pikuultava asu paljasti rinnat.<br \/>\n            AOP\n        <\/p>\n<p>Kaikki n\u00e4kyy l\u00e4pi<\/p>\n<p class=\"article-content article-content-width !bg-background\">Kyseess\u00e4 oli maineikkaan Variety-lehden j\u00e4rjest\u00e4m\u00e4 Power of Women -hyv\u00e4ntekev\u00e4isyystapahtuma, jota Sydney kunnioitti l\u00e4sn\u00e4olollaan.<\/p>\n<p class=\"article-content article-content-width !bg-background\">Ylleen h\u00e4n oli kietaissut kauniin verkkomaisen iltapuvun, jolle paparazzien salamavalot tekiv\u00e4t tepposet.<\/p>\n<p>        <a itemprop=\"url\" href=\"https:\/\/www.seiska.fi\/katso\/hollywoodin-seksipommin-muuttunut-ulkonako-hammastyttaa-tunnistaisitko\/1491368\" rel=\"nofollow noopener\" target=\"_blank\"><\/p>\n<p class=\"section-date\">\n        <strong class=\"article-section\" data-section=\"katso\"><br \/>\n            katso<br \/>\n        <\/strong><br \/>\n        18.10.2024 10:15\n    <\/p>\n<p>Hollywoodin seksipommin muuttunut ulkon\u00e4k\u00f6 h\u00e4mm\u00e4stytt\u00e4\u00e4 &#8211; tunnistaisitko?\n    <\/p>\n<p itemprop=\"description\" class=\"subtitle \">\n    Sydney Sweeney on tehnyt ison muodonmuutoksen.\n<\/p>\n<p>        <\/a><\/p>\n<p class=\"article-content article-content-width !bg-background\">Iltapuvun l\u00e4pikuultava kangas paljasti t\u00e4htin\u00e4yttelij\u00e4n rinnat kokonaisuudessaan. Sydneylla ei ollut lainkaan liivej\u00e4 yll\u00e4\u00e4n.<\/p>\n<p class=\"article-content article-content-width !bg-background\">Rintojen lis\u00e4ksi my\u00f6s t\u00e4htin\u00e4yttelij\u00e4n takapuolesta paljastui leijonanosa.<\/p>\n<p>                <img decoding=\"async\" src=\"https:\/\/www.europesays.com\/fi\/wp-content\/uploads\/2025\/10\/1979433.webp\" width=\"576\" height=\"696\" alt=\"Koko Hollywood puhuu Sydneyn iltapuvusta.\" loading=\"lazy\" \/>            <\/p>\n<p>\n            Koko Hollywood puhuu Sydneyn iltapuvusta.<br \/>\n            AOP\n        <\/p>\n<p>                <img decoding=\"async\" src=\"https:\/\/www.europesays.com\/fi\/wp-content\/uploads\/2025\/10\/1979419.webp\" width=\"576\" height=\"687\" alt=\"Sydney Sweeney s\u00e4v\u00e4ytti Los Angelesissa.\" loading=\"lazy\" \/>            <\/p>\n<p>\n            Sydney Sweeney s\u00e4v\u00e4ytti Los Angelesissa.<br \/>\n            AOP\n        <\/p>\n<p>My\u00f6s some sekosi<\/p>\n<p class=\"article-content article-content-width !bg-background\">N\u00e4yttelij\u00e4kaunottaren kurvit ja hopean l\u00e4pikuultava iltapuku ovat r\u00e4j\u00e4ytt\u00e4neet otsikot Yhdysvalloissa.<\/p>\n<p class=\"article-content article-content-width !bg-background\">Upeasti itsens\u00e4 kantanut Sydney tiesi varmasti mit\u00e4 oli tekem\u00e4ss\u00e4, amerikkalaismedioissa arvellaan.<\/p>\n<p>        <a itemprop=\"url\" href=\"https:\/\/www.seiska.fi\/katso\/hollywood-kaunotar-otti-lisaa-painoa-liki-15-kiloa-tunnistaisitko\/1835048\" rel=\"nofollow noopener\" target=\"_blank\"><\/p>\n<p>\nHollywood-kaunotar\n<\/p>\n<p class=\"section-date\">\n        <strong class=\"article-section\" data-section=\"katso\"><br \/>\n            katso<br \/>\n        <\/strong><br \/>\n        12.6. 13:15\n    <\/p>\n<p>Hollywood-kaunotar otti lis\u00e4\u00e4 painoa liki 15 kiloa \u2013 tunnistaisitko?\n    <\/p>\n<p itemprop=\"description\" class=\"subtitle \">\n    Sydney Sweeney muokkasi ulkon\u00e4k\u00f6\u00e4\u00e4n elokuvaroolia varten.\n<\/p>\n<p>        <\/a><\/p>\n<p class=\"article-content article-content-width !bg-background\">My\u00f6s sosiaalinen media on t\u00e4yttynyt Sydneyn kuvista ja videoista.\u00a0<\/p>\n<p class=\"article-content article-content-width !bg-background\">Superpaljastava iltapuku on saanut osakseen ihastuneita huokauksia ja ylist\u00e4vi\u00e4 kommentteja.<\/p>\n<p>                <img decoding=\"async\" src=\"https:\/\/www.europesays.com\/fi\/wp-content\/uploads\/2025\/10\/1979449.webp\" width=\"576\" height=\"720\" alt=\"Sydney Sweeney ja Jamie Lee Curtis.\" loading=\"lazy\" \/>            <\/p>\n<p>\n            Sydney Sweeney ja Jamie Lee Curtis.<br \/>\n            AOP\n        <\/p>\n<p>                <img decoding=\"async\" src=\"https:\/\/www.europesays.com\/fi\/wp-content\/uploads\/2025\/10\/1979446.webp\" width=\"576\" height=\"322\" alt=\"Christy Martin nappasi Sydneyn kainaloonsa.\" loading=\"lazy\" \/>            <\/p>\n<p>\n            Christy Martin nappasi Sydneyn kainaloonsa.<br \/>\n            AOP\n        <\/p>\n<p>J\u00e4ttipotti tapahtumalle<\/p>\n<p class=\"article-content article-content-width !bg-background\">Pitk\u00e4lti Sydneyn ansiosta my\u00f6s varsinainen hyv\u00e4ntekev\u00e4isyysgaala on saanut valtavasti huomiota osakseen.<\/p>\n<p class=\"article-content article-content-width !bg-background\">Power of Women -tapahtuma kietoutui viiden naisn\u00e4yttelij\u00e4n ymp\u00e4rille: Sydneyn, , ,  ja .<\/p>\n<p>        <a itemprop=\"url\" href=\"https:\/\/www.seiska.fi\/ulkomaat\/jamie-lee-curtis-karu-lapsuus\/1977286\" rel=\"nofollow noopener\" target=\"_blank\"><\/p>\n<p>\nJamie Lee Curtis\n<\/p>\n<p class=\"section-date\">\n        <strong class=\"article-section\" data-section=\"ulkomaat\"><br \/>\n            ulkomaat<br \/>\n        <\/strong><br \/>\n        30.10. 19:00\n    <\/p>\n<p>Jamie Lee Curtis: Karu lapsuus\n    <\/p>\n<p itemprop=\"description\" class=\"subtitle \">\n    Hollywood-loisto vaihtui keskiluokkaan ja huonoon koulumenestykseen, kun t\u00e4hti-is\u00e4 j\u00e4tti 9-vuotiaan tytt\u00e4rens\u00e4.\n<\/p>\n<p>        <\/a><\/p>\n<p class=\"article-content article-content-width !bg-background\">Edell\u00e4 mainittujen saavutusten lis\u00e4ksi gaalassa kunnioitettiin lukuisia muitakin media- ja viihdealan naisia sek\u00e4 heid\u00e4n ansioitaan kuluneen vuoden ajalta.<\/p>\n","protected":false},"excerpt":{"rendered":"All Over Press Hollywoodin t\u00e4htin\u00e4yttelij\u00e4 ei j\u00e4tt\u00e4nyt mit\u00e4\u00e4n arvailujen varaan. Amerikkalaisn\u00e4yttelij\u00e4 , 28, lukeutuu t\u00e4ll\u00e4 hetkell\u00e4 Hollywoodin kuumimpiin&hellip;\n","protected":false},"author":2,"featured_media":77396,"comment_status":"","ping_status":"","sticky":false,"template":"","format":"standard","meta":{"footnotes":""},"categories":[130],"tags":[137,9906,33,31,30,8577,16423,4169,16422,10816,5630,16421,16418,1044,16314,2682,16420,4343,16373,32,4184,330,16419,109,367],"class_list":{"0":"post-77395","1":"post","2":"type-post","3":"status-publish","4":"format-standard","5":"has-post-thumbnail","7":"category-viihde","8":"tag-entertainment","9":"tag-euphoria","10":"tag-fi","11":"tag-finland","12":"tag-finnish","13":"tag-gaala","14":"tag-gaala-asu","15":"tag-hollywood","16":"tag-hollywood-kaunotar","17":"tag-hollywood-tahti","18":"tag-hyvantekevaisyys","19":"tag-hyvantekevaisyystapahtuma","20":"tag-iltapuku","21":"tag-jamie-lee-curtis","22":"tag-kate-hudson","23":"tag-kauneus","24":"tag-lapinakyva","25":"tag-los-angeles","26":"tag-nicole-scherzinger","27":"tag-suomi","28":"tag-sydney-sweeney","29":"tag-the-white-lotus","30":"tag-variety","31":"tag-viihde","32":"tag-wanda-sykes"},"share_on_mastodon":{"url":"https:\/\/pubeurope.com\/@fi\/115469644374588188","error":""},"_links":{"self":[{"href":"https:\/\/www.europesays.com\/fi\/wp-json\/wp\/v2\/posts\/77395","targetHints":{"allow":["GET"]}}],"collection":[{"href":"https:\/\/www.europesays.com\/fi\/wp-json\/wp\/v2\/posts"}],"about":[{"href":"https:\/\/www.europesays.com\/fi\/wp-json\/wp\/v2\/types\/post"}],"author":[{"embeddable":true,"href":"https:\/\/www.europesays.com\/fi\/wp-json\/wp\/v2\/users\/2"}],"replies":[{"embeddable":true,"href":"https:\/\/www.europesays.com\/fi\/wp-json\/wp\/v2\/comments?post=77395"}],"version-history":[{"count":0,"href":"https:\/\/www.europesays.com\/fi\/wp-json\/wp\/v2\/posts\/77395\/revisions"}],"wp:featuredmedia":[{"embeddable":true,"href":"https:\/\/www.europesays.com\/fi\/wp-json\/wp\/v2\/media\/77396"}],"wp:attachment":[{"href":"https:\/\/www.europesays.com\/fi\/wp-json\/wp\/v2\/media?parent=77395"}],"wp:term":[{"taxonomy":"category","embeddable":true,"href":"https:\/\/www.europesays.com\/fi\/wp-json\/wp\/v2\/categories?post=77395"},{"taxonomy":"post_tag","embeddable":true,"href":"https:\/\/www.europesays.com\/fi\/wp-json\/wp\/v2\/tags?post=77395"}],"curies":[{"name":"wp","href":"https:\/\/api.w.org\/{rel}","templated":true}]}}