{"id":77444,"date":"2025-10-31T17:21:08","date_gmt":"2025-10-31T17:21:08","guid":{"rendered":"https:\/\/www.europesays.com\/fi\/77444\/"},"modified":"2025-10-31T17:21:08","modified_gmt":"2025-10-31T17:21:08","slug":"perinteikas-radio-ohjelma-paattyi-juontajalta-uusi-aluevaltaus","status":"publish","type":"post","link":"https:\/\/www.europesays.com\/fi\/77444\/","title":{"rendered":"Perinteik\u00e4s radio-ohjelma p\u00e4\u00e4ttyi \u2013 Juontajalta uusi aluevaltaus"},"content":{"rendered":"<p>Radio Rockilla kuullaan t\u00e4n\u00e4 syksyn\u00e4 suorana juonnettua ohjelmaa my\u00f6s aamuy\u00f6ll\u00e4. <\/p>\n<p><img decoding=\"async\" class=\"image image-show image-preview\" src=\"https:\/\/www.europesays.com\/fi\/wp-content\/uploads\/2025\/10\/9405ab41a033f3bbc800602f55bdc17f7698a5b9c2c4cad9201f299bfe82db9a.png\" alt=\"\"\/><img decoding=\"async\" class=\"image image-show\" src=\"https:\/\/www.europesays.com\/fi\/wp-content\/uploads\/2025\/10\/1761931268_291_9405ab41a033f3bbc800602f55bdc17f7698a5b9c2c4cad9201f299bfe82db9a.png\" alt=\"\"\/><\/p>\n<p>Tuomas &#8221;Tuke&#8221; Tuomi-Nikulaa kuullaan jatkossa Radio Rockilla.  Radio Rock<\/p>\n<p class=\"paragraph\">Radio Rockilla alkaa maanantaina 3. marraskuuta alkaen poikkeuksellinen uutuusohjelma. Radio Rockin Y\u00f6vuoro-ohjelma sijoittuu nimitt\u00e4in aamuy\u00f6n tunteihin. Suorana studiosta juonnettua radiota kuullaan kanavalla kello 4\u20136.<\/p>\n<p class=\"paragraph\">Kanavan tiedotteessa kerrotaan, ett\u00e4 vastaavaa ei ole kertaakaan kuultu kaupallisella kanavalla. Ohjelman juontajana kuullaan Bassoradiolta tuttua <strong>Tuomas \u201dTuke\u201d Tuomi-Nikulaa<\/strong>. H\u00e4n valvoo liven\u00e4 kuulijoiden seurana ja ottaa vastaan my\u00f6s kuulijoiden puheluita.<\/p>\n<p class=\"paragraph\">Iltalehti tavoitti Tuomi-Nikulan, joka kertoo olevansa uudesta aluevaltauksesta todella innoissaan.<\/p>\n<p class=\"paragraph\">\u2013 Y\u00f6 ja y\u00f6radion tekeminen kiinnostaa kovasti. Y\u00f6ss\u00e4 on jotenkin sellaista tietty\u00e4 taikaa ja uskon, ett\u00e4 silloin eri tavalla my\u00f6s kuulivat ovat ehk\u00e4 yhteydess\u00e4 ja \u00e4\u00e4ness\u00e4, h\u00e4n pohtii.<\/p>\n<p class=\"paragraph\">\u2013 Muistan fiilistelleeni <a href=\"https:\/\/www.iltalehti.fi\/henkilot\/Pekka Sauri\" class=\"article-link-person-page\" rel=\"nofollow noopener\" target=\"_blank\">Pekka Saurin<\/a> y\u00f6ohjelmia jo nuorena ja y\u00f6t ovat kiinnostaneet siit\u00e4 asti, mutta se ei ehk\u00e4 ole sellainen automaattisin vaihtoehto rytmien kannalta.<\/p>\n<p class=\"paragraph\">Pitk\u00e4\u00e4n iltap\u00e4iv\u00e4ohjelmaa juontanut Tuomi-Nikula ennakoi, ett\u00e4 p\u00e4iv\u00e4rytmin vaihtaminen aamuy\u00f6n l\u00e4hetyksiin ei tule olemaan aivan mahdoton teht\u00e4v\u00e4.<\/p>\n<p class=\"paragraph\">\u2013 Nyt olen aika t\u00e4llaisessa aamurytmiss\u00e4 muutenkin, ett\u00e4 aikaisin her\u00e4t\u00e4\u00e4n ja valmistellaan aamupalaa ja perhett\u00e4 koulup\u00e4iv\u00e4n viettoon. Ei rytmit siit\u00e4 ihan hirve\u00e4n montaa tuntia muutu. En ole ollut sellainen aamup\u00e4iv\u00e4\u00e4n nukkuja en\u00e4\u00e4 vuosiin.<\/p>\n<p class=\"paragraph\">Edelt\u00e4v\u00e4 viikonloppu vaatinee joka tapauksessa valmisteluja.<\/p>\n<p class=\"paragraph\">\u2013 Olisihan se toisaalta siisti\u00e4 menn\u00e4 y\u00f6h\u00f6n ker\u00e4\u00e4m\u00e4\u00e4n hienoja tarinoita, mit\u00e4 voisi jakaa ensi viikolla radiossa. Totuus kuitenkin on varmaan se, ett\u00e4 l\u00e4hden siirt\u00e4m\u00e4\u00e4n rytmi\u00e4, ett\u00e4 jaksan her\u00e4t\u00e4 ja olla radiossa skarppina nelj\u00e4st\u00e4 kuuteen.<\/p>\n<p>Perinteik\u00e4s ohjelma p\u00e4\u00e4ttyi<\/p>\n<p class=\"paragraph\">Bassoradio <a href=\"https:\/\/www.iltalehti.fi\/viihdeuutiset\/2ab293aa-25a5-4d79-82d2-c192bf9d48c3\" rel=\"nofollow noopener\" target=\"_blank\">lopetti juonnetut l\u00e4hetyksens\u00e4<\/a> elo-syyskuun vaihteessa ja keskittyy t\u00e4t\u00e4 nyky\u00e4 pelk\u00e4st\u00e4\u00e4n musiikin soittamiseen. Tuolloin p\u00e4\u00e4ttyi my\u00f6s Tuomi-Nikulan ty\u00f6 kanavan perinteikk\u00e4\u00e4n Hikinen iltap\u00e4iv\u00e4 -ohjelman juontajana.<\/p>\n<p class=\"paragraph\">H\u00e4n ehti juontaa ohjelmaa parikymment\u00e4 vuotta yhdess\u00e4 <strong>Jussi \u201dJusa\u201d Urpalaisen<\/strong> kanssa. Tuomi-Nikula kertoo, ett\u00e4 ohjelman p\u00e4\u00e4ttymiseen ei liittynyt sen suurempaa dramatiikkaa, mutta my\u00f6nt\u00e4\u00e4, ett\u00e4 tieto p\u00e4\u00e4ttymisest\u00e4 tuli melko pikaisella varoitusajalla.<\/p>\n<p class=\"paragraph\">\u2013 Olisiko se ollut tiistaina, kun saimme tiet\u00e4\u00e4 ja perjantaina vedettiin vika ohjelma. Siell\u00e4 on varmaan firmassa p\u00e4\u00e4t\u00f6ksi\u00e4 tehty ja prosessoitu, eik\u00e4 mit\u00e4\u00e4n pahaa fiilist\u00e4 ole siihen suuntaan. Moni kuulija ja yst\u00e4v\u00e4kin ehk\u00e4 v\u00e4h\u00e4n loukkaantui meid\u00e4n puolesta, ett\u00e4 eik\u00f6 teille kerrottu aikaisemmin, h\u00e4n kertoo.<\/p>\n<p class=\"paragraph\">Hikisen iltap\u00e4iv\u00e4n viimeist\u00e4 l\u00e4hetyst\u00e4 h\u00e4n kuvailee tunteelliseksi ja huikeaksi. H\u00e4n yll\u00e4ttyi positiivisesti, kuinka moni vuosien varrella l\u00e4hetyksess\u00e4 vieraillut artisti osallistui viimeiseen l\u00e4hetykseen muun muassa \u00e4\u00e4niviestien kautta ja muisteli l\u00e4mm\u00f6ll\u00e4 perinteik\u00e4st\u00e4 ohjelmaa.<\/p>\n<p class=\"paragraph\">Ohjelman p\u00e4\u00e4ttymisen j\u00e4lkeen Tuomi-Nikula alkoi suunnitella mahdollisia uusia kuvioita.<\/p>\n<p class=\"paragraph\">\u2013 En hirve\u00e4n kauan ehk\u00e4 jaksa j\u00e4\u00e4d\u00e4 vaan ihmettelem\u00e4\u00e4n. Laitoin verkkoja vesille ja kyselin v\u00e4h\u00e4n, mit\u00e4 eri puolilla olisi.<\/p>\n<p class=\"paragraph\">\u2013 Ajathan eiv\u00e4t nyt ole kauhean helpot media-, kulttuuri- ja mainosalalla. Mutta tosi kiva oli huomata, ett\u00e4 orastavaa vihre\u00e4\u00e4 valoa tuli erin\u00e4k\u00f6isiin projekteihin.<\/p>\n<p class=\"paragraph\">Tuomi-Nikula kertoo olevansa avoin monenlaisille hommille.<\/p>\n<p class=\"paragraph\">\u2013 Kuulostaa ihan hauskaltakin, ett\u00e4 olisi vaikka muutaman p\u00e4iv\u00e4n viikossa radiossa ja sitten tekisi ihan jotain muuta muutaman p\u00e4iv\u00e4n, h\u00e4n pohtii.<\/p>\n<p class=\"paragraph\">Tuomi-Nikula vinkkaa my\u00f6s, ett\u00e4 jatkossa voisi olla jotain yhteist\u00e4 luvassa my\u00f6s Hikisest\u00e4 iltap\u00e4iv\u00e4st\u00e4 tutun juontoparin kanssa.<\/p>\n<p class=\"paragraph\">\u2013 Voi se olla, ett\u00e4 joskus Jusan kanssa viel\u00e4 t\u00e4ss\u00e4 yhdess\u00e4 jotain tehd\u00e4\u00e4nkin. On joitain kyselyit\u00e4kin tullut, mutta saa n\u00e4hd\u00e4. Aika n\u00e4ytt\u00e4\u00e4 ehk\u00e4 niist\u00e4 my\u00f6hemmin, h\u00e4n sanoo.<\/p>\n<p class=\"paragraph\">Radio Rockin Y\u00f6vuoro 3.11. alkaen kello 4\u20136.<\/p>\n","protected":false},"excerpt":{"rendered":"Radio Rockilla kuullaan t\u00e4n\u00e4 syksyn\u00e4 suorana juonnettua ohjelmaa my\u00f6s aamuy\u00f6ll\u00e4. Tuomas &#8221;Tuke&#8221; Tuomi-Nikulaa kuullaan jatkossa Radio Rockilla. Radio&hellip;\n","protected":false},"author":2,"featured_media":77445,"comment_status":"","ping_status":"","sticky":false,"template":"","format":"standard","meta":{"footnotes":""},"categories":[132],"tags":[35,138,137,33,31,30,195,47,979,32,484,139,109],"class_list":{"0":"post-77444","1":"post","2":"type-post","3":"status-publish","4":"format-standard","5":"has-post-thumbnail","7":"category-musiikki","8":"tag-24h","9":"tag-audio","10":"tag-entertainment","11":"tag-fi","12":"tag-finland","13":"tag-finnish","14":"tag-music","15":"tag-musiikki","16":"tag-sahkoinen-media","17":"tag-suomi","18":"tag-taiteellinen-ilmaisu-ja-mediat","19":"tag-tv-ohjelmat","20":"tag-viihde"},"share_on_mastodon":{"url":"https:\/\/pubeurope.com\/@fi\/115469935493502511","error":""},"_links":{"self":[{"href":"https:\/\/www.europesays.com\/fi\/wp-json\/wp\/v2\/posts\/77444","targetHints":{"allow":["GET"]}}],"collection":[{"href":"https:\/\/www.europesays.com\/fi\/wp-json\/wp\/v2\/posts"}],"about":[{"href":"https:\/\/www.europesays.com\/fi\/wp-json\/wp\/v2\/types\/post"}],"author":[{"embeddable":true,"href":"https:\/\/www.europesays.com\/fi\/wp-json\/wp\/v2\/users\/2"}],"replies":[{"embeddable":true,"href":"https:\/\/www.europesays.com\/fi\/wp-json\/wp\/v2\/comments?post=77444"}],"version-history":[{"count":0,"href":"https:\/\/www.europesays.com\/fi\/wp-json\/wp\/v2\/posts\/77444\/revisions"}],"wp:featuredmedia":[{"embeddable":true,"href":"https:\/\/www.europesays.com\/fi\/wp-json\/wp\/v2\/media\/77445"}],"wp:attachment":[{"href":"https:\/\/www.europesays.com\/fi\/wp-json\/wp\/v2\/media?parent=77444"}],"wp:term":[{"taxonomy":"category","embeddable":true,"href":"https:\/\/www.europesays.com\/fi\/wp-json\/wp\/v2\/categories?post=77444"},{"taxonomy":"post_tag","embeddable":true,"href":"https:\/\/www.europesays.com\/fi\/wp-json\/wp\/v2\/tags?post=77444"}],"curies":[{"name":"wp","href":"https:\/\/api.w.org\/{rel}","templated":true}]}}