{"id":77497,"date":"2025-10-31T18:21:09","date_gmt":"2025-10-31T18:21:09","guid":{"rendered":"https:\/\/www.europesays.com\/fi\/77497\/"},"modified":"2025-10-31T18:21:09","modified_gmt":"2025-10-31T18:21:09","slug":"sateenkaarijarjestot-vaativat-israelia-ulos-euroviisuista-tai-suomen-vetaytymista-kilpailusta-uutisia-lyhyesti","status":"publish","type":"post","link":"https:\/\/www.europesays.com\/fi\/77497\/","title":{"rendered":"Sateenkaarij\u00e4rjest\u00f6t vaativat Israelia ulos Euroviisuista tai Suomen vet\u00e4ytymist\u00e4 kilpailusta | Uutisia lyhyesti"},"content":{"rendered":"<p class=\"aw-1gybjub aw-1p7kakr ghpEtB jtovHP yle__article__paragraph\">Suomalaiset sukupuoli- ja seksuaaliv\u00e4hemmist\u00f6jen oikeuksia ajavat sateenkaarij\u00e4rjest\u00f6t vaativat Israelia ulos Euroviisuista.<\/p>\n<p class=\"aw-1gybjub aw-1p7kakr ghpEtB jtovHP yle__article__paragraph\">Noin 30 j\u00e4rjest\u00f6n allekirjoittamassa kannanotossa vaaditaan, ett\u00e4 Euroopan yleisradiounioni EBU ja sen j\u00e4senyhti\u00f6t eiv\u00e4t salli Israelin osallistumista ensi vuoden Euroviisuihin.<\/p>\n<p class=\"aw-1gybjub aw-1p7kakr ghpEtB jtovHP yle__article__paragraph\">J\u00e4rjest\u00f6t katsovat, ett\u00e4 Israelin ihmisoikeusloukkaukset Gazassa sotivat Euroviisujen arvoja vastaan. Yleisradiota vaaditaan \u00e4\u00e4nest\u00e4m\u00e4\u00e4n maan osallistumisoikeuden perumisen puolesta. Jos EBU sallii Israelin osallistumisen, Suomen on vet\u00e4ydytt\u00e4v\u00e4 kilpailusta, j\u00e4rjest\u00f6t sanovat.<\/p>\n","protected":false},"excerpt":{"rendered":"Suomalaiset sukupuoli- ja seksuaaliv\u00e4hemmist\u00f6jen oikeuksia ajavat sateenkaarij\u00e4rjest\u00f6t vaativat Israelia ulos Euroviisuista. Noin 30 j\u00e4rjest\u00f6n allekirjoittamassa kannanotossa vaaditaan, ett\u00e4&hellip;\n","protected":false},"author":2,"featured_media":74,"comment_status":"","ping_status":"","sticky":false,"template":"","format":"standard","meta":{"footnotes":""},"categories":[14],"tags":[22,23,909,26,27,33,31,30,505,17,993,71,24,25,28,29,47,15,18,21,16434,32,19,20,56,16,59,60,61],"class_list":{"0":"post-77497","1":"post","2":"type-post","3":"status-publish","4":"format-standard","5":"has-post-thumbnail","7":"category-ulkomaat","8":"tag-breaking-news","9":"tag-breakingnews","10":"tag-euroviisut","11":"tag-featured-news","12":"tag-featurednews","13":"tag-fi","14":"tag-finland","15":"tag-finnish","16":"tag-gazan-sota","17":"tag-headlines","18":"tag-israel","19":"tag-kotimaa","20":"tag-latest-news","21":"tag-latestnews","22":"tag-main-news","23":"tag-mainnews","24":"tag-musiikki","25":"tag-news","26":"tag-otsikot","27":"tag-paauutiset","28":"tag-sateenkaari-ihmiset","29":"tag-suomi","30":"tag-top-stories","31":"tag-topstories","32":"tag-ulkomaat","33":"tag-uutiset","34":"tag-world","35":"tag-world-news","36":"tag-worldnews"},"share_on_mastodon":{"url":"https:\/\/pubeurope.com\/@fi\/115470171126578480","error":""},"_links":{"self":[{"href":"https:\/\/www.europesays.com\/fi\/wp-json\/wp\/v2\/posts\/77497","targetHints":{"allow":["GET"]}}],"collection":[{"href":"https:\/\/www.europesays.com\/fi\/wp-json\/wp\/v2\/posts"}],"about":[{"href":"https:\/\/www.europesays.com\/fi\/wp-json\/wp\/v2\/types\/post"}],"author":[{"embeddable":true,"href":"https:\/\/www.europesays.com\/fi\/wp-json\/wp\/v2\/users\/2"}],"replies":[{"embeddable":true,"href":"https:\/\/www.europesays.com\/fi\/wp-json\/wp\/v2\/comments?post=77497"}],"version-history":[{"count":0,"href":"https:\/\/www.europesays.com\/fi\/wp-json\/wp\/v2\/posts\/77497\/revisions"}],"wp:featuredmedia":[{"embeddable":true,"href":"https:\/\/www.europesays.com\/fi\/wp-json\/wp\/v2\/media\/74"}],"wp:attachment":[{"href":"https:\/\/www.europesays.com\/fi\/wp-json\/wp\/v2\/media?parent=77497"}],"wp:term":[{"taxonomy":"category","embeddable":true,"href":"https:\/\/www.europesays.com\/fi\/wp-json\/wp\/v2\/categories?post=77497"},{"taxonomy":"post_tag","embeddable":true,"href":"https:\/\/www.europesays.com\/fi\/wp-json\/wp\/v2\/tags?post=77497"}],"curies":[{"name":"wp","href":"https:\/\/api.w.org\/{rel}","templated":true}]}}