{"id":77630,"date":"2025-10-31T21:37:11","date_gmt":"2025-10-31T21:37:11","guid":{"rendered":"https:\/\/www.europesays.com\/fi\/77630\/"},"modified":"2025-10-31T21:37:11","modified_gmt":"2025-10-31T21:37:11","slug":"immu-ilmenilta-surullinen-uutinen-como-fi","status":"publish","type":"post","link":"https:\/\/www.europesays.com\/fi\/77630\/","title":{"rendered":"Immu Ilm\u00e9nilt\u00e4 surullinen uutinen &#8211; Como.fi"},"content":{"rendered":"<p>Entinen vapaaottelija <strong>Mika \u201dImmu\u201d Ilm\u00e9n <\/strong>kertoo tuoreessa somejulkaisussaan ik\u00e4v\u00e4n uutisen. Se koskee h\u00e4nen koiraansa, joka on kuollut. Koira oli rodultaan bullterrieri ja nimelt\u00e4\u00e4n <strong>Maire<\/strong>. <\/p>\n<p>\u2013 Klo 13:07 Maire nukkui pois.nyt on syd\u00e4nt\u00e4s\u00e4rkev\u00e4 suru, kertoo Immu.<\/p>\n<p>Immu on laittanut julkaisuunsa mukaan koiransa kuvan.<\/p>\n<p>Lue my\u00f6s: <a href=\"https:\/\/www.como.fi\/uutiset\/immu-ilmen-hyokkasi-ex-kustantajaansa-vastaan-erikoinen-a\/\" title=\"Immu Ilm\u00e9n hy\u00f6kk\u00e4si ex-kustantajaansa vastaan \u2013 erikoinen \u00e4\u00e4ninauhasoppa\" class=\"underline-custom !font-montserrat !font-bold !underline-offset-4 !decoration-4 !decoration-red-600 !text-md\" rel=\"nofollow noopener\" target=\"_blank\">Immu Ilm\u00e9n hy\u00f6kk\u00e4si ex-kustantajaansa vastaan \u2013 erikoinen \u00e4\u00e4ninauhasoppa<\/a><\/p>\n<p>\u2013 Voih tied\u00e4n tunteen 2 parasta yst\u00e4v\u00e4\u00e4 saatellut toiseen maailmaan. Ikuinen ik\u00e4v\u00e4 j\u00e4i. L\u00e4mmin osanottoni suureen, murtavaan suruun, kirjoittaa joku.<\/p>\n<p>\u2013 R.I.P Maire. Lojaali suloisen n\u00e4k\u00f6inen otus nukkuu koiran unta, kommentoi er\u00e4s.<\/p>\n<p>Lue my\u00f6s: <a href=\"https:\/\/www.como.fi\/uutiset\/immu-ilmen-kertoi-surullisia-uutisia-kuoli-eilen\/\" title=\"Immu Ilm\u00e9n kertoi surullisia uutisia \u2013 \u201dKuoli eilen\u201d\" class=\"underline-custom !font-montserrat !font-bold !underline-offset-4 !decoration-4 !decoration-red-600 !text-md\" rel=\"nofollow noopener\" target=\"_blank\">Immu Ilm\u00e9n kertoi surullisia uutisia \u2013 \u201dKuoli eilen\u201d<\/a><\/p>\n<p>Immulle on tullut paljon osanottoja. Joku muistelee, ett\u00e4 koira ei ollut viel\u00e4 kovin vanha. Er\u00e4s kyselee, mit\u00e4 koiralle oikein tapahtui ja Immu on vastannut h\u00e4nelle.<\/p>\n<p>\u2013 Takap\u00e4\u00e4 halvaantu ei j\u00e4\u00e4ny vaihtoehtoja muuta ku piikki, kertoo Immu koiransa kohtalosta.<\/p>\n<p>Immu menetti juuri my\u00f6s is\u00e4ns\u00e4. <\/p>\n<p>\u2013 Is\u00e4 kuoli eilen. L\u00e4\u00e4k\u00e4ri soitti, ett\u00e4 nyt kannattaa tulla, jos haluaa sanoa j\u00e4\u00e4hyv\u00e4iset, kirjoitti Immu elokuun viimeisen\u00e4 p\u00e4iv\u00e4n\u00e4. <\/p>\n<p>Jos upotus ei n\u00e4y, avaa se auki <a href=\"https:\/\/www.instagram.com\/p\/DQeNllegp6l\/?utm_source=ig_web_copy_link&amp;igsh=MzRlODBiNWFlZA==\" target=\"_blank\" rel=\"noreferrer noopener nofollow\">t\u00e4st\u00e4<\/a>.<\/p>\n<p>Lue my\u00f6s: <a href=\"https:\/\/www.como.fi\/tilaa-comon-uutiskirje\/\" title=\"Tilaa Comon uutiskirje ja tied\u00e4t mist\u00e4 kahvitauolla puhutaan! Nappaa kotimaan tv-vinkit ja puheenaiheet suoraan s\u00e4hk\u00f6postiin t\u00e4st\u00e4.\" class=\"underline-custom !font-montserrat !font-bold !underline-offset-4 !decoration-4 !decoration-red-600 !text-md\" rel=\"nofollow noopener\" target=\"_blank\">Tilaa Comon uutiskirje ja tied\u00e4t mist\u00e4 kahvitauolla puhutaan! Nappaa kotimaan tv-vinkit ja puheenaiheet suoraan s\u00e4hk\u00f6postiin t\u00e4st\u00e4.<\/a><\/p>\n<p>\t\t\t\t<script async src=\"\/\/www.instagram.com\/embed.js\"><\/script><\/p>\n","protected":false},"excerpt":{"rendered":"Entinen vapaaottelija Mika \u201dImmu\u201d Ilm\u00e9n kertoo tuoreessa somejulkaisussaan ik\u00e4v\u00e4n uutisen. Se koskee h\u00e4nen koiraansa, joka on kuollut. Koira&hellip;\n","protected":false},"author":2,"featured_media":77631,"comment_status":"","ping_status":"","sticky":false,"template":"","format":"standard","meta":{"footnotes":""},"categories":[136],"tags":[407,137,33,31,30,7356,408,32,109],"class_list":{"0":"post-77630","1":"post","2":"type-post","3":"status-publish","4":"format-standard","5":"has-post-thumbnail","7":"category-julkkikset","8":"tag-celebrities","9":"tag-entertainment","10":"tag-fi","11":"tag-finland","12":"tag-finnish","13":"tag-immu-ilmu00e9n","14":"tag-julkkikset","15":"tag-suomi","16":"tag-viihde"},"share_on_mastodon":{"url":"https:\/\/pubeurope.com\/@fi\/115470941768526678","error":""},"_links":{"self":[{"href":"https:\/\/www.europesays.com\/fi\/wp-json\/wp\/v2\/posts\/77630","targetHints":{"allow":["GET"]}}],"collection":[{"href":"https:\/\/www.europesays.com\/fi\/wp-json\/wp\/v2\/posts"}],"about":[{"href":"https:\/\/www.europesays.com\/fi\/wp-json\/wp\/v2\/types\/post"}],"author":[{"embeddable":true,"href":"https:\/\/www.europesays.com\/fi\/wp-json\/wp\/v2\/users\/2"}],"replies":[{"embeddable":true,"href":"https:\/\/www.europesays.com\/fi\/wp-json\/wp\/v2\/comments?post=77630"}],"version-history":[{"count":0,"href":"https:\/\/www.europesays.com\/fi\/wp-json\/wp\/v2\/posts\/77630\/revisions"}],"wp:featuredmedia":[{"embeddable":true,"href":"https:\/\/www.europesays.com\/fi\/wp-json\/wp\/v2\/media\/77631"}],"wp:attachment":[{"href":"https:\/\/www.europesays.com\/fi\/wp-json\/wp\/v2\/media?parent=77630"}],"wp:term":[{"taxonomy":"category","embeddable":true,"href":"https:\/\/www.europesays.com\/fi\/wp-json\/wp\/v2\/categories?post=77630"},{"taxonomy":"post_tag","embeddable":true,"href":"https:\/\/www.europesays.com\/fi\/wp-json\/wp\/v2\/tags?post=77630"}],"curies":[{"name":"wp","href":"https:\/\/api.w.org\/{rel}","templated":true}]}}