{"id":77678,"date":"2025-10-31T23:00:12","date_gmt":"2025-10-31T23:00:12","guid":{"rendered":"https:\/\/www.europesays.com\/fi\/77678\/"},"modified":"2025-10-31T23:00:12","modified_gmt":"2025-10-31T23:00:12","slug":"tallainen-robin-williams-oli-kuolleiden-runoilijoiden-seura-elokuvan-kuvauksissa-han-ei-seurannut-kasikirjoitusta-vaan-teki-lupia-kyselematta","status":"publish","type":"post","link":"https:\/\/www.europesays.com\/fi\/77678\/","title":{"rendered":"T\u00e4llainen Robin Williams oli Kuolleiden runoilijoiden seura -elokuvan kuvauksissa: &#8221;H\u00e4n ei seurannut k\u00e4sikirjoitusta, vaan teki lupia kyselem\u00e4tt\u00e4&#8221;"},"content":{"rendered":"<p><a href=\"https:\/\/variety.com\/2025\/film\/news\/robin-williams-tossed-out-dead-poets-society-script-ethan-hawke-1236564499\/\" rel=\"nofollow noopener\" target=\"_blank\">Variety<\/a> uutisoi n\u00e4yttelij\u00e4 <strong>Ethan Hawken<\/strong> haastattelusta, jossa n\u00e4yttelij\u00e4 kertoo millaista oli ty\u00f6skennell\u00e4 <strong>Robin Williamsin <\/strong>kanssa Kuolleiden runoilijoiden seura -elokuvassa.<\/p>\n<p>\u201dRobin Williams ei seurannut k\u00e4sikirjoitusta, enk\u00e4 tiennyt, ett\u00e4 niin voi tehd\u00e4. Jos h\u00e4nell\u00e4 oli idea, h\u00e4n vain teki sen lupia kyselem\u00e4tt\u00e4\u201d, Hawke muistelee.<\/p>\n<p>H\u00e4n oli vasta 18-vuotias elokuvan kuvausten aikana. Hawke muistelee, ettei Williams ollut tehnyt juurikaan draamarooleja ennen t\u00e4t\u00e4 elokuvaa.<\/p>\n<p>\u201dOhjaaja <strong>Peter Weir <\/strong>piti siit\u00e4, koska tavoitimme samat pyrkimykset jotka k\u00e4sikirjoituksella oli. Heill\u00e4 oli hyvin erilaiset tavat ty\u00f6skennell\u00e4, mutta he eiv\u00e4t tuominneet tai est\u00e4neet toisiaan, vaan ty\u00f6skenteliv\u00e4t toistensa kanssa.\u201d<\/p>\n<p>Hawke sanoo, ett\u00e4 ei tarvitse pyrki\u00e4 olemaan samanlainen kuin toinen, koska erilaisuus on hyv\u00e4 my\u00f6s luomisprosesseissa.<\/p>\n<p><a href=\"https:\/\/www.episodi.fi\/uutiset\/robin-williams-olisi-tayttanyt-73-vuotta-zak-poika-muisteli-isaansa-sanoilla-jotka-jaavat-kummittelemaan-sieluun-joka-ikinen-viikko\/\" rel=\"nofollow noopener\" target=\"_blank\">Lue my\u00f6s: Robin Williams olisi t\u00e4ytt\u00e4nyt 73 vuotta \u2013 Zak-poika muisteli is\u00e4\u00e4ns\u00e4 sanoilla, jotka j\u00e4\u00e4v\u00e4t kummittelemaan sieluun \u2013 \u201dJoka ikinen viikko\u201d<\/a><\/p>\n<p>Lue my\u00f6s: <a href=\"https:\/\/www.episodi.fi\/uutiskirje\/?uutiskirjemainos=tekstilinkkimainos\" title=\"Tilaa Episodin uutiskirje ja voit voittaa leffalippuja! Nappaa tv-vinkit suoraan s\u00e4hk\u00f6postiin t\u00e4st\u00e4.\" class=\"underline-custom !font-montserrat !font-bold !underline-offset-4 !decoration-4 !decoration-episodi-blue !text-md\" rel=\"nofollow noopener\" target=\"_blank\">Tilaa Episodin uutiskirje ja voit voittaa leffalippuja! Nappaa katseluvinkit suoraan s\u00e4hk\u00f6postiin t\u00e4st\u00e4.<\/a><\/p>\n","protected":false},"excerpt":{"rendered":"Variety uutisoi n\u00e4yttelij\u00e4 Ethan Hawken haastattelusta, jossa n\u00e4yttelij\u00e4 kertoo millaista oli ty\u00f6skennell\u00e4 Robin Williamsin kanssa Kuolleiden runoilijoiden seura&hellip;\n","protected":false},"author":2,"featured_media":77679,"comment_status":"","ping_status":"","sticky":false,"template":"","format":"standard","meta":{"footnotes":""},"categories":[131],"tags":[155,137,8381,33,173,31,30,6302,14867,172,14875,13437,32,109],"class_list":{"0":"post-77678","1":"post","2":"type-post","3":"status-publish","4":"format-standard","5":"has-post-thumbnail","7":"category-elokuvat","8":"tag-elokuvat","9":"tag-entertainment","10":"tag-ethan-hawke","11":"tag-fi","12":"tag-film","13":"tag-finland","14":"tag-finnish","15":"tag-ignostot","16":"tag-kuolleiden-runoilijoiden-seura","17":"tag-movies","18":"tag-peter-weir","19":"tag-robin-williams","20":"tag-suomi","21":"tag-viihde"},"share_on_mastodon":{"url":"https:\/\/pubeurope.com\/@fi\/115471268152619884","error":""},"_links":{"self":[{"href":"https:\/\/www.europesays.com\/fi\/wp-json\/wp\/v2\/posts\/77678","targetHints":{"allow":["GET"]}}],"collection":[{"href":"https:\/\/www.europesays.com\/fi\/wp-json\/wp\/v2\/posts"}],"about":[{"href":"https:\/\/www.europesays.com\/fi\/wp-json\/wp\/v2\/types\/post"}],"author":[{"embeddable":true,"href":"https:\/\/www.europesays.com\/fi\/wp-json\/wp\/v2\/users\/2"}],"replies":[{"embeddable":true,"href":"https:\/\/www.europesays.com\/fi\/wp-json\/wp\/v2\/comments?post=77678"}],"version-history":[{"count":0,"href":"https:\/\/www.europesays.com\/fi\/wp-json\/wp\/v2\/posts\/77678\/revisions"}],"wp:featuredmedia":[{"embeddable":true,"href":"https:\/\/www.europesays.com\/fi\/wp-json\/wp\/v2\/media\/77679"}],"wp:attachment":[{"href":"https:\/\/www.europesays.com\/fi\/wp-json\/wp\/v2\/media?parent=77678"}],"wp:term":[{"taxonomy":"category","embeddable":true,"href":"https:\/\/www.europesays.com\/fi\/wp-json\/wp\/v2\/categories?post=77678"},{"taxonomy":"post_tag","embeddable":true,"href":"https:\/\/www.europesays.com\/fi\/wp-json\/wp\/v2\/tags?post=77678"}],"curies":[{"name":"wp","href":"https:\/\/api.w.org\/{rel}","templated":true}]}}