{"id":77710,"date":"2025-10-31T23:55:09","date_gmt":"2025-10-31T23:55:09","guid":{"rendered":"https:\/\/www.europesays.com\/fi\/77710\/"},"modified":"2025-10-31T23:55:09","modified_gmt":"2025-10-31T23:55:09","slug":"eppu-normaalille-taas-uusi-lisakonsertti-tampereelle-uutissuomalainen","status":"publish","type":"post","link":"https:\/\/www.europesays.com\/fi\/77710\/","title":{"rendered":"Eppu Normaalille taas uusi lis\u00e4konsertti Tampereelle | Uutissuomalainen"},"content":{"rendered":"<p>Keikkailu-uraansa p\u00e4\u00e4tt\u00e4v\u00e4 suomirockin pitk\u00e4n linjan suosikkiyhtye Eppu Normaali julkisti j\u00e4lleen uuden lis\u00e4konsertin Tampereelle Ratinan stadionille ensi elokuulle. Pr-toimisto tiedotti asiasta torstaina.<\/p>\n<p>Uusi konsertti j\u00e4rjestet\u00e4\u00e4n elokuun 6. p\u00e4iv\u00e4n\u00e4. Alun perin Eppujen ilmoitettiin esiintyv\u00e4n Ratinassa vain 8. elokuuta, mutta kun liput varattiin nopeasti loppuun, julkistettiin tieto lis\u00e4keikasta elokuun 7. p\u00e4iv\u00e4lle. Nyt Tampereelle on luvassa siis kolme stadionkeikkaa.<\/p>\n<p>Yhtye aloittaa j\u00e4\u00e4hyv\u00e4iskiertueen tammikuussa konserttisaleista, joissa se esiintyy akustisesti. B\u00e4ndi soittaa my\u00f6s ensi kes\u00e4n festivaaleilla.<\/p>\n<p>Yhtye soittaa my\u00f6s kaksi j\u00e4ttikonserttia Helsingiss\u00e4 kes\u00e4kuussa.<\/p>\n<p>Eppu Normaali ilmoitti viime viikolla, ett\u00e4 se lopettaa julkiset esiintymiset ensi kes\u00e4n j\u00e4lkeen.<\/p>\n<p>\u2013\u2009Uramme huipentuu siis tripla-Ratinaan! rumpali Aku Syrj\u00e4 sanailee pr-toimiston tiedotteessa.<\/p>\n","protected":false},"excerpt":{"rendered":"Keikkailu-uraansa p\u00e4\u00e4tt\u00e4v\u00e4 suomirockin pitk\u00e4n linjan suosikkiyhtye Eppu Normaali julkisti j\u00e4lleen uuden lis\u00e4konsertin Tampereelle Ratinan stadionille ensi elokuulle. Pr-toimisto&hellip;\n","protected":false},"author":2,"featured_media":77711,"comment_status":"","ping_status":"","sticky":false,"template":"","format":"standard","meta":{"footnotes":""},"categories":[130],"tags":[137,33,31,30,104,108,524,47,32,551,712,2599,109],"class_list":{"0":"post-77710","1":"post","2":"type-post","3":"status-publish","4":"format-standard","5":"has-post-thumbnail","7":"category-viihde","8":"tag-entertainment","9":"tag-fi","10":"tag-finland","11":"tag-finnish","12":"tag-helsinki","13":"tag-kulttuuri","14":"tag-kulttuuri-ja-taidetapahtumat-ja-nayttelyt","15":"tag-musiikki","16":"tag-suomi","17":"tag-tampere","18":"tag-tampereen-seutukunta","19":"tag-tapahtumat-ja-tapahtumatiedot","20":"tag-viihde"},"share_on_mastodon":{"url":"https:\/\/pubeurope.com\/@fi\/115471484391167010","error":""},"_links":{"self":[{"href":"https:\/\/www.europesays.com\/fi\/wp-json\/wp\/v2\/posts\/77710","targetHints":{"allow":["GET"]}}],"collection":[{"href":"https:\/\/www.europesays.com\/fi\/wp-json\/wp\/v2\/posts"}],"about":[{"href":"https:\/\/www.europesays.com\/fi\/wp-json\/wp\/v2\/types\/post"}],"author":[{"embeddable":true,"href":"https:\/\/www.europesays.com\/fi\/wp-json\/wp\/v2\/users\/2"}],"replies":[{"embeddable":true,"href":"https:\/\/www.europesays.com\/fi\/wp-json\/wp\/v2\/comments?post=77710"}],"version-history":[{"count":0,"href":"https:\/\/www.europesays.com\/fi\/wp-json\/wp\/v2\/posts\/77710\/revisions"}],"wp:featuredmedia":[{"embeddable":true,"href":"https:\/\/www.europesays.com\/fi\/wp-json\/wp\/v2\/media\/77711"}],"wp:attachment":[{"href":"https:\/\/www.europesays.com\/fi\/wp-json\/wp\/v2\/media?parent=77710"}],"wp:term":[{"taxonomy":"category","embeddable":true,"href":"https:\/\/www.europesays.com\/fi\/wp-json\/wp\/v2\/categories?post=77710"},{"taxonomy":"post_tag","embeddable":true,"href":"https:\/\/www.europesays.com\/fi\/wp-json\/wp\/v2\/tags?post=77710"}],"curies":[{"name":"wp","href":"https:\/\/api.w.org\/{rel}","templated":true}]}}