{"id":77712,"date":"2025-10-31T23:58:15","date_gmt":"2025-10-31T23:58:15","guid":{"rendered":"https:\/\/www.europesays.com\/fi\/77712\/"},"modified":"2025-10-31T23:58:15","modified_gmt":"2025-10-31T23:58:15","slug":"fedilta-odotettu-korkopaatos-powellilta-tiukka-viesti-joulukuun-kokouksesta","status":"publish","type":"post","link":"https:\/\/www.europesays.com\/fi\/77712\/","title":{"rendered":"Fedilt\u00e4 odotettu korkop\u00e4\u00e4t\u00f6s \u2013 Powellilta tiukka viesti joulukuun kokouksesta"},"content":{"rendered":"<p>Yhdysvaltain keskuspankin (Fed) p\u00e4\u00e4johtaja\u00a0<strong>Jerome Powell<\/strong>\u00a0varoitti keskiviikkona, ett\u00e4 sijoittajien on hillitt\u00e4v\u00e4 odotuksia joulukuun koronalennuksesta. Viesti korosti eri\u00e4vi\u00e4 n\u00e4kemyksi\u00e4 ty\u00f6llisyydest\u00e4 ja inflaatiosta keskuspankin p\u00e4\u00e4tt\u00e4jien keskuudessa.<\/p>\n<p>Powell teki selv\u00e4ksi, ett\u00e4 osalle keskuspankkiireista suurin huolenaihe on viilenev\u00e4 ty\u00f6markkina, kun taas toiset Fediss\u00e4 varoittavat, ett\u00e4 sitke\u00e4 inflaatio rajoittaa lis\u00e4kevennysvaraa. Virallisen talousdatan julkaisun keskeytys meneill\u00e4\u00e4n olevan liittovaltion sulun aikana on vain k\u00e4rjist\u00e4nyt n\u00e4kemyseroja.<\/p>\n<p>Powellin kommentit tulivat sen j\u00e4lkeen, kun avomarkkinakomitea (FOMC) \u00e4\u00e4nesti 10\u20132 ohjauskoron tavoitealueen 0,25 prosenttiyksik\u00f6n laskemisesta tasolle 3,75-4,00 prosenttia. Kyseess\u00e4 oli toinen per\u00e4kk\u00e4inen koronlasku, mutta ensimm\u00e4ist\u00e4 kertaa kuuteen vuoteen mielipiteet erosivat molempiin suuntiin \u2013 yksi p\u00e4\u00e4tt\u00e4j\u00e4 kannatti suurempaa laskua ja toinen olisi pit\u00e4nyt korot ennallaan.<\/p>\n<p>\u201dLis\u00e4leikkaus ohjauskorkoon joulukuun kokouksessa ei ole ennalta p\u00e4\u00e4tetty \u2013 kaukana siit\u00e4\u201d, Powell sanoi. My\u00f6hemmin toimittajien kysymyksiin vastatessaan h\u00e4n lis\u00e4si, ett\u00e4 kasvavan joukon mielest\u00e4 ehk\u00e4 juuri nyt pit\u00e4isi odottaa ainakin yksi jakso ennen seuraavaa siirtoa.<\/p>\n<p>Yhdysvaltain valtionlainojen tuottotaso nousi selv\u00e4sti ja dollari vahvistui Powellin kommenttien j\u00e4lkeen: esimerkiksi 10-vuotisen valtionlainan tuotto kohosi j\u00e4lleen yli nelj\u00e4\u00e4n prosenttiin.<\/p>\n<p>Fedin ohjauskoron futuurit hinnoittelevat kokouksen j\u00e4lkeen noin 70 prosentin todenn\u00e4k\u00f6isyytt\u00e4 koronlaskulle joulukuun 9.\u201310. p\u00e4iv\u00e4n kokouksessa, ja noin 30 prosentin todenn\u00e4k\u00f6isyytt\u00e4 sille, ett\u00e4 ohjauskorko pidet\u00e4\u00e4n ennallaan.<\/p>\n<p>\u201dT\u00e4m\u00e4 oli selv\u00e4sti jotain, mit\u00e4 emme odottaneet \u2013 n\u00e4in voimakasta vastareaktiota,\u201d sanoi Barclaysin ekonomisti\u00a0<strong>Pooja Sriram<\/strong>. \u201dYksi asia, joka lehdist\u00f6tilaisuudesta k\u00e4y ilmi, on se, ett\u00e4 he selv\u00e4sti keskustelivat paljon joulukuusta.\u201d<\/p>\n<p>Ty\u00f6markkina on asteittain viilentynyt<\/p>\n<p><a href=\"https:\/\/www.salkunrakentaja.fi\/2025\/09\/fed-laski-ohjauskoron-tavoitetasoa-mita-se-merkitsee-liittovaltion-taloudelle\/\" rel=\"nofollow noopener\" target=\"_blank\">Fed laski ohjauskorkoa ensimm\u00e4ist\u00e4 kertaa t\u00e4n\u00e4 vuonna syyskuussa sen j\u00e4lkeen, kun selv\u00e4 ty\u00f6markkinoiden hidastuminen lis\u00e4si huolia.<\/a> Kokouksen j\u00e4lkeen julkaistut ennusteet osoittivat, ett\u00e4 19 komitean j\u00e4senest\u00e4 9 odotti enint\u00e4\u00e4n yht\u00e4 lis\u00e4laskua t\u00e4lle vuodelle, mukaan lukien seitsem\u00e4n, jotka eiv\u00e4t suosineet lis\u00e4toimia t\u00e4lle vuodelle.<\/p>\n<p>Keskiviikon \u00e4\u00e4nestys oli kolmas per\u00e4kk\u00e4inen kokous, jossa avomarkkinakomitean j\u00e4senet j\u00e4ttiv\u00e4t eri\u00e4v\u00e4n mielipiteen enemmist\u00f6n p\u00e4\u00e4t\u00f6st\u00e4 vastaan \u2013 vastaavaa ei ole n\u00e4hty sitten vuoden 2019.<\/p>\n<p>Powell itse teki selv\u00e4ksi, kummalla puolella h\u00e4n on t\u00e4ll\u00e4 hetkell\u00e4 ty\u00f6llisyys\u2013inflaatio -kaksoismandaatissa. H\u00e4n v\u00e4h\u00e4tteli hintapaineita koskevia huolia ja sanoi, ett\u00e4 Fedill\u00e4 on rooli vastata ty\u00f6markkinan hidastumiseen, vaikka se johtuisi osittain presidentti\u00a0<strong>Donald Trumpin<\/strong>\u00a0maahanmuuttorajoituksista.<\/p>\n<p>\u201dJotkut v\u00e4itt\u00e4v\u00e4t, ett\u00e4 t\u00e4m\u00e4 johtuu tarjonnasta, emmek\u00e4 voi juuri vaikuttaa siihen v\u00e4lineill\u00e4mme\u201d, Powell sanoi. \u201dMutta toiset v\u00e4itt\u00e4v\u00e4t, kuten min\u00e4, ett\u00e4 kysynn\u00e4ll\u00e4 on vaikutus, ja ett\u00e4 meid\u00e4n tulisi k\u00e4ytt\u00e4\u00e4 v\u00e4lineit\u00e4mme ty\u00f6markkinoiden tukemiseksi, kun n\u00e4emme t\u00e4m\u00e4n tapahtuvan.\u201d<\/p>\n<p>Ep\u00e4varmuus koronlaskuista heikent\u00e4\u00e4 Fedin suhteita Valkoiseen taloon<\/p>\n<p>Jos Powellin varovaisuus joulukuun suhteen ennakoi taukoa koronlaskuissa, se l\u00e4hes varmasti lis\u00e4\u00e4 j\u00e4nnitteit\u00e4 Valkoisen talon kanssa, kun Trump jatkaa Powellin arvostelua siit\u00e4, ettei t\u00e4m\u00e4 laske korkoja tarpeeksi nopeasti. Trumpin hy\u00f6kk\u00e4ykset ovat jo lis\u00e4nneet huolta keskuspankin tulevasta riippumattomuudesta.<\/p>\n<p><strong>Joe Brusuelas<\/strong>, RSM US:n p\u00e4\u00e4ekonomisti, kertoikin odottavansa, ett\u00e4 eri\u00e4v\u00e4t mielipiteet ovat l\u00e4hes pysyv\u00e4 osa kokouksia jatkossa, varsinkin sen j\u00e4lkeen, kun seuraavat Fedin avomarkkinakomitean j\u00e4senet aloittavat teht\u00e4v\u00e4ns\u00e4 ensi vuonna.\u00a0<\/p>\n<p>\u201dPolitiikan suunnasta tulee runsaasti erilaisia n\u00e4kemyksi\u00e4, kun otetaan huomioon Valkoisen talon linjaukset, Fediin kohdistuva paine muokata politiikkaa sen toiveiden mukaiseksi ja merkitt\u00e4v\u00e4t erimielisyydet inflaatioon liittyvist\u00e4 riskeist\u00e4 ja talousn\u00e4kymist\u00e4\u201d, Brusuelas sanoi.<\/p>\n","protected":false},"excerpt":{"rendered":"Yhdysvaltain keskuspankin (Fed) p\u00e4\u00e4johtaja\u00a0Jerome Powell\u00a0varoitti keskiviikkona, ett\u00e4 sijoittajien on hillitt\u00e4v\u00e4 odotuksia joulukuun koronalennuksesta. Viesti korosti eri\u00e4vi\u00e4 n\u00e4kemyksi\u00e4 ty\u00f6llisyydest\u00e4&hellip;\n","protected":false},"author":2,"featured_media":77713,"comment_status":"","ping_status":"","sticky":false,"template":"","format":"standard","meta":{"footnotes":""},"categories":[76],"tags":[79,77,16455,33,31,30,32,78,16456,4669],"class_list":{"0":"post-77712","1":"post","2":"type-post","3":"status-publish","4":"format-standard","5":"has-post-thumbnail","7":"category-talous","8":"tag-business","9":"tag-economy","10":"tag-fedin-korkokokous","11":"tag-fi","12":"tag-finland","13":"tag-finnish","14":"tag-suomi","15":"tag-talous","16":"tag-tyomarkkina","17":"tag-yhdysvaltain-talous"},"share_on_mastodon":{"url":"https:\/\/pubeurope.com\/@fi\/115471496334633963","error":""},"_links":{"self":[{"href":"https:\/\/www.europesays.com\/fi\/wp-json\/wp\/v2\/posts\/77712","targetHints":{"allow":["GET"]}}],"collection":[{"href":"https:\/\/www.europesays.com\/fi\/wp-json\/wp\/v2\/posts"}],"about":[{"href":"https:\/\/www.europesays.com\/fi\/wp-json\/wp\/v2\/types\/post"}],"author":[{"embeddable":true,"href":"https:\/\/www.europesays.com\/fi\/wp-json\/wp\/v2\/users\/2"}],"replies":[{"embeddable":true,"href":"https:\/\/www.europesays.com\/fi\/wp-json\/wp\/v2\/comments?post=77712"}],"version-history":[{"count":0,"href":"https:\/\/www.europesays.com\/fi\/wp-json\/wp\/v2\/posts\/77712\/revisions"}],"wp:featuredmedia":[{"embeddable":true,"href":"https:\/\/www.europesays.com\/fi\/wp-json\/wp\/v2\/media\/77713"}],"wp:attachment":[{"href":"https:\/\/www.europesays.com\/fi\/wp-json\/wp\/v2\/media?parent=77712"}],"wp:term":[{"taxonomy":"category","embeddable":true,"href":"https:\/\/www.europesays.com\/fi\/wp-json\/wp\/v2\/categories?post=77712"},{"taxonomy":"post_tag","embeddable":true,"href":"https:\/\/www.europesays.com\/fi\/wp-json\/wp\/v2\/tags?post=77712"}],"curies":[{"name":"wp","href":"https:\/\/api.w.org\/{rel}","templated":true}]}}