{"id":77716,"date":"2025-11-01T00:00:11","date_gmt":"2025-11-01T00:00:11","guid":{"rendered":"https:\/\/www.europesays.com\/fi\/77716\/"},"modified":"2025-11-01T00:00:11","modified_gmt":"2025-11-01T00:00:11","slug":"uutistoimisto-keskustapuolue-voitti-hollannin-vaalit-uutisia-lyhyesti","status":"publish","type":"post","link":"https:\/\/www.europesays.com\/fi\/77716\/","title":{"rendered":"Uutistoimisto: Keskustapuolue voitti Hollannin vaalit | Uutisia lyhyesti"},"content":{"rendered":"<p class=\"aw-1gybjub aw-5vja16 ghpEtB kjanFo yle__article__paragraph\">Vaalien lopullisia ja virallisia tuloksia odotetaan aikaisintaan maanantaina.<\/p>\n<p><img decoding=\"async\" alt=\"Median edustajien ymp\u00e4r\u00f6im\u00e4 Rob Jetten pitelee nyrkki\u00e4\u00e4n pystyss\u00e4.\" src=\"https:\/\/www.europesays.com\/fi\/wp-content\/uploads\/2025\/11\/39-15470606904bd69894bb.jpeg\" class=\"aw-1l9m598 hKVVvP\"\/><\/p>\n<p>Avaa kuvien katselu<\/p>\n<p>D66:n johtaja Rob Jetten puhui toimittajille Alankomaiden parlamentissa Haagissa torstaina. Kuva: Simon Wohlfahrt \/ AFP<\/p>\n<p class=\"aw-1gybjub aw-1p7kakr ghpEtB jtovHP yle__article__paragraph\">Hollannissa D66-keskustapuolue on voittanut vaalit, kertoi hollantilainen ANP-uutistoimisto perjantaina. Uutistoimiston mukaan puolueen etumatka <strong class=\"aw-ak79eh KyCXm yle__article__strong\">Geert Wildersin<\/strong> johtamaan laitaoikeiston vapauspuolueeseen (PVV) on tavoittamaton, vaikka \u00e4\u00e4ntenlasku on edelleen kesken.<\/p>\n<p class=\"aw-1gybjub aw-1p7kakr ghpEtB jtovHP yle__article__paragraph\">Laskematta oli viel\u00e4 yksi vaalipiiri ja ulkomailla annetut posti\u00e4\u00e4net. Lopullisia virallisia tuloksia odotetaan aikaisintaan maanantaina.<\/p>\n<p class=\"aw-1gybjub aw-1p7kakr ghpEtB jtovHP yle__article__paragraph\">Toissap\u00e4iv\u00e4n\u00e4 pidetyt vaalit olivat eritt\u00e4in tiukat. D66-puolueen johto vapauspuolueeseen on ollut vain runsaat 15 000 \u00e4\u00e4nt\u00e4.<\/p>\n<p class=\"aw-1gybjub aw-1p7kakr ghpEtB jtovHP yle__article__paragraph\">Suurin puolue aloittaa perinteisesti hallitustunnustelut, ja sen johtajalla on parhaat mahdollisuudet nousta p\u00e4\u00e4ministeriksi. Vaikka vapauspuolue voittaisi vaalit, Wildersi\u00e4 ei silti n\u00e4ht\u00e4ne p\u00e4\u00e4ministerin\u00e4, sill\u00e4 kaikki muut puolueet ovat kielt\u00e4ytyneet hallitusyhteisty\u00f6st\u00e4 PVV:n kanssa.<\/p>\n<p class=\"aw-1gybjub aw-1p7kakr ghpEtB jtovHP yle__article__paragraph\">Hollannin hallitus kaatui kes\u00e4kuussa, koska vapauspuolue l\u00e4hti hallituksesta maahanmuuttokysymysten takia.<\/p>\n","protected":false},"excerpt":{"rendered":"Vaalien lopullisia ja virallisia tuloksia odotetaan aikaisintaan maanantaina. Avaa kuvien katselu D66:n johtaja Rob Jetten puhui toimittajille Alankomaiden&hellip;\n","protected":false},"author":2,"featured_media":77717,"comment_status":"","ping_status":"","sticky":false,"template":"","format":"standard","meta":{"footnotes":""},"categories":[12],"tags":[22,23,26,27,33,31,30,17,5604,24,25,28,29,15,18,21,32,19,20,56,16,2196],"class_list":{"0":"post-77716","1":"post","2":"type-post","3":"status-publish","4":"format-standard","5":"has-post-thumbnail","7":"category-suomi","8":"tag-breaking-news","9":"tag-breakingnews","10":"tag-featured-news","11":"tag-featurednews","12":"tag-fi","13":"tag-finland","14":"tag-finnish","15":"tag-headlines","16":"tag-hollanti","17":"tag-latest-news","18":"tag-latestnews","19":"tag-main-news","20":"tag-mainnews","21":"tag-news","22":"tag-otsikot","23":"tag-paauutiset","24":"tag-suomi","25":"tag-top-stories","26":"tag-topstories","27":"tag-ulkomaat","28":"tag-uutiset","29":"tag-vaalit"},"share_on_mastodon":{"url":"https:\/\/pubeurope.com\/@fi\/115471504177452126","error":""},"_links":{"self":[{"href":"https:\/\/www.europesays.com\/fi\/wp-json\/wp\/v2\/posts\/77716","targetHints":{"allow":["GET"]}}],"collection":[{"href":"https:\/\/www.europesays.com\/fi\/wp-json\/wp\/v2\/posts"}],"about":[{"href":"https:\/\/www.europesays.com\/fi\/wp-json\/wp\/v2\/types\/post"}],"author":[{"embeddable":true,"href":"https:\/\/www.europesays.com\/fi\/wp-json\/wp\/v2\/users\/2"}],"replies":[{"embeddable":true,"href":"https:\/\/www.europesays.com\/fi\/wp-json\/wp\/v2\/comments?post=77716"}],"version-history":[{"count":0,"href":"https:\/\/www.europesays.com\/fi\/wp-json\/wp\/v2\/posts\/77716\/revisions"}],"wp:featuredmedia":[{"embeddable":true,"href":"https:\/\/www.europesays.com\/fi\/wp-json\/wp\/v2\/media\/77717"}],"wp:attachment":[{"href":"https:\/\/www.europesays.com\/fi\/wp-json\/wp\/v2\/media?parent=77716"}],"wp:term":[{"taxonomy":"category","embeddable":true,"href":"https:\/\/www.europesays.com\/fi\/wp-json\/wp\/v2\/categories?post=77716"},{"taxonomy":"post_tag","embeddable":true,"href":"https:\/\/www.europesays.com\/fi\/wp-json\/wp\/v2\/tags?post=77716"}],"curies":[{"name":"wp","href":"https:\/\/api.w.org\/{rel}","templated":true}]}}