{"id":77718,"date":"2025-11-01T00:01:08","date_gmt":"2025-11-01T00:01:08","guid":{"rendered":"https:\/\/www.europesays.com\/fi\/77718\/"},"modified":"2025-11-01T00:01:08","modified_gmt":"2025-11-01T00:01:08","slug":"miikka-muurisella-taas-tyly-kohtalo","status":"publish","type":"post","link":"https:\/\/www.europesays.com\/fi\/77718\/","title":{"rendered":"Miikka Muurisella taas tyly kohtalo"},"content":{"rendered":"<p>Partizan h\u00e4visi dramaattisesti. <\/p>\n<p><img decoding=\"async\" class=\"image image-show image-preview\" src=\"https:\/\/www.europesays.com\/fi\/wp-content\/uploads\/2025\/11\/bac1dfad3a27d051fc16c39ceaeb669ba3b964929022bd2e74e5ced64a5b518c.jpg\" alt=\"\"\/><img decoding=\"async\" class=\"image image-show\" src=\"https:\/\/www.europesays.com\/fi\/wp-content\/uploads\/2025\/11\/1761955268_828_bac1dfad3a27d051fc16c39ceaeb669ba3b964929022bd2e74e5ced64a5b518c.jpg\" alt=\"\"\/><\/p>\n<p> Miikka Muurinen ei saa vastuuta Euroliigassa.  AOP<\/p>\n<p class=\"paragraph\">Vaihtopenkki on tullut <strong>Miikka Muuriselle<\/strong> tutuksi Euroliigan otteluissa.<\/p>\n<p class=\"paragraph\">Suomen koripallolupaus katseli koko ottelun kent\u00e4n reunalta, kun Partizan h\u00e4visi Barcelonalle kotonaan pistein 78\u201376.<\/p>\n<p class=\"paragraph\">Ottelu p\u00e4\u00e4ttyi kotiyleis\u00f6\u00e4 j\u00e4rkytt\u00e4neell\u00e4 tavalla, kun <strong>Will Clyburn<\/strong> upotti kaukaa kaaren takaa kolmosen, jonka ansiosta Barcelona nousi johtoon. Partizan sai viel\u00e4 yhden hy\u00f6kk\u00e4yksen aikaiseksi, mutta ei onnistunut tekem\u00e4\u00e4n koria.<\/p>\n<p class=\"paragraph\">Katalonialaisten ja koko ottelun tehokkain oli 24 pistett\u00e4 pussittanut <strong>Tornike Shengelia<\/strong>.<strong\/><\/p>\n<p class=\"paragraph\">Muurinen on nyt j\u00e4\u00e4nyt ilman peliaikaa kahdessa per\u00e4kk\u00e4isess\u00e4 Euroliigan ottelussa. Minuutit ovat muutenkin olleet tiukassa Euroopan k\u00e4rkiliigassa, sill\u00e4 viiden ottelun j\u00e4lkeen suomalainen suurin vastuu on ollut 3.35 minuutin peliaika Baskoniaa vastaan kaksi viikkoa sitten.<\/p>\n<p class=\"paragraph\">Adrianmeren liigassa Muurinen on saanut enemm\u00e4n luottoa p\u00e4\u00e4valmentaja <strong>\u017deljko Obradovi\u0107ilta<\/strong>.<\/p>\n","protected":false},"excerpt":{"rendered":"Partizan h\u00e4visi dramaattisesti. Miikka Muurinen ei saa vastuuta Euroliigassa. AOP Vaihtopenkki on tullut Miikka Muuriselle tutuksi Euroliigan otteluissa.&hellip;\n","protected":false},"author":2,"featured_media":77719,"comment_status":"","ping_status":"","sticky":false,"template":"","format":"standard","meta":{"footnotes":""},"categories":[5],"tags":[35,22,23,26,27,33,31,30,17,43,42,24,25,41,28,29,15,18,21,32,19,20,2957,161,16],"class_list":{"0":"post-77718","1":"post","2":"type-post","3":"status-publish","4":"format-standard","5":"has-post-thumbnail","7":"category-otsikot","8":"tag-24h","9":"tag-breaking-news","10":"tag-breakingnews","11":"tag-featured-news","12":"tag-featurednews","13":"tag-fi","14":"tag-finland","15":"tag-finnish","16":"tag-headlines","17":"tag-jalkapallo","18":"tag-jalkapalloon-perustuvat-lajit","19":"tag-latest-news","20":"tag-latestnews","21":"tag-liikunta-ja-urheilu","22":"tag-main-news","23":"tag-mainnews","24":"tag-news","25":"tag-otsikot","26":"tag-paauutiset","27":"tag-suomi","28":"tag-top-stories","29":"tag-topstories","30":"tag-urheilujarjestot","31":"tag-urheilutapahtumat","32":"tag-uutiset"},"share_on_mastodon":{"url":"https:\/\/pubeurope.com\/@fi\/115471508059075123","error":""},"_links":{"self":[{"href":"https:\/\/www.europesays.com\/fi\/wp-json\/wp\/v2\/posts\/77718","targetHints":{"allow":["GET"]}}],"collection":[{"href":"https:\/\/www.europesays.com\/fi\/wp-json\/wp\/v2\/posts"}],"about":[{"href":"https:\/\/www.europesays.com\/fi\/wp-json\/wp\/v2\/types\/post"}],"author":[{"embeddable":true,"href":"https:\/\/www.europesays.com\/fi\/wp-json\/wp\/v2\/users\/2"}],"replies":[{"embeddable":true,"href":"https:\/\/www.europesays.com\/fi\/wp-json\/wp\/v2\/comments?post=77718"}],"version-history":[{"count":0,"href":"https:\/\/www.europesays.com\/fi\/wp-json\/wp\/v2\/posts\/77718\/revisions"}],"wp:featuredmedia":[{"embeddable":true,"href":"https:\/\/www.europesays.com\/fi\/wp-json\/wp\/v2\/media\/77719"}],"wp:attachment":[{"href":"https:\/\/www.europesays.com\/fi\/wp-json\/wp\/v2\/media?parent=77718"}],"wp:term":[{"taxonomy":"category","embeddable":true,"href":"https:\/\/www.europesays.com\/fi\/wp-json\/wp\/v2\/categories?post=77718"},{"taxonomy":"post_tag","embeddable":true,"href":"https:\/\/www.europesays.com\/fi\/wp-json\/wp\/v2\/tags?post=77718"}],"curies":[{"name":"wp","href":"https:\/\/api.w.org\/{rel}","templated":true}]}}