{"id":77730,"date":"2025-11-01T00:26:09","date_gmt":"2025-11-01T00:26:09","guid":{"rendered":"https:\/\/www.europesays.com\/fi\/77730\/"},"modified":"2025-11-01T00:26:09","modified_gmt":"2025-11-01T00:26:09","slug":"toimittaja-saa-taysin-tarpeekseen-politiikan-puskaradiossa-raju-avautuminen-suomalaisesta-klubista","status":"publish","type":"post","link":"https:\/\/www.europesays.com\/fi\/77730\/","title":{"rendered":"Toimittaja saa t\u00e4ysin tarpeekseen Politiikan puskaradiossa \u2013 Raju avautuminen Suomalaisesta Klubista"},"content":{"rendered":"<p>Politiikan puskaradiossa k\u00e4yd\u00e4\u00e4n l\u00e4pi Suomalaisen Klubin tuore linjaus pysy\u00e4 edelleen herrakerhona sek\u00e4 p\u00e4\u00e4ministerin toivopuheet.<\/p>\n<p class=\"paragraph\"><a href=\"https:\/\/open.spotify.com\/show\/4STiZ2HTMRcPSAM1QpBOC2?si=d8980526205c4541\" rel=\"noopener nofollow\" target=\"_blank\">Politiikan puskaradio<\/a> -podcastissa ruoditaan perin pohjin herrakerhon sis\u00e4ist\u00e4 kriisi\u00e4, kun Suomalainen Klubi p\u00e4\u00e4tti kokouksessaan olla avaamatta j\u00e4senyytt\u00e4 my\u00f6s naisille. Aihe nostatti Puskaradion studiossa l\u00e4mm\u00f6t kattoon.<\/p>\n<p class=\"paragraph\">\u2013\u2009Kaikki kynnelle kykenev\u00e4t sosiaalisessa mediassa ilmoittivat, ett\u00e4 aikovat erota. Siell\u00e4 oli <strong>Lasse Lehtist\u00e4<\/strong> ja kumppaneita. Entinen Ylen pomo <strong>Merja Yl\u00e4-Anttila<\/strong> totesi, ett\u00e4 t\u00e4m\u00e4 on ajankuva. Jengi hyppi suurin piirtein seinille, politiikan toimittaja <strong>Mika Koskinen<\/strong> linjaa.<\/p>\n<p class=\"paragraph\">Koskinen sanoo, ett\u00e4 yhdistyksen j\u00e4senten on t\u00e4ytynyt ymm\u00e4rt\u00e4\u00e4, millaiseen yhdistykseen he ovat liittyneet.<\/p>\n<p class=\"paragraph\">\u2013\u2009En ymm\u00e4rr\u00e4 t\u00e4t\u00e4 itkemist\u00e4 julkisuudessa, ett\u00e4 ensin menty yhdistykseen ja nyt yhdistyksen s\u00e4\u00e4nn\u00f6t on jotenkin v\u00e4\u00e4r\u00e4t, Koskinen t\u00e4r\u00e4ytt\u00e4\u00e4.<\/p>\n<p class=\"paragraph\">Klubin johtoryhm\u00e4 oli laittanut koko arvovaltansa peliin kokouksen alla ilmoittamalla j\u00e4senist\u00f6lleen, ett\u00e4 yhdeks\u00e4n hengen johtoryhm\u00e4st\u00e4 kahdeksan eroaisi, mik\u00e4li j\u00e4senyytt\u00e4 ei avata naisille. Asiaa on ajanut etenkin kerhon puheenjohtaja <strong>Veli-Pekka Dufva<\/strong>.<\/p>\n<p class=\"paragraph\"><a href=\"https:\/\/www.iltalehti.fi\/kotimaa\/05eb7572-cd80-4a99-87d7-0c61a1ce0a7f\" rel=\"nofollow noopener\" target=\"_blank\">\u00c4\u00e4nestyksess\u00e4 66,5 prosenttia<\/a> j\u00e4senist\u00e4 kannatti s\u00e4\u00e4nt\u00f6jen muuttamista, jotta naiset saadaan mukaan. Muutos ei mennyt l\u00e4pi, sill\u00e4 se olisi edellytt\u00e4nyt 75 prosentin tukea.<\/p>\n<p class=\"paragraph\">Moni on kommentoinut p\u00e4\u00e4t\u00f6st\u00e4 julkisesti. Esimerkiksi kirjailija <strong>Jari Tervo<\/strong> kertoi eronneensa klubista p\u00e4\u00e4t\u00f6ksen my\u00f6t\u00e4.<\/p>\n<p class=\"paragraph\">\u2013\u2009Siin\u00e4 on kans&#8230; T\u00e4m\u00e4 mun mielest\u00e4 kertoo koko kuvion. Mink\u00e4 takia jonkun Jari Tervon t\u00e4ytyy ottaa kantaa Suomalaisen Klubin asioihin, Koskinen lataa.<\/p>\n<p class=\"paragraph\">\u2013\u2009M\u00e4 luulen, ett\u00e4 Tervolla ja kumppaneilla ei ole mit\u00e4\u00e4n muuta t\u00e4ss\u00e4 kuin tyhm\u00e4ll\u00e4 tavalla nuoleskella naisia.<\/p>\n<p>Huru-ukkojen kerho<\/p>\n<p class=\"paragraph\">Jakson juontajana toimiva politiikan toimittaja <strong>Jari Hanska<\/strong> yritt\u00e4\u00e4 ep\u00e4toivoisesti selitt\u00e4\u00e4, ett\u00e4 ajat muuttuvat ja samalla n\u00e4kemykset siit\u00e4, millaisena j\u00e4senet haluavat kerhonsa s\u00e4\u00e4nt\u00f6jen olevan. My\u00f6s politiikan toimittaja <strong>Minna Karkkola<\/strong> arvioi, ett\u00e4 kerhoon kasautunut paljon vaikutusvaltaisia henkil\u00f6it\u00e4.<\/p>\n<p class=\"paragraph\">\u2013\u2009Se on huru-ukkojen kerho. Oikeasti siell\u00e4 ei ole mit\u00e4\u00e4n vallanpit\u00e4ji\u00e4, Koskinen sanoo.<\/p>\n<p class=\"paragraph\">\u2013\u2009Ai siell\u00e4 ei tehd\u00e4 mit\u00e4\u00e4n diilej\u00e4 vai, Karkkola kysyy.<\/p>\n<p class=\"paragraph\">\u2013 Siell\u00e4 on ollut yhteiskunnan poliittinen ja taloudellinen eliitti. Nyt siell\u00e4 on l\u00e4hinn\u00e4 kiinteist\u00f6v\u00e4litt\u00e4ji\u00e4 ja autokauppiaita, Koskinen luonnehtii klubia.<\/p>\n<p class=\"paragraph\">Edellisen kerran s\u00e4\u00e4nt\u00f6muutosta ajettiin vuosi sitten. Tuolloin joukko klubin j\u00e4seni\u00e4 vaati ylim\u00e4\u00e4r\u00e4ist\u00e4 kokousta asian p\u00e4\u00e4tt\u00e4miseksi. Joukossa oli muun muassa presidentti <strong>Sauli Niinist\u00f6<\/strong>, ex-diplomaatti <strong>Jaakko Iloniemi<\/strong>, yritysjohtaja <strong>Peter Fagern\u00e4s<\/strong> ja kirjailija Lasse Lehtinen.<\/p>\n<p class=\"paragraph\">Muutosta ei tuolloinkaan hyv\u00e4ksytty.<\/p>\n<p class=\"paragraph\">Lis\u00e4ksi Puskaradiossa k\u00e4yd\u00e4\u00e4n l\u00e4pi sosiaali- ja terveysministeri <strong>Kaisa Juuson<\/strong> (ps) avustajakohun k\u00e4\u00e4nteet sek\u00e4 p\u00e4\u00e4ministeri <strong>Petteri Orpon<\/strong> (kok) toivopuheeet.<\/p>\n<p class=\"paragraph\">Viikon vitsiss\u00e4 tarjoillaan Yhdysvaltain presidentille herkullista ruokaa.<\/p>\n<p class=\"paragraph\"><a href=\"https:\/\/open.spotify.com\/show\/4STiZ2HTMRcPSAM1QpBOC2?si=d8980526205c4541\" rel=\"noopener nofollow\" target=\"_blank\">Politiikan puskaradiossa<\/a> Iltalehden politiikan toimittajat k\u00e4yv\u00e4t l\u00e4pi viikon kuumimmat puheenaiheet ja juorut. Uusi jakso julkaistaan perjantaisin.<\/p>\n","protected":false},"excerpt":{"rendered":"Politiikan puskaradiossa k\u00e4yd\u00e4\u00e4n l\u00e4pi Suomalaisen Klubin tuore linjaus pysy\u00e4 edelleen herrakerhona sek\u00e4 p\u00e4\u00e4ministerin toivopuheet. Politiikan puskaradio -podcastissa ruoditaan&hellip;\n","protected":false},"author":2,"featured_media":77731,"comment_status":"","ping_status":"","sticky":false,"template":"","format":"standard","meta":{"footnotes":""},"categories":[12],"tags":[35,22,23,26,27,33,31,30,17,24,25,28,29,15,18,21,142,637,886,885,887,32,19,20,16],"class_list":{"0":"post-77730","1":"post","2":"type-post","3":"status-publish","4":"format-standard","5":"has-post-thumbnail","7":"category-suomi","8":"tag-24h","9":"tag-breaking-news","10":"tag-breakingnews","11":"tag-featured-news","12":"tag-featurednews","13":"tag-fi","14":"tag-finland","15":"tag-finnish","16":"tag-headlines","17":"tag-latest-news","18":"tag-latestnews","19":"tag-main-news","20":"tag-mainnews","21":"tag-news","22":"tag-otsikot","23":"tag-paauutiset","24":"tag-poliitikot","25":"tag-politiikka","26":"tag-puolueet","27":"tag-suomen-poliittiset-puolueet","28":"tag-suomen-politiikka","29":"tag-suomi","30":"tag-top-stories","31":"tag-topstories","32":"tag-uutiset"},"share_on_mastodon":{"url":"https:\/\/pubeurope.com\/@fi\/115471606341102877","error":""},"_links":{"self":[{"href":"https:\/\/www.europesays.com\/fi\/wp-json\/wp\/v2\/posts\/77730","targetHints":{"allow":["GET"]}}],"collection":[{"href":"https:\/\/www.europesays.com\/fi\/wp-json\/wp\/v2\/posts"}],"about":[{"href":"https:\/\/www.europesays.com\/fi\/wp-json\/wp\/v2\/types\/post"}],"author":[{"embeddable":true,"href":"https:\/\/www.europesays.com\/fi\/wp-json\/wp\/v2\/users\/2"}],"replies":[{"embeddable":true,"href":"https:\/\/www.europesays.com\/fi\/wp-json\/wp\/v2\/comments?post=77730"}],"version-history":[{"count":0,"href":"https:\/\/www.europesays.com\/fi\/wp-json\/wp\/v2\/posts\/77730\/revisions"}],"wp:featuredmedia":[{"embeddable":true,"href":"https:\/\/www.europesays.com\/fi\/wp-json\/wp\/v2\/media\/77731"}],"wp:attachment":[{"href":"https:\/\/www.europesays.com\/fi\/wp-json\/wp\/v2\/media?parent=77730"}],"wp:term":[{"taxonomy":"category","embeddable":true,"href":"https:\/\/www.europesays.com\/fi\/wp-json\/wp\/v2\/categories?post=77730"},{"taxonomy":"post_tag","embeddable":true,"href":"https:\/\/www.europesays.com\/fi\/wp-json\/wp\/v2\/tags?post=77730"}],"curies":[{"name":"wp","href":"https:\/\/api.w.org\/{rel}","templated":true}]}}